{"id":549424,"date":"2025-11-21T15:59:30","date_gmt":"2025-11-21T15:59:30","guid":{"rendered":"https:\/\/www.europesays.com\/fr\/549424\/"},"modified":"2025-11-21T15:59:30","modified_gmt":"2025-11-21T15:59:30","slug":"rennes-les-enseignants-agaces-par-le-manque-de-reaction-du-rectorat","status":"publish","type":"post","link":"https:\/\/www.europesays.com\/fr\/549424\/","title":{"rendered":"Rennes. Les enseignants agac\u00e9s par \u00ab\u00a0le manque de r\u00e9action du Rectorat\u00a0\u00bb"},"content":{"rendered":"<p class=\"block date\" id=\"dateEtAuteur\">Publi\u00e9 : 14h54 &#8211; Modifi\u00e9 : 15h02 Dolor\u00e8s  CHARLES <\/p>\n<p><img decoding=\"async\" class=\"\" style=\"width:100%\" src=\"https:\/\/www.europesays.com\/fr\/wp-content\/uploads\/2025\/11\/pancarte_pos_e_devant_l__cole1763731262241.jpg\" alt=\"Ecole Cl\u00f4teaux de Rennes\"\/><\/p>\n<p>Ecole Cl\u00f4teaux de Rennes<\/p>\n<p>Cr\u00e9dit : Charles Guyard<\/p>\n<p>Quelques 150 personnes se sont rassembl\u00e9es ce vendredi matin devant les grilles de l&rsquo;\u00e9cole maternelle Cloteaux, \u00e0 Rennes. Une \u00e9cole ferm\u00e9e en soutien au directeur et enseignant, menac\u00e9 de mort par une famille. <\/p>\n<p>Enseignants, parents d&rsquo;\u00e9l\u00e8ves, \u00e9lus&#8230; \u00e9taient rassembl\u00e9s devant l&rsquo;\u00e9cole Cloteaux de Rennes, ce vendredi (21 novembre). Les grilles \u00e9taient ferm\u00e9es car l&rsquo;\u00e9quipe p\u00e9dagogique s&rsquo;est mise en gr\u00e8ve en soutien au directeur, menac\u00e9 de mort par un papa qui exigeait que son enfant change de classe pour ne pas avoir \u00e0 faire \u00e0 un instituteur mais une institutrice.<\/p>\n<p>\u00a0<\/p>\n<p><img loading=\"lazy\" decoding=\"async\" style=\"display: block; margin-left: auto; margin-right: auto;\" src=\"https:\/\/www.europesays.com\/fr\/wp-content\/uploads\/2025\/11\/dFIuphwLl1.jpeg\" alt=\"\" width=\"660\" height=\"372\"\/><\/p>\n<p style=\"text-align: center;\">Tanguy Jouault de l&rsquo;UNSA et Mickael Bezard de FO<\/p>\n<p>\u00a0<\/p>\n<p>Des menaces a priori sans fondement religieux, qui ont choqu\u00e9 la communaut\u00e9 \u00e9ducative, surtout agac\u00e9e par le manque de r\u00e9action du Rectorat, comme le d\u00e9plore Tanguy Jouault, Secr\u00e9taire acad\u00e9mique du syndicat UNSA \u00e0 Rennes. \u00ab\u00a0<strong>Ce qui nous chagrine c&rsquo;est la dur\u00e9e du dossier, c&rsquo;est trop long. On pourra dire qu&rsquo;il y a des r\u00e8gles \u00e0 respecter mais parfois il faut des proc\u00e9dures d&rsquo;urgence,<\/strong> et que les r\u00e8gles il faut les acc\u00e9l\u00e9rer pour qu&rsquo;une solution soit trouv\u00e9e. Il y aura forc\u00e9ment une \u00e9volution juridique \u00e0 trouver, mais h\u00e9las il faut une r\u00e9p\u00e9tition de drames pour que cela avance&#8230; c&rsquo;est triste !\u00a0\u00bb<\/p>\n<p>Tanguy Jouault, du syndicat UNSA \u00e0 RennesTanguy Jouault, du syndicat UNSA \u00e0 Rennes<\/p>\n<p>Cr\u00e9dit : Charles Guyard<\/p>\n<p>Les syndicats enseignants ne sont pas vraiment \u00e9tonn\u00e9s, ils sont de plus en plus sollicit\u00e9s pour g\u00e9rer ce genre de conflits, admet Tanguy Jouault (UNSA). \u00ab\u00a0De plus en plus de coll\u00e8gues sont remis en cause, et il y a des intimidations, et des plaintes injustifi\u00e9es.\u00a0\u00c7a peut \u00eatre sur un contenu d&rsquo;enseignement, sur une mesure qu&rsquo;un enseignant a pris \u00e0 bon escient dans la classe ou sur la cour de r\u00e9cr\u00e9, sur des d\u00e9cisions d&rsquo;\u00e9cole qui peuvent \u00eatre contest\u00e9es&#8230;<strong>\u00a0On a l&rsquo;impression que tout le monde veut se m\u00ealer de l&rsquo;\u00e9cole et que tout le monde a son mot \u00e0 dire a<\/strong><strong>lors que l&rsquo;\u00e9cole doit \u00eatre un sanctuaire prot\u00e9g\u00e9 pour les enfants d&rsquo;abord, pour les enseignants, mais aussi pour les parents et la soci\u00e9t\u00e9.\u00a0\u00bb<\/strong><\/p>\n<p>\u00a0<\/p>\n<blockquote><p>\n\u00ab\u00a0Le r\u00f4le de nos chefs est de nous d\u00e9fendre !\u00a0\u00bb\n<\/p><\/blockquote>\n<p>\u00a0<\/p>\n<p>La communaut\u00e9 \u00e9ducative pr\u00e9sente \u00e9tait surtout agac\u00e9e par le manque de r\u00e9action du Rectorat, comme certains enseignants nous l&rsquo;ont confi\u00e9s. \u00ab\u00a0La hi\u00e9rarchie nous a donn\u00e9 des r\u00e9ponses qui pour nous n&rsquo;\u00e9taient pas ad\u00e9quates au vu de la situation, d&rsquo;o\u00f9 ce mouveent de gr\u00e8ve. On veut une r\u00e9ponse en lien avec la gravit\u00e9 des faits&#8230; <strong>J&rsquo;ai eu une fois des menaces de mort dans ma carri\u00e8re et j&rsquo;avais eu le soutien n\u00e9cessaire mais c&rsquo;est \u00e7a que l&rsquo;on doit avoir \u00e0 chaque fois ! <\/strong>Le r\u00f4le de nos chefs est de nous d\u00e9fendre !\u00a0\u00bb<\/p>\n<p>Des enseignants interrog\u00e9s par Charles GuyardDes enseignants interrog\u00e9s par Charles Guyard<img decoding=\"async\" class=\"\" style=\"width:100%\" src=\"https:\/\/www.europesays.com\/fr\/wp-content\/uploads\/2025\/11\/entr_e_de_l__cole_des_Cloteaux1763731633180.jpg\" alt=\"Ecole Cloteaux de Rennes\"\/><\/p>\n<p>Ecole Cloteaux de Rennes<\/p>\n<p>Cr\u00e9dit : Charles Guyard<\/p>\n<p>La mairie re\u00e7oit aussi ce genre de demandes, comme l&rsquo;\u00e9voque l&rsquo;adjointe \u00e0 l&rsquo;\u00e9ducation de la Ville de Rennes, Ga\u00eblle Rougier, pr\u00e9sente au rassemblement. \u00ab\u00a0<strong>Le<\/strong><strong>s conflits entre les parents et l&rsquo;institution scolaire, il y en a partout et sur des motifs tr\u00e8s divers&#8230; <\/strong>On a un certain nombre de demandes d\u00e9rogatoires au secteur et on examine chaque situation avec l&rsquo;Education nationale. Parfois \u00e7a rel\u00e8ve d&rsquo;un conflit avec une \u00e9quipe enseignante, parfois c&rsquo;est \u00e0 la demande de l&rsquo;\u00e9quipe enseignante, parfois c&rsquo;est \u00e0 la demande de la famille et il y a un changement d&rsquo;\u00e9cole&#8230; Quand cela peut apaiser les situations, on le fait toujours.<\/p>\n<p>\u00a0<\/p>\n<blockquote><p>\n\u00ab\u00a0Tout le monde doit pouvoir travailler avec les enfants\u00a0\u00bb\n<\/p><\/blockquote>\n<p>\u00a0<\/p>\n<p><strong>Les valeurs r\u00e9publicaines disent bien que, quel que soit le genre de l&rsquo;enseignant, \u00e7a ne doit absolument rien changer.<\/strong> On a aussi ce sujet sur nos personnels animateurs, on a des Atsem hommes, et ils doivent pouvoir travailler aupr\u00e8s des enfants, c&rsquo;est tout \u00e0 fait normal.\u00a0\u00bb<\/p>\n<p>Ga\u00eblle Rougier, adjointe \u00e0 l&rsquo;\u00e9ducation de la Ville de RennesGa\u00eblle Rougier, adjointe \u00e0 l&rsquo;\u00e9ducation de la Ville de Rennes <\/p>\n<blockquote><p>\nDeux plaintes d\u00e9pos\u00e9es\n<\/p><\/blockquote>\n<p>\u00a0<\/p>\n<p>Deux plaintes ont \u00e0 ce jour \u00e9t\u00e9 d\u00e9pos\u00e9es : l&rsquo;une par le Rectorat de Rennes, et l&rsquo;autre par le directeur menac\u00e9, lequel est en arr\u00eat maladie depuis les faits, survenus le 10 octobre. La victime a obtenu la protection fonctionnelle.<\/p>\n<p>Selon nos informations, l&rsquo;enfant au c\u0153ur de cette pol\u00e9mique est toujours scolaris\u00e9e dans la m\u00eame classe au sein de l&rsquo;\u00e9tablissement.<\/p>\n<p>\u00a0<\/p>\n<p>\u00a0<\/p>\n<p>\u00a0<\/p>\n","protected":false},"excerpt":{"rendered":"Publi\u00e9 : 14h54 &#8211; Modifi\u00e9 : 15h02 Dolor\u00e8s CHARLES Ecole Cl\u00f4teaux de Rennes Cr\u00e9dit : Charles Guyard Quelques&hellip;\n","protected":false},"author":2,"featured_media":549425,"comment_status":"","ping_status":"","sticky":false,"template":"","format":"standard","meta":{"footnotes":""},"categories":[2821],"tags":[1111,11,829,1122,1777,674,1011,27,12,584,25,1269],"class_list":{"0":"post-549424","1":"post","2":"type-post","3":"status-publish","4":"format-standard","5":"has-post-thumbnail","7":"category-rennes","8":"tag-actu","9":"tag-actualites","10":"tag-bretagne","11":"tag-ecole","12":"tag-eu","13":"tag-europe","14":"tag-fr","15":"tag-france","16":"tag-news","17":"tag-rennes","18":"tag-republique-francaise","19":"tag-unsa"},"share_on_mastodon":{"url":"https:\/\/pubeurope.com\/@fr\/115588522604069829","error":""},"_links":{"self":[{"href":"https:\/\/www.europesays.com\/fr\/wp-json\/wp\/v2\/posts\/549424","targetHints":{"allow":["GET"]}}],"collection":[{"href":"https:\/\/www.europesays.com\/fr\/wp-json\/wp\/v2\/posts"}],"about":[{"href":"https:\/\/www.europesays.com\/fr\/wp-json\/wp\/v2\/types\/post"}],"author":[{"embeddable":true,"href":"https:\/\/www.europesays.com\/fr\/wp-json\/wp\/v2\/users\/2"}],"replies":[{"embeddable":true,"href":"https:\/\/www.europesays.com\/fr\/wp-json\/wp\/v2\/comments?post=549424"}],"version-history":[{"count":0,"href":"https:\/\/www.europesays.com\/fr\/wp-json\/wp\/v2\/posts\/549424\/revisions"}],"wp:featuredmedia":[{"embeddable":true,"href":"https:\/\/www.europesays.com\/fr\/wp-json\/wp\/v2\/media\/549425"}],"wp:attachment":[{"href":"https:\/\/www.europesays.com\/fr\/wp-json\/wp\/v2\/media?parent=549424"}],"wp:term":[{"taxonomy":"category","embeddable":true,"href":"https:\/\/www.europesays.com\/fr\/wp-json\/wp\/v2\/categories?post=549424"},{"taxonomy":"post_tag","embeddable":true,"href":"https:\/\/www.europesays.com\/fr\/wp-json\/wp\/v2\/tags?post=549424"}],"curies":[{"name":"wp","href":"https:\/\/api.w.org\/{rel}","templated":true}]}}