{"id":549426,"date":"2025-11-21T16:00:10","date_gmt":"2025-11-21T16:00:10","guid":{"rendered":"https:\/\/www.europesays.com\/fr\/549426\/"},"modified":"2025-11-21T16:00:10","modified_gmt":"2025-11-21T16:00:10","slug":"des-habitants-decus-du-depart-des-animaux-sauvages-du-parc-de-lorangerie-a-strasbourg-ce-sera-juste-banal","status":"publish","type":"post","link":"https:\/\/www.europesays.com\/fr\/549426\/","title":{"rendered":"Des habitants d\u00e9\u00e7us du d\u00e9part des animaux sauvages du parc de l&rsquo;Orangerie \u00e0 Strasbourg : \u00ab\u00a0Ce sera juste banal\u00a0\u00bb"},"content":{"rendered":"<p>                    Par<br \/>\n        <strong><br \/>\n            <a href=\"https:\/\/actu.fr\/auteur\/thomas-blanc\" title=\"Consulter tous les articles de Thomas Blanc\" target=\"_blank\" rel=\"noopener\">Thomas Blanc<\/a><br \/>\n                    <\/strong><\/p>\n<p>        Publi\u00e9 le<\/p>\n<p>            21 nov. 2025 \u00e0 15h00        <\/p>\n<p>Le<a href=\"https:\/\/actu.fr\/tag\/parc-de-l-orangerie\" target=\"_blank\" rel=\"noopener\"> parc de l\u2019Orangerie<\/a> \u00e0 <a href=\"https:\/\/actu.fr\/strasbourg\/\" target=\"_blank\" rel=\"noopener\">Strasbourg<\/a> fait l\u2019objet d\u2019un grand plan d\u2019\u00e9volution et diff\u00e9rents projets vont y voir le jour dans les <strong>dix prochaines ann\u00e9es<\/strong>. Le but \u00e9tant entre autres de mieux respecter les enjeux climatiques et rendre le parc \u00ab\u2009favorable \u00e0 la biodiversit\u00e9\u2009\u00bb. Pour cela, <strong>l\u2019ancien zoo<\/strong> devient <a href=\"https:\/\/actu.fr\/grand-est\/strasbourg_67482\/strasbourg-l-ancien-zoo-de-l-orangerie-va-se-transformer-son-nouveau-nom-devoile_62864631.html\" target=\"_blank\" rel=\"noopener\">l\u2019Arche de l\u2019Orangerie<\/a>, un espace o\u00f9 se trouveront en 2026 \u00ab\u2009<a href=\"https:\/\/actu.fr\/grand-est\/strasbourg_67482\/une-maison-de-retraite-pour-animaux-de-laboratoire-attendue-au-parc-de-l-orangerie-de-strasbourg-en-2026_63438953.html\" target=\"_blank\" rel=\"noopener\">une maison de retraite pour animaux de laboratoire<\/a>\u2009\u00bb ainsi qu\u2019<strong>un centre relais pour la faune sauvage bless\u00e9e<\/strong> d\u2019ici \u00e0 2028. Des changements qui ne plaisent pas \u00e0 tout le monde.<\/p>\n<p>Fini les animaux sauvages exotiques au parc de l\u2019Orangerie<\/p>\n<p class=\" wall-content\">\u00ab\u2009Avant, les conditions de captivit\u00e9 des <a href=\"https:\/\/actu.fr\/tag\/animaux\" target=\"_blank\" rel=\"noopener\">animaux<\/a> au zoo \u00e9taient <strong>assez probl\u00e9matiques<\/strong> et certains avaient des probl\u00e8mes de sant\u00e9\u2009\u00bb, explique Eva Petrescu, animatrice, m\u00e9diatrice et soigneuse de la faune sauvage en d\u00e9tresse \u00e0 la <strong>Ligue de protection des oiseaux<\/strong> (LPO), qui chapeaute, avec d\u2019autres associations locales, le projet.<\/p>\n<p class=\" wall-content\">C\u2019est donc enti\u00e8rement chang\u00e9 que <strong>le zoo va rena\u00eetre<\/strong>, d\u2019abord avec une maison p\u00e9dagogique tourn\u00e9e vers les animaux de laboratoire et un centre de soins pour la faune sauvage bless\u00e9e ensuite.<\/p>\n<p class=\" wall-content\">\u00ab\u2009Pour ces deux espaces, il n\u2019y aura que des animaux de chez nous, <strong>fini les flamants roses du Chili et les rapaces exotiques<\/strong>\u2009\u00bb, pr\u00e9cise Mme Petrescu.<\/p>\n<p>\u00ab\u2009On venait au zoo pour voir des oiseaux exotiques et des singes, pas des renards\u2009\u00bb<\/p>\n<p class=\" wall-content\">Si la plupart des gens pr\u00e9sents \u00e0 la pr\u00e9sentation du plan d\u2019\u00e9volution du parc, le mercredi 12\u00a0novembre, n\u2019ont pas trouv\u00e9 \u00e0 redire concernant ce centre relais pour la faune sauvage bless\u00e9e, d\u2019autres le voient comme <strong>l\u2019effacement d\u2019un pan d\u2019histoire de l\u2019Orangerie<\/strong>.<\/p>\n<p class=\" wall-content\">\u00ab\u2009On venait au zoo pour voir des <strong>oiseaux rares et des singes<\/strong>, pas des renards qu\u2019on croise d\u00e9j\u00e0 dans la for\u00eat\u2009\u00bb, s\u2019agace Roland, qui a quitt\u00e9 le palais Jos\u00e9phine, o\u00f9 te tenait la r\u00e9union, imm\u00e9diatement apr\u00e8s la fin de la pr\u00e9sentation.<\/p>\n<p>\u00ab\u2009On priorise le bien-\u00eatre animal au plaisir de l\u2019usager\u2009\u00bb<\/p>\n<p class=\" wall-content\">\u00ab\u2009On comprend l\u2019id\u00e9e, mais \u00e7a <strong>enl\u00e8ve la magie<\/strong> et la d\u00e9couverte. J\u2019aimais venir ici pour voyager un peu sans prendre l\u2019avion, maintenant, ce sera juste banal\u2009\u00bb, souffle M\u00e9lanie, une m\u00e8re de famille vivant \u00e0 la Robertsau.<\/p>\n<p>Votre r\u00e9gion, votre actu !<\/p>\n<p>Recevez chaque jour les infos qui comptent pour vous.<\/p>\n<p>\t<a href=\"https:\/\/actu.fr\/newsletter\" class=\"ac-btn ac-btn--corner ac-btn--medium ac-btn--blue800\" target=\"_blank\" rel=\"noopener\">S&rsquo;incrire<\/a><\/p>\n<p class=\" wall-content\">En tendant l\u2019oreille pr\u00e8s du stand de pr\u00e9sentation de l\u2019Arche de l\u2019Orangerie, on ne peut pas ne pas entendre pester un r\u00e9sident sur un ton accusatoire\u2009: \u00ab\u2009<strong>On priorise le bien-\u00eatre animal<\/strong> au plaisir de l\u2019usager, c\u2019est \u00e9tonnant\u2026\u2009\u00bb<\/p>\n<p class=\" wall-content\">Marina Lafay, \u00e9lue r\u00e9f\u00e9rente du quartier de l\u2019Orangerie, balaie cela d\u2019un revers de la main en \u00e9voquant des personnes \u00ab<strong>\u2009nostalgiques de leur enfance<\/strong>\u2009\u00bb, pr\u00e9cisant que \u00ab\u2009nos enfants auront<strong> toujours un contact avec les animaux<\/strong>, avec l\u2019esp\u00e8ce de h\u00e9risson du coin par exemple et des animaux de laboratoire r\u00e9cup\u00e9r\u00e9s, et non plus avec des tortues de Floride\u2009\u00bb.<\/p>\n<p class=\" wall-content\">Personnalisez votre actualit\u00e9 en ajoutant vos villes et m\u00e9dias en favori avec <a href=\"https:\/\/moncompte.actu.fr\" title=\"D\u00e9couvez Mon Actu\" rel=\"nofollow noopener\" data-trk=\"{&quot;cta&quot;:{&quot;action&quot;:&quot;https:\\\/\\\/moncompte.actu.fr&quot;,&quot;category&quot;:&quot;mon compte&quot;,&quot;from&quot;:&quot;article footer&quot;,&quot;name&quot;:&quot;Mon actu&quot;,&quot;type&quot;:&quot;cta&quot;}}\" target=\"_blank\">Mon Actu<\/a>.<\/p>\n","protected":false},"excerpt":{"rendered":"Par Thomas Blanc Publi\u00e9 le 21 nov. 2025 \u00e0 15h00 Le parc de l\u2019Orangerie \u00e0 Strasbourg fait l\u2019objet&hellip;\n","protected":false},"author":2,"featured_media":223636,"comment_status":"","ping_status":"","sticky":false,"template":"","format":"standard","meta":{"footnotes":""},"categories":[2820],"tags":[1111,11,1867,1777,674,1011,27,775,12,25967,25,104,640],"class_list":{"0":"post-549426","1":"post","2":"type-post","3":"status-publish","4":"format-standard","5":"has-post-thumbnail","7":"category-strasbourg","8":"tag-actu","9":"tag-actualites","10":"tag-animaux","11":"tag-eu","12":"tag-europe","13":"tag-fr","14":"tag-france","15":"tag-grand-est","16":"tag-news","17":"tag-parc-de-lorangerie","18":"tag-republique-francaise","19":"tag-societe","20":"tag-strasbourg"},"share_on_mastodon":{"url":"https:\/\/pubeurope.com\/@fr\/115588525260004564","error":""},"_links":{"self":[{"href":"https:\/\/www.europesays.com\/fr\/wp-json\/wp\/v2\/posts\/549426","targetHints":{"allow":["GET"]}}],"collection":[{"href":"https:\/\/www.europesays.com\/fr\/wp-json\/wp\/v2\/posts"}],"about":[{"href":"https:\/\/www.europesays.com\/fr\/wp-json\/wp\/v2\/types\/post"}],"author":[{"embeddable":true,"href":"https:\/\/www.europesays.com\/fr\/wp-json\/wp\/v2\/users\/2"}],"replies":[{"embeddable":true,"href":"https:\/\/www.europesays.com\/fr\/wp-json\/wp\/v2\/comments?post=549426"}],"version-history":[{"count":0,"href":"https:\/\/www.europesays.com\/fr\/wp-json\/wp\/v2\/posts\/549426\/revisions"}],"wp:featuredmedia":[{"embeddable":true,"href":"https:\/\/www.europesays.com\/fr\/wp-json\/wp\/v2\/media\/223636"}],"wp:attachment":[{"href":"https:\/\/www.europesays.com\/fr\/wp-json\/wp\/v2\/media?parent=549426"}],"wp:term":[{"taxonomy":"category","embeddable":true,"href":"https:\/\/www.europesays.com\/fr\/wp-json\/wp\/v2\/categories?post=549426"},{"taxonomy":"post_tag","embeddable":true,"href":"https:\/\/www.europesays.com\/fr\/wp-json\/wp\/v2\/tags?post=549426"}],"curies":[{"name":"wp","href":"https:\/\/api.w.org\/{rel}","templated":true}]}}