{"id":549427,"date":"2025-11-21T16:01:15","date_gmt":"2025-11-21T16:01:15","guid":{"rendered":"https:\/\/www.europesays.com\/fr\/549427\/"},"modified":"2025-11-21T16:01:15","modified_gmt":"2025-11-21T16:01:15","slug":"strasbourg-creer-sa-boite-en-alsace-un-salon-mardi-25-novembre","status":"publish","type":"post","link":"https:\/\/www.europesays.com\/fr\/549427\/","title":{"rendered":"Strasbourg. Cr\u00e9er sa bo\u00eete en Alsace, un salon mardi 25 novembre"},"content":{"rendered":"<p>Le Salon Cr\u00e9er sa Bo\u00eete revient mardi 25 novembre \u00e0 Strasbourg, pour inspirer, informer et accompagner les porteurs de projet : cr\u00e9ateurs, repreneurs, start-upers, \u00e9tudiants entrepreneurs et dirigeants d\u2019entreprise en d\u00e9veloppement. Organis\u00e9 par la CCI, la Chambre de m\u00e9tiers et l\u2019Universit\u00e9 de Strasbourg, ce rendez-vous permettra de rencontrer plus de 90 exposants (conseillers \u00e0 la cr\u00e9ation, juristes, experts-comptables, franchiseurs, financeurs, incubateurs\u2026), de participer \u00e0 des ateliers pratiques et d\u2019assister \u00e0 des conf\u00e9rences pour obtenir des r\u00e9ponses concr\u00e8tes, juridiques, financi\u00e8res\u2026 Un espace de r\u00e9seautage favorisera les \u00e9changes entre les participants, exposants et conf\u00e9renciers.<\/p>\n<p class=\"note\">Mardi 25 novembre de 9 h \u00e0 18 h au parc des Expositions de Strasbourg. Entr\u00e9e gratuite sur inscription : www.creer-sa-boite-en-alsace.fr<\/p>\n","protected":false},"excerpt":{"rendered":"Le Salon Cr\u00e9er sa Bo\u00eete revient mardi 25 novembre \u00e0 Strasbourg, pour inspirer, informer et accompagner les porteurs&hellip;\n","protected":false},"author":2,"featured_media":549428,"comment_status":"","ping_status":"","sticky":false,"template":"","format":"standard","meta":{"footnotes":""},"categories":[2820],"tags":[1111,11,2389,2649,33,2880,1777,674,107,1011,27,775,12,25,640,2879,216],"class_list":{"0":"post-549427","1":"post","2":"type-post","3":"status-publish","4":"format-standard","5":"has-post-thumbnail","7":"category-strasbourg","8":"tag-actu","9":"tag-actualites","10":"tag-alsace","11":"tag-bas-rhin","12":"tag-economie","13":"tag-edition-strasbourg","14":"tag-eu","15":"tag-europe","16":"tag-fil-info","17":"tag-fr","18":"tag-france","19":"tag-grand-est","20":"tag-news","21":"tag-republique-francaise","22":"tag-strasbourg","23":"tag-strasbourg-ville","24":"tag-vie-des-entreprises"},"share_on_mastodon":{"url":"https:\/\/pubeurope.com\/@fr\/115588529206896271","error":""},"_links":{"self":[{"href":"https:\/\/www.europesays.com\/fr\/wp-json\/wp\/v2\/posts\/549427","targetHints":{"allow":["GET"]}}],"collection":[{"href":"https:\/\/www.europesays.com\/fr\/wp-json\/wp\/v2\/posts"}],"about":[{"href":"https:\/\/www.europesays.com\/fr\/wp-json\/wp\/v2\/types\/post"}],"author":[{"embeddable":true,"href":"https:\/\/www.europesays.com\/fr\/wp-json\/wp\/v2\/users\/2"}],"replies":[{"embeddable":true,"href":"https:\/\/www.europesays.com\/fr\/wp-json\/wp\/v2\/comments?post=549427"}],"version-history":[{"count":0,"href":"https:\/\/www.europesays.com\/fr\/wp-json\/wp\/v2\/posts\/549427\/revisions"}],"wp:featuredmedia":[{"embeddable":true,"href":"https:\/\/www.europesays.com\/fr\/wp-json\/wp\/v2\/media\/549428"}],"wp:attachment":[{"href":"https:\/\/www.europesays.com\/fr\/wp-json\/wp\/v2\/media?parent=549427"}],"wp:term":[{"taxonomy":"category","embeddable":true,"href":"https:\/\/www.europesays.com\/fr\/wp-json\/wp\/v2\/categories?post=549427"},{"taxonomy":"post_tag","embeddable":true,"href":"https:\/\/www.europesays.com\/fr\/wp-json\/wp\/v2\/tags?post=549427"}],"curies":[{"name":"wp","href":"https:\/\/api.w.org\/{rel}","templated":true}]}}