{"id":549469,"date":"2025-11-21T16:28:28","date_gmt":"2025-11-21T16:28:28","guid":{"rendered":"https:\/\/www.europesays.com\/fr\/549469\/"},"modified":"2025-11-21T16:28:28","modified_gmt":"2025-11-21T16:28:28","slug":"cartes-lukraine-est-elle-vraiment-pres-de-seffondrer-le-general-francois-chauvancy-fait-le-point","status":"publish","type":"post","link":"https:\/\/www.europesays.com\/fr\/549469\/","title":{"rendered":"CARTES &#8211; L&rsquo;Ukraine est-elle vraiment pr\u00e8s de s&rsquo;effondrer ? Le g\u00e9n\u00e9ral Fran\u00e7ois Chauvancy fait le point"},"content":{"rendered":"<ul class=\"jsx-862013697 ArticleChapo__List\">\n<li class=\"jsx-862013697 ArticleChapo__List_Item flex\">L&rsquo;invasion russe en Ukraine dure depuis presque cinq ans.<\/li>\n<li class=\"jsx-862013697 ArticleChapo__List_Item flex\">O\u00f9 en est la situation sur le terrain ?<\/li>\n<li class=\"jsx-862013697 ArticleChapo__List_Item flex\">Le g\u00e9n\u00e9ral Fran\u00e7ois Chauvancy fait le point en cartes dans la vid\u00e9o en t\u00eate de cet article.<\/li>\n<\/ul>\n<p><a href=\"https:\/\/www.tf1info.fr\/actualite\/invasion-de-l-ukraine-par-la-russie-une-guerre-qui-dure-12951\/\" rel=\"noopener\" class=\"jsx-484472199 Link jsx-1428418400 jsx-554215408\" target=\"_blank\"><\/p>\n<p style=\"font-weight:400\" class=\"jsx-1837267516\">Suivez la couverture compl\u00e8te<\/p>\n<p style=\"font-weight:800\" class=\"jsx-1837267516\">Ukraine : 4\u1d49 ann\u00e9e de guerre<\/p>\n<p><\/a><\/p>\n<p data-module=\"article-paragraph\" class=\"jsx-3046738180 Paragraph\">Apr\u00e8s plus de quatre ans de guerre en <a href=\"https:\/\/www.tf1info.fr\/international\/plan-americain-pour-mettre-fin-au-conflit-en-ukraine-volodymyr-zelensky-plaide-pour-une-paix-digne-2408088.html\" target=\"_blank\" rel=\"noopener\">Ukraine<\/a>, la Russie continue de grignoter, lentement mais s\u00fbrement, du terrain. O\u00f9 en est la situation ? Le g\u00e9n\u00e9ral Fran\u00e7ois Chauvancy, consultant g\u00e9opolitique de LCI, fait le point en cartes dans la vid\u00e9o en t\u00eate de cet article.<\/p>\n<p data-module=\"article-paragraph\" class=\"jsx-3046738180 Paragraph Paragraph__End\">\u00c0 Koupiansk notamment, les forces ukrainiennes et russes sont imbriqu\u00e9es. Mais les Russes paraissent encercler les Ukrainiens, comme on le voit sur les images. \u00ab\u00a0Il y a beaucoup de contre-attaques, d&rsquo;ailleurs, men\u00e9es par les forces ukrainiennes\u00a0\u00bb, note le g\u00e9n\u00e9ral, m\u00eame si on ne sait pas combien de troupes sont sur place.<\/p>\n<p><a href=\"https:\/\/www.tf1info.fr\/international\/guerre-ukraine-ce-que-contient-le-nouveau-plan-americain-de-paix-pour-l-ukraine-fortement-oriente-vers-poutine-2407863.html\" rel=\"noopener\" class=\"jsx-3308031228 Link flex\" target=\"_blank\"><img decoding=\"async\" src=\"https:\/\/www.europesays.com\/fr\/wp-content\/uploads\/2025\/11\/trump-poutine-2028-c5e76e-1@1x.jpeg\" alt=\"ILLUSTRATION\" loading=\"lazy\" importance=\"low\" fetchpriority=\"low\" class=\"\" aria-hidden=\"true\"\/><\/p>\n<p class=\"jsx-3657663356 ReadMoreArticle__Title\">Lire aussi<\/p>\n<p class=\"jsx-3657663356\">Ce que contient le nouveau plan am\u00e9ricain de paix pour l&rsquo;Ukraine \u00ab\u00a0fortement orient\u00e9 vers la Russie\u00a0\u00bb <\/p>\n<p><\/a><\/p>\n<p data-module=\"article-paragraph\" class=\"jsx-3046738180 Paragraph\">La Russie affirme que 80% de la ville de Vovtchansk, pr\u00e8s de la fronti\u00e8re russe, est prise. Si c&rsquo;\u00e9tait le cas, ce serait \u00ab\u00a0une porte indirecte en direction de Kharkiv\u00a0\u00bb. \u00ab\u00a0C&rsquo;est une zone de combat depuis des semaines, des mois, et la progression s&rsquo;est faite maison par maison\u00a0\u00bb, indique le consultant. \u00ab\u00a0On voit bien que la perc\u00e9e, [m\u00eame si] c&rsquo;est un mot un peu fort, a eu lieu.\u00a0\u00bb<\/p>\n<p data-module=\"article-paragraph\" class=\"jsx-3046738180 Paragraph\">\u00c0 Pokrovsk, plus au sud, l&rsquo;arm\u00e9e russe progresse \u00e9galement. \u00ab\u00a0Les forces ukrainiennes, th\u00e9oriquement, sont encercl\u00e9es\u00a0\u00bb, analyse le g\u00e9n\u00e9ral Chauvancy. \u00ab\u00a0Ces forces russes [&#8230;] prennent en tenaille les forces \u00e0 l&rsquo;est et r\u00e9sistent aussi \u00e0 des contre-attaques ukrainiennes.\u00a0\u00bb<\/p>\n<p data-module=\"article-paragraph\" class=\"jsx-3046738180 Paragraph Paragraph__End\">Enfin, \u00e0 Kostiantynivka, les Russes \u00ab\u00a0ont du mal\u00a0\u00bb \u00e0 progresser. Les forces russes sont \u00ab\u00a0mises en \u00e9chec\u00a0\u00bb. \u00ab\u00a0D&rsquo;ailleurs, on lit par-ci, par-l\u00e0, que les Russes, s&rsquo;en \u00e9tant aper\u00e7us, ont report\u00e9 leur effort ailleurs, notamment \u00e0 Pokrovsk.\u00a0\u00bb<\/p>\n<p>Ga\u00eblle SHEEHAN<\/p>\n","protected":false},"excerpt":{"rendered":"L&rsquo;invasion russe en Ukraine dure depuis presque cinq ans. O\u00f9 en est la situation sur le terrain ?&hellip;\n","protected":false},"author":2,"featured_media":549470,"comment_status":"","ping_status":"","sticky":false,"template":"","format":"standard","meta":{"footnotes":""},"categories":[1590],"tags":[1111,11,1921,1777,674,1922,37193,1916,12,132,220,1917,133,1920],"class_list":{"0":"post-549469","1":"post","2":"type-post","3":"status-publish","4":"format-standard","5":"has-post-thumbnail","7":"category-ukraine","8":"tag-actu","9":"tag-actualites","10":"tag-article-video","11":"tag-eu","12":"tag-europe","13":"tag-info","14":"tag-lci-direct","15":"tag-moscou","16":"tag-news","17":"tag-russie","18":"tag-ukraine","19":"tag-ukraine-4-annee-de-guerre","20":"tag-video","21":"tag-video-international"},"share_on_mastodon":{"url":"https:\/\/pubeurope.com\/@fr\/115588637158418997","error":""},"_links":{"self":[{"href":"https:\/\/www.europesays.com\/fr\/wp-json\/wp\/v2\/posts\/549469","targetHints":{"allow":["GET"]}}],"collection":[{"href":"https:\/\/www.europesays.com\/fr\/wp-json\/wp\/v2\/posts"}],"about":[{"href":"https:\/\/www.europesays.com\/fr\/wp-json\/wp\/v2\/types\/post"}],"author":[{"embeddable":true,"href":"https:\/\/www.europesays.com\/fr\/wp-json\/wp\/v2\/users\/2"}],"replies":[{"embeddable":true,"href":"https:\/\/www.europesays.com\/fr\/wp-json\/wp\/v2\/comments?post=549469"}],"version-history":[{"count":0,"href":"https:\/\/www.europesays.com\/fr\/wp-json\/wp\/v2\/posts\/549469\/revisions"}],"wp:featuredmedia":[{"embeddable":true,"href":"https:\/\/www.europesays.com\/fr\/wp-json\/wp\/v2\/media\/549470"}],"wp:attachment":[{"href":"https:\/\/www.europesays.com\/fr\/wp-json\/wp\/v2\/media?parent=549469"}],"wp:term":[{"taxonomy":"category","embeddable":true,"href":"https:\/\/www.europesays.com\/fr\/wp-json\/wp\/v2\/categories?post=549469"},{"taxonomy":"post_tag","embeddable":true,"href":"https:\/\/www.europesays.com\/fr\/wp-json\/wp\/v2\/tags?post=549469"}],"curies":[{"name":"wp","href":"https:\/\/api.w.org\/{rel}","templated":true}]}}