{"id":549476,"date":"2025-11-21T16:34:12","date_gmt":"2025-11-21T16:34:12","guid":{"rendered":"https:\/\/www.europesays.com\/fr\/549476\/"},"modified":"2025-11-21T16:34:12","modified_gmt":"2025-11-21T16:34:12","slug":"avec-argonaut-leurope-joue-son-acces-autonome-a-la-lune","status":"publish","type":"post","link":"https:\/\/www.europesays.com\/fr\/549476\/","title":{"rendered":"Avec Argonaut, l&rsquo;Europe joue son acc\u00e8s autonome \u00e0 la Lune"},"content":{"rendered":"<p>La sc\u00e8ne avait valeur de symbole. C&rsquo;est au pied d&rsquo;un mod\u00e8le grandeur nature de l&rsquo;atterrisseur Argonaut, dans <a class=\"Link\" href=\"https:\/\/www.lepoint.fr\/science\/un-morceau-de-lune-pour-entrainer-les-astronautes-sur-terre-25-09-2024-2571184_25.php\" title=\"\" data-gtm=\"click:capsule\" data-capsule=\"Lien\" rel=\"nofollow noopener\" target=\"_blank\">le hangar Luna\u00a0du Centre des astronautes de l&rsquo;agence spatiale europ\u00e9enne<\/a> (ESA) pr\u00e8s de Cologne, en Allemagne, que Thales Alenia Space Italy (Tasi) a pr\u00e9sent\u00e9 ses partenaires industriels pour l&rsquo;engin dont le contrat de d\u00e9veloppement avait \u00e9t\u00e9 sign\u00e9 en janvier 2025.\u00a0Ce d\u00e9cor mat\u00e9rialise la vision europ\u00e9enne\u00a0: dans moins de cinq ans, un engin de\u00a06\u00a0m\u00e8tres de haut et\u00a010\u00a0tonnes au d\u00e9collage devra d\u00e9poser 1,5 tonne de fret sur la surface lunaire. Avec une pr\u00e9cision vis\u00e9e d&rsquo;environ\u00a0250\u00a0m\u00e8tres pour la premi\u00e8re mission, appel\u00e9e \u00e0 s&rsquo;am\u00e9liorer progressivement jusqu&rsquo;\u00e0 atteindre\u00a0100\u00a0m\u00e8tres, voire moins, lors des vols ult\u00e9rieurs.<\/p>\n<p>Au-del\u00e0 de la prouesse technique, c&rsquo;est un enjeu g\u00e9opolitique maje&#8230;<\/p>\n<p>Toute l\u2019actualit\u00e9 \u00e0 1\u20ac le premier mois<\/p>\n<p><a href=\"https:\/\/abo.lepoint.fr\/?provenance=21EDI020098\" class=\"btn\" title=\"S&#039;abonner\" data-gtm=\"click:abo|display:abo\" data-campaign=\"paywall_maison\" rel=\"nofollow noopener\" target=\"_blank\">S&rsquo;abonner<\/a><\/p>\n<p>ou<\/p>\n<p>La newsletter sciences et tech<\/p>\n<p class=\"period\">Tous les samedis \u00e0 16h<\/p>\n<p>Recevez toute l\u2019actualit\u00e9 de la sciences et des techs et plongez dans les Grands entretiens, d\u00e9couvertes majeures, innovations et coulisses&#8230;<\/p>\n<p>Merci !<br \/>Votre inscription a bien \u00e9t\u00e9 prise en compte avec l&rsquo;adresse email :<\/p>\n<p>Pour d\u00e9couvrir toutes nos autres newsletters, rendez-vous ici : <a href=\"https:\/\/moncompte.lepoint.fr\/\" title=\"\" rel=\"nofollow noopener\" target=\"_blank\">MonCompte<\/a><\/p>\n<p>En vous inscrivant, vous acceptez les <a href=\"https:\/\/www.lepoint.fr\/html\/cgu\/\" title=\"Conditions g\u00e9n\u00e9rales d&#039;utilisation\" rel=\"nofollow noopener\" target=\"_blank\">conditions g\u00e9n\u00e9rales d\u2019utilisations<\/a> et notre <a href=\"https:\/\/www.lepoint.fr\/html\/politique-de-protection-donnees-personnelles\/\" title=\"Politique de confidentialit\u00e9\" rel=\"nofollow noopener\" target=\"_blank\">politique de confidentialit\u00e9<\/a>.<\/p>\n","protected":false},"excerpt":{"rendered":"La sc\u00e8ne avait valeur de symbole. C&rsquo;est au pied d&rsquo;un mod\u00e8le grandeur nature de l&rsquo;atterrisseur Argonaut, dans le&hellip;\n","protected":false},"author":2,"featured_media":549477,"comment_status":"","ping_status":"","sticky":false,"template":"","format":"standard","meta":{"footnotes":""},"categories":[1586],"tags":[11,1777,674,19512,1011,27,66693,66694,4506,12,25],"class_list":{"0":"post-549476","1":"post","2":"type-post","3":"status-publish","4":"format-standard","5":"has-post-thumbnail","7":"category-europe","8":"tag-actualites","9":"tag-eu","10":"tag-europe","11":"tag-exploration-spatiale","12":"tag-fr","13":"tag-france","14":"tag-la-lettre-de-lespace","15":"tag-lettres-de-la-redaction","16":"tag-lune","17":"tag-news","18":"tag-republique-francaise"},"share_on_mastodon":{"url":"https:\/\/pubeurope.com\/@fr\/115588658972308318","error":""},"_links":{"self":[{"href":"https:\/\/www.europesays.com\/fr\/wp-json\/wp\/v2\/posts\/549476","targetHints":{"allow":["GET"]}}],"collection":[{"href":"https:\/\/www.europesays.com\/fr\/wp-json\/wp\/v2\/posts"}],"about":[{"href":"https:\/\/www.europesays.com\/fr\/wp-json\/wp\/v2\/types\/post"}],"author":[{"embeddable":true,"href":"https:\/\/www.europesays.com\/fr\/wp-json\/wp\/v2\/users\/2"}],"replies":[{"embeddable":true,"href":"https:\/\/www.europesays.com\/fr\/wp-json\/wp\/v2\/comments?post=549476"}],"version-history":[{"count":0,"href":"https:\/\/www.europesays.com\/fr\/wp-json\/wp\/v2\/posts\/549476\/revisions"}],"wp:featuredmedia":[{"embeddable":true,"href":"https:\/\/www.europesays.com\/fr\/wp-json\/wp\/v2\/media\/549477"}],"wp:attachment":[{"href":"https:\/\/www.europesays.com\/fr\/wp-json\/wp\/v2\/media?parent=549476"}],"wp:term":[{"taxonomy":"category","embeddable":true,"href":"https:\/\/www.europesays.com\/fr\/wp-json\/wp\/v2\/categories?post=549476"},{"taxonomy":"post_tag","embeddable":true,"href":"https:\/\/www.europesays.com\/fr\/wp-json\/wp\/v2\/tags?post=549476"}],"curies":[{"name":"wp","href":"https:\/\/api.w.org\/{rel}","templated":true}]}}