{"id":549493,"date":"2025-11-21T16:48:27","date_gmt":"2025-11-21T16:48:27","guid":{"rendered":"https:\/\/www.europesays.com\/fr\/549493\/"},"modified":"2025-11-21T16:48:27","modified_gmt":"2025-11-21T16:48:27","slug":"le-prince-charles-philippe-et-la-princesse-naomi-dorleans-attendent-leur-premier-enfant","status":"publish","type":"post","link":"https:\/\/www.europesays.com\/fr\/549493\/","title":{"rendered":"Le prince Charles-Philippe et la princesse Naomi d&rsquo;Orl\u00e9ans attendent leur premier enfant"},"content":{"rendered":"<p>Deux ans apr\u00e8s leur mariage, le prince Charles-Philippe et la princesse Naomi d\u2019Orl\u00e9ans annoncent attendre leur premier enfant. Le descendant des rois de France et son \u00e9pouse s\u2019appr\u00eatent \u00e0 pouponner le fruit de leur amour attendu au printemps.<\/p>\n<p><strong>Lire aussi : <a href=\"https:\/\/histoiresroyales.fr\/prince-charles-philippe-princesse-naomi-eclats-royaux-grand-prix-haute-joaillerie-monaco\/\" target=\"_blank\" rel=\"noopener\">Le prince Charles-Philippe et la princesse Naomi, \u00e9clats royaux du Grand Prix de la Haute Joaillerie \u00e0 Monaco<\/a><\/strong><\/p>\n<p>Le duc et la duchesse d\u2019Anjou annoncent un heureux \u00e9v\u00e9nement<\/p>\n<p>Le 9 septembre 2023, le prince Charles-Philippe d\u2019Orl\u00e9ans, duc d\u2019Anjou, unissait son destin \u00e0 Naomi-Valeska Kern, devant le maire d\u2019Orl\u00e9ans, second\u00e9 par le comte \u00c9douard de Pradel de Lamaze, cousin maternel du prince. Le prince Charles-Philippe, 52 ans, est le cousin germain du comte de Paris, actuel chef de la famille royale de France. <\/p>\n<p><img fetchpriority=\"high\" decoding=\"async\" width=\"933\" height=\"1400\" src=\"https:\/\/www.europesays.com\/fr\/wp-content\/uploads\/2025\/11\/bebe-grossese-princesse-naomi-duc-danjou-933x1400.jpg\" alt=\"\" class=\"wp-image-229292 lazyload\" data-  \/>Le prince Charles-Philippe et la princesse Naomi d\u2019Orl\u00e9ans annoncent attendre leur premier enfant (Photo : David Nivi\u00e8re)<\/p>\n<p>Le couple princier, qui rayonne de bonheur, s\u2019appr\u00eate \u00e0 construire un foyer. Le duc et la duchesse d\u2019Anjou ont  rendu public cette heureuse nouvelle, ce vendredi 21 novembre. La princesse Naomi est enceinte de son premier enfant, qui viendra compl\u00e9ter ce magnifique tableau familial au printemps prochain. \u00ab\u00a0Dans l\u2019attente de ce jour b\u00e9ni, Leurs Altesses Royales remercient toutes les personnes qui s\u2019uniront \u00e0 leur bonheur et prient que ce temps de joie \u00e0 venir soit entour\u00e9 de paix et d\u2019amour\u00a0\u00bb, conclut le communiqu\u00e9.<\/p>\n<p><img loading=\"lazy\" decoding=\"async\" width=\"1400\" height=\"2100\" src=\"https:\/\/www.europesays.com\/fr\/wp-content\/uploads\/2025\/11\/princesse-naomi-enceinte-grossesse-premiere-photo.jpg\" alt=\"\" class=\"wp-image-229291 lazyload\" data-  \/>La princesse Naomi, enceinte de son premier enfant, pose aux Archives nationales, \u00e0 Paris (Photo : David Nivi\u00e8re)<\/p>\n<p><strong>Lire aussi : <a href=\"https:\/\/histoiresroyales.fr\/prince-albert-ii-ouvre-branche-fondation-bresil-confie-mission-importante-prince-charles-philippe-dorleans\/\" target=\"_blank\" rel=\"noopener\">Le prince Albert II ouvre une branche de sa fondation au Br\u00e9sil et confie une mission importante au prince Charles-Philippe d\u2019Orl\u00e9ans<\/a><\/strong><\/p>\n<p>Le prince Charles-Philippe et la princesse Naomi, plut\u00f4t discrets, font toutefois quelques apparitions lors d\u2019\u00e9v\u00e9nements de bienfaisance sur le Rocher, o\u00f9 ils vivent et travaillent. Le couple r\u00e9pond toujours pr\u00e9sent aux invitations du prince Albert II, dont le prince Charles-Philippe est proche. Le duc d\u2019Anjou travaille notamment au d\u00e9veloppement des activit\u00e9s de la Fondation Prince Albert II de Monaco. R\u00e9cemment, le prince <a href=\"https:\/\/histoiresroyales.fr\/prince-albert-ii-ouvre-branche-fondation-bresil-confie-mission-importante-prince-charles-philippe-dorleans\/\" target=\"_blank\" rel=\"noopener\">a \u00e9t\u00e9 nomm\u00e9 vice-pr\u00e9sident de la branche Am\u00e9rique latine<\/a> de la fondation du chef d\u2019\u00c9tat mon\u00e9gasque. La princesse Naomi est une grande sportive et repr\u00e9sente notamment la Principaut\u00e9 lors de comp\u00e9titions internationales de tir sportif de vitesse.<\/p>\n<p><img loading=\"lazy\" decoding=\"async\" width=\"1300\" height=\"867\" src=\"https:\/\/www.europesays.com\/fr\/wp-content\/uploads\/2025\/11\/heureux-maries-prince-charles-philippe-naomi-salz.jpg\" alt=\"\" class=\"wp-image-112093 lazyload\" data-  \/>Les heureux mari\u00e9s posent \u00e0 l\u2019h\u00f4tel de ville d\u2019Orl\u00e9ans (Photo : David Nivi\u00e8re \u2013 Tous droits r\u00e9serv\u00e9s Histoires Royales \u2013 Reproduction interdite)<\/p>\n<p><strong>Lire aussi : <a href=\"https:\/\/histoiresroyales.fr\/prince-francois-dorleans-investit-belle-soeur-naomi-ordre-de-saint-lazare-monaco\/\" target=\"_blank\" rel=\"noopener\">Le prince Fran\u00e7ois d\u2019Orl\u00e9ans investit sa belle-s\u0153ur Naomi dans l\u2019ordre de Saint Lazare \u00e0 Monaco<\/a><\/strong><\/p>\n<p>La duchesse d\u2019Anjou est enceinte de son premier enfant<\/p>\n<p>Le prince Charles-Philippe est d\u00e9j\u00e0 papa d\u2019une adolescente, la princesse Isabelle d\u2019Orl\u00e9ans. La princesse de 13 ans, qui est aussi la filleule du roi Felipe VI d\u2019Espagne, est n\u00e9e du premier mariage du prince avec la duchesse de Cadaval, dont il est s\u00e9par\u00e9 depuis plusieurs ann\u00e9es et divorc\u00e9 depuis 2022.<\/p>\n<p><img loading=\"lazy\" decoding=\"async\" width=\"1300\" height=\"1950\" src=\"https:\/\/www.europesays.com\/fr\/wp-content\/uploads\/2025\/11\/charles-philippe-fille-princesse-isabelle-orleans-mariage.jpg\" alt=\"\" class=\"wp-image-112089 lazyload\" data-  \/>Le prince Charles-Philippe avec sa fille, la princesse Isabelle d\u2019Orl\u00e9ans (Photo : David Nivi\u00e8re \u2013 Tous droits r\u00e9serv\u00e9s Histoires Royales \u2013 Reproduction interdite)<\/p>\n<p><strong>Lire aussi : <a href=\"https:\/\/histoiresroyales.fr\/bapteme-prince-nicolas-dorleans-chateau-de-schonach\/\" target=\"_blank\" rel=\"noopener\">Bapt\u00eame du prince Nicolas d\u2019Orl\u00e9ans au ch\u00e2teau de Sch\u00f6nach<\/a><\/strong><\/p>\n<p>Le b\u00e9b\u00e9, dont le sexe n\u2019a pas \u00e9t\u00e9 r\u00e9v\u00e9l\u00e9, sera le quatorzi\u00e8me petit-enfant du prince Michel d\u2019Orl\u00e9ans, comte d\u2019\u00c9vreux, et de la princesse B\u00e9atrice d\u2019Orl\u00e9ans. Le prince Michel est l\u2019un des fr\u00e8res du d\u00e9funt comte de Paris et l\u2019oncle de l\u2019actuel comte de Paris. Michel et B\u00e9atrice, aujourd\u2019hui divorc\u00e9s, ont eu quatre enfants : la princesse Clotilde, la princesse Ad\u00e9la\u00efde, le prince Charles-Philippe et le prince Fran\u00e7ois. Clotilde a cinq enfants, Ad\u00e9la\u00efde en a trois, Charles-Philippe a jusqu\u2019ici une fille, et Fran\u00e7ois a quatre enfants, dont le dernier est n\u00e9 cette ann\u00e9e. <\/p>\n<p><img loading=\"lazy\" decoding=\"async\" width=\"1400\" height=\"1334\" src=\"https:\/\/www.europesays.com\/fr\/wp-content\/uploads\/2025\/11\/louis-xiv-charles-philppe-branche-orleans-arbre.jpg\" alt=\"\" class=\"wp-image-229132 lazyload\" data-  \/>Arbre g\u00e9n\u00e9alogique simplifi\u00e9 de la famille d\u2019Orl\u00e9ans (Image : Histoires Royales)<\/p>\n<p><strong>Lire aussi : <a href=\"https:\/\/histoiresroyales.fr\/princesse-helene-de-france-fete-90-ans-entouree-fratrie-enfants-petits-enfants-chateau-de-huldenberg\/\" target=\"_blank\" rel=\"noopener\">La princesse H\u00e9l\u00e8ne de France f\u00eate ses 90 ans entour\u00e9e de sa fratrie, ses enfants et petits-enfants au ch\u00e2teau de Huldenberg<\/a><\/strong><\/p>\n<p>La famille d\u2019Orl\u00e9ans descend en ligne directe du roi Louis-Philippe 1er des Fran\u00e7ais, qui a r\u00e9gn\u00e9 sur la France de 1830 \u00e0 1848. Louis-Philippe est un descendant des ducs d\u2019Orl\u00e9ans, une branche cadette de la maison cap\u00e9tienne de Bourbon, cr\u00e9\u00e9e par le roi Louis XIII. En 1661, le roi Louis III a octroy\u00e9 le titre de duc d\u2019Orl\u00e9ans \u00e0 son deuxi\u00e8me fils, le prince Philippe, son a\u00een\u00e9 \u00e9tant le futur roi Louis XIV. Apr\u00e8s l\u2019insurrection des Trente Glorieuses, le roi Charles X a abdiqu\u00e9 et son cousin de la branche d\u2019Orl\u00e9ans, Louis-Philippe, lui a succ\u00e9d\u00e9 le 9 ao\u00fbt 1830. La branche d\u2019Orl\u00e9ans descend toutefois \u00e9galement de Louis XIV par diff\u00e9rents enfants naturels du Roi Soleil. La grand-m\u00e8re du prince Charles-Philippe \u00e9tait aussi une princesse de la famille imp\u00e9riale du Br\u00e9sil, ce qui lui donne pour anc\u00eatres l\u2019empereur Pierre II du Br\u00e9sil et de nombreux rois europ\u00e9ens.<\/p>\n<p>\t\t\t\t<img loading=\"lazy\" alt=\"Avatar photo\" src=\"https:\/\/www.europesays.com\/fr\/wp-content\/uploads\/2025\/04\/1516945716303-164x164.jpeg\"  class=\"avatar avatar-164 photo lazyload\" height=\"164\" width=\"164\" decoding=\"async\"\/><br \/>\n\t\t<a href=\"https:\/\/histoiresroyales.fr\/author\/royaliste123\/\" target=\"_blank\" rel=\"noopener\">Nicolas Fontaine<\/a><br \/>\n\t\t\t\t\tR\u00e9dacteur en chef<\/p>\n<p>Nicolas Fontaine a \u00e9t\u00e9 concepteur-r\u00e9dacteur et auteur pour de nombreuses marques et m\u00e9dias belges et fran\u00e7ais. Sp\u00e9cialiste de l&rsquo;actualit\u00e9 des familles royales, Nicolas a fond\u00e9 le site Histoires royales dont il est le r\u00e9dacteur en chef.&#13;<br \/>\n&#13;<br \/>\nnicolas@histoiresroyales.fr<\/p>\n<p>\t\t\t\t\t\t\t<a href=\"https:\/\/twitter.com\/ActusRoyales\" class=\"boxed-icon fill twitter\" target=\"_blank\" rel=\"noopener\"><\/a><br \/>\n\t\t\t\t\t\t\t\t\t<a href=\"https:\/\/www.instagram.com\/histoiresroyales.fr\/\" class=\"boxed-icon fill instagram\" target=\"_blank\" rel=\"noopener\"><\/a><\/p>\n<p>\t\t\t\t\t\t\t\t\t\t\t\t\t<script async src=\"https:\/\/platform.twitter.com\/widgets.js\" charset=\"utf-8\"><\/script><script async src=\"\/\/www.instagram.com\/embed.js\"><\/script><\/p>\n","protected":false},"excerpt":{"rendered":"Deux ans apr\u00e8s leur mariage, le prince Charles-Philippe et la princesse Naomi d\u2019Orl\u00e9ans annoncent attendre leur premier enfant.&hellip;\n","protected":false},"author":2,"featured_media":549494,"comment_status":"","ping_status":"","sticky":false,"template":"","format":"standard","meta":{"footnotes":""},"categories":[1359],"tags":[2562,14735,66695,58,59,1011,27,196,66696,973],"class_list":{"0":"post-549493","1":"post","2":"type-post","3":"status-publish","4":"format-standard","5":"has-post-thumbnail","7":"category-people","8":"tag-annonce","9":"tag-bu00e9bu00e9","10":"tag-charles-philippe-dorlu00e9ans","11":"tag-divertissement","12":"tag-entertainment","13":"tag-fr","14":"tag-france","15":"tag-grossesse","16":"tag-naomi-kern","17":"tag-people"},"share_on_mastodon":{"url":"https:\/\/pubeurope.com\/@fr\/115588717450283775","error":""},"_links":{"self":[{"href":"https:\/\/www.europesays.com\/fr\/wp-json\/wp\/v2\/posts\/549493","targetHints":{"allow":["GET"]}}],"collection":[{"href":"https:\/\/www.europesays.com\/fr\/wp-json\/wp\/v2\/posts"}],"about":[{"href":"https:\/\/www.europesays.com\/fr\/wp-json\/wp\/v2\/types\/post"}],"author":[{"embeddable":true,"href":"https:\/\/www.europesays.com\/fr\/wp-json\/wp\/v2\/users\/2"}],"replies":[{"embeddable":true,"href":"https:\/\/www.europesays.com\/fr\/wp-json\/wp\/v2\/comments?post=549493"}],"version-history":[{"count":0,"href":"https:\/\/www.europesays.com\/fr\/wp-json\/wp\/v2\/posts\/549493\/revisions"}],"wp:featuredmedia":[{"embeddable":true,"href":"https:\/\/www.europesays.com\/fr\/wp-json\/wp\/v2\/media\/549494"}],"wp:attachment":[{"href":"https:\/\/www.europesays.com\/fr\/wp-json\/wp\/v2\/media?parent=549493"}],"wp:term":[{"taxonomy":"category","embeddable":true,"href":"https:\/\/www.europesays.com\/fr\/wp-json\/wp\/v2\/categories?post=549493"},{"taxonomy":"post_tag","embeddable":true,"href":"https:\/\/www.europesays.com\/fr\/wp-json\/wp\/v2\/tags?post=549493"}],"curies":[{"name":"wp","href":"https:\/\/api.w.org\/{rel}","templated":true}]}}