{"id":549497,"date":"2025-11-21T16:51:17","date_gmt":"2025-11-21T16:51:17","guid":{"rendered":"https:\/\/www.europesays.com\/fr\/549497\/"},"modified":"2025-11-21T16:51:17","modified_gmt":"2025-11-21T16:51:17","slug":"nelly-la-restauratrice-qui-a-tutoye-raphael-glucksmann-sur-lci-etait-elle-sa-complice-liberation","status":"publish","type":"post","link":"https:\/\/www.europesays.com\/fr\/549497\/","title":{"rendered":"Nelly, la restauratrice qui a tutoy\u00e9 Rapha\u00ebl Glucksmann sur LCI, \u00e9tait-elle sa \u00abcomplice\u00bb\u00a0? \u2013 Lib\u00e9ration"},"content":{"rendered":"<p class=\"sc-cPiKLX AiZTS text-element\">Mardi 18 novembre, le d\u00e9put\u00e9 europ\u00e9en Rapha\u00ebl Glucksmann \u00e9tait l\u2019invit\u00e9 de la Grande Confrontation, l\u2019\u00e9mission politique de LCI, qui promettait de le mettre \u00abface aux Fran\u00e7ais\u00bb. Lors de ce format, qui s\u2019est termin\u00e9 par un <a href=\"https:\/\/www.liberation.fr\/politique\/glucksmann-vs-zemmour-sur-lci-gros-debat-et-petite-confrontation-20251119_DRKWU37VCZE3DKF2MH4HJHNG2Y\/\" target=\"_blank\" rel=\"nofollow noopener\" title=\"https:\/\/www.liberation.fr\/politique\/glucksmann-vs-zemmour-sur-lci-gros-debat-et-petite-confrontation-20251119_DRKWU37VCZE3DKF2MH4HJHNG2Y\/\">d\u00e9bat bruyant avec Eric Zemmour<\/a>, le dirigeant de Place publique a \u00e9t\u00e9 interrog\u00e9 par un panel de Fran\u00e7ais. Au milieu des divers profils \u2013 petit patron, \u00e9tudiante portant le voile, agriculteur \u2013, l\u2019attitude d\u2019une intervenante a suscit\u00e9 les soup\u00e7ons de plusieurs internautes, qui ont accus\u00e9 la cha\u00eene d\u2019avoir fait appel \u00e0 une complice de l\u2019\u00e9lu de centre gauche, pressenti pour la course \u00e0 l\u2019Elys\u00e9e.<\/p>\n<p class=\"sc-cPiKLX AiZTS text-element\">Jug\u00e9e trop souriante et amicale avec Rapha\u00ebl Glucksmann, qu\u2019elle a tutoy\u00e9 sur le plateau, Nelly Bouet, restauratrice \u00abd\u00e9\u00e7ue par la politique\u00bb, selon l\u2019animateur David Pujadas, a \u00e9t\u00e9 attaqu\u00e9e en ligne, aussi bien par des militants de droite et d\u2019extr\u00eame droite que de La France insoumise.<\/p>\n<p class=\"sc-cPiKLX AiZTS text-element\">Elle est accus\u00e9e d\u2019\u00eatre en r\u00e9alit\u00e9 une \u00abcoach de l\u2019homme politique\u00bb, une membre de son parti Place publique, voire une proche de Rapha\u00ebl Glucksmann. En cause, un extrait durant la confrontation avec Eric Zemmour, o\u00f9 l\u2019on peut lire \u00aboh, calme-toi\u00bb sur les l\u00e8vres de cette femme, qui semble regarder en direction de Glucksmann en lui faisant des signes d\u2019apaisement avec les mains, tandis que les deux politiciens s\u2019\u00e9charpent.<\/p>\n<blockquote class=\"twitter-tweet\">\n<p lang=\"fr\" dir=\"ltr\">Bidonnage sur <a href=\"https:\/\/twitter.com\/LCI?ref_src=twsrc%5Etfw\" rel=\"nofollow noopener\" target=\"_blank\">@LCI<\/a> qui a demand\u00e9 \u00e0  une Fran\u00e7aise anonyme de poser une question \u00e0 Rapha\u00ebl Glucksmann<\/p>\n<p>Alors que Nelly Bouet est son amie, elle le tutoie et lui fait des signes depuis le public de se calmer<a href=\"https:\/\/t.co\/9XHo1ddXqe\" rel=\"nofollow\">pic.twitter.com\/9XHo1ddXqe<\/a><\/p>\n<p>\u2014 VirusWar\ud83d\udd4a\ufe0f (@VirusWar) <a href=\"https:\/\/twitter.com\/VirusWar\/status\/1991454791554461983?ref_src=twsrc%5Etfw\" rel=\"nofollow noopener\" target=\"_blank\">November 20, 2025<\/a><\/p><\/blockquote>\n<p class=\"sc-cPiKLX AiZTS text-element\">CheckNews a retrouv\u00e9 la trace de Nelly, qui est bien \u00e0 la t\u00eate d\u2019un restaurant-caf\u00e9 \u00e0 Saint-Germain-des-Foss\u00e9s, dans l\u2019Allier. Sur son compte Facebook, elle n\u2019affiche aucune affinit\u00e9 politique particuli\u00e8re. Idem sur son compte Twitter, inactif depuis 2014.<\/p>\n<p class=\"sc-cPiKLX AiZTS text-element\">Contact\u00e9e, Nelly Bouet rejette en bloc les accusations de proximit\u00e9 avec Rapha\u00ebl Glucksmann : \u00abLes gens sur Internet sont tar\u00e9s, ils n\u2019ont pas assist\u00e9 au d\u00e9bat. Ils ne savent pas, mais par contre, \u00e7a bave.\u00bb Elle explique avoir \u00e9t\u00e9 rep\u00e9r\u00e9e par LCI apr\u00e8s un portrait dans <a href=\"https:\/\/www.lemonde.fr\/economie\/article\/2024\/03\/18\/derriere-le-mirage-de-l-entrepreneuriat-la-realite-des-patrons-sous-le-smic_6222647_3234.html\" target=\"_blank\" rel=\"nofollow noopener\">le Monde<\/a>, publi\u00e9 en mars 2024 et consacr\u00e9 \u00e0 la r\u00e9alit\u00e9 des petits patrons.<\/p>\n<p class=\"sc-cPiKLX AiZTS text-element\">A la suite de son passage dans l\u2019\u00e9mission, elle dit avoir \u00e9t\u00e9 vis\u00e9e par une \u00abvague de m\u00e9chancet\u00e9 gratuite\u00bb en ligne, qu\u2019elle attribue \u00e0 \u00abla m\u00e9diocrit\u00e9\u00bb de certains internautes. \u00abOn nous demande de repr\u00e9senter les Fran\u00e7ais, leur quotidien, leurs gal\u00e8res. Et ce que je d\u00e9couvre en sortant du plateau, c\u2019est la violence des commentaires\u00bb, d\u00e9plore-t-elle.<\/p>\n<p class=\"sc-cPiKLX AiZTS text-element\">Elle insiste sur le fait qu\u2019elle ne connaissait \u00abpersonne\u00bb avant l\u2019\u00e9mission. Y compris Glucksmann : \u00abJe ne savais m\u00eame pas qui c\u2019\u00e9tait.\u00bb Apr\u00e8s avoir fait des recherches sur lui avant l\u2019\u00e9mission et \u00e0 l\u2019issue de cette derni\u00e8re, elle le consid\u00e8re comme un \u00abgauchiste caviar\u00bb.<\/p>\n<p class=\"sc-cPiKLX AiZTS text-element\">Sur ses \u00e9changes sur le plateau, notamment son tutoiement de Rapha\u00ebl Glucksmann, elle s\u2019explique simplement : \u00abJe tutoie tout le monde. Ce n\u2019est ni un manque de respect ni de la proximit\u00e9. Je suis comme \u00e7a.\u00bb Durant notre \u00e9change, elle affiche cette m\u00eame familiarit\u00e9 avec CheckNews.<\/p>\n<p class=\"sc-cPiKLX AiZTS text-element\">Quant \u00e0 la s\u00e9quence o\u00f9 elle semble dire \u00abcalme-toi\u00bb au d\u00e9put\u00e9 europ\u00e9en, elle d\u00e9ment : \u00abC\u2019\u00e9tait le mec qui \u00e9tait derri\u00e8re Glucksmann, qui bouillonnait. Le mec, je me suis dit : il va sauter sur le plateau, \u00e7a va partir en couille.\u00bb<\/p>\n<p class=\"sc-cPiKLX AiZTS text-element\">Nelly Bouet, qui se d\u00e9finit comme \u00abfille d\u2019ouvrier\u00bb, affirme voter blanc depuis 2017 : \u00abMais nos votes blancs ne sont pas pris en compte.\u00bb Elle d\u00e9crit un rapport conflictuel \u00e0 la politique. Apr\u00e8s avoir vot\u00e9 successivement pour Chirac en 2002, Sarkozy en 2007, puis Hollande en 2012, elle s\u2019est d\u00e9tourn\u00e9e durablement des partis et assure n\u2019avoir jamais vot\u00e9 Macron : \u00abPour moi, il \u00e9tait hors de question de mettre un mec banquier qui a travaill\u00e9 pour des riches.\u00bb<\/p>\n<p class=\"sc-cPiKLX AiZTS text-element\">Sur ses affinit\u00e9s actuelles, elle se pr\u00e9sente comme sensible aux discours de fermet\u00e9 et de r\u00e9duction des d\u00e9penses de l\u2019Etat. \u00abJe vais \u00eatre plus du c\u00f4t\u00e9 de Jordan [Bardella], par exemple\u00bb, conc\u00e8de-t-elle, sans pour autant vouloir se d\u00e9signer comme une de ses \u00e9lectrices. Elle critique Zemmour pour ses positions jug\u00e9es extr\u00eames, citant notamment la volont\u00e9 qu\u2019il avait d\u2019obliger les \u00e9trangers \u00e0 donner des pr\u00e9noms fran\u00e7ais \u00e0 leurs enfants. Quand on lui parle de Jean-Luc M\u00e9lenchon, elle le qualifie rapidement d\u2019\u00abextr\u00e9miste\u00bb, qui \u00abattise la haine\u00bb. Id\u00e9alement, elle voudrait \u00abquelqu\u2019un qui soutienne la France, qui [\u2026] fasse diminuer les d\u00e9penses de l\u2019Etat, [qui] soit l\u00e0 pour les Fran\u00e7ais qui bossent\u00bb. Sur l\u2019immigration, elle n\u2019est \u00abpas contre que les gens \u00e9trangers viennent travailler chez nous, mais il faut qu\u2019ils s\u2019int\u00e8grent dans notre pays\u00bb.<\/p>\n<p class=\"sc-cPiKLX AiZTS text-element\">En ce qui concerne les rumeurs les plus farfelues, dont elle a eu vent, elle assure avec ironie qu\u2019elle n\u2019est pas la \u00abma\u00eetresse\u00bb de Rapha\u00ebl Glucksmann : \u00abParce que la pauvre L\u00e9a [Salam\u00e9, journaliste et compagne de l\u2019eurod\u00e9put\u00e9, ndlr], elle va me faire des scandales, sinon.\u00bb<\/p>\n<p><script async src=\"https:\/\/platform.twitter.com\/widgets.js\" charset=\"utf-8\"><\/script><\/p>\n","protected":false},"excerpt":{"rendered":"Mardi 18 novembre, le d\u00e9put\u00e9 europ\u00e9en Rapha\u00ebl Glucksmann \u00e9tait l\u2019invit\u00e9 de la Grande Confrontation, l\u2019\u00e9mission politique de LCI,&hellip;\n","protected":false},"author":2,"featured_media":549498,"comment_status":"","ping_status":"","sticky":false,"template":"","format":"standard","meta":{"footnotes":""},"categories":[1356],"tags":[58,59,3220,1011,27,15923,252,1364],"class_list":{"0":"post-549497","1":"post","2":"type-post","3":"status-publish","4":"format-standard","5":"has-post-thumbnail","7":"category-television","8":"tag-divertissement","9":"tag-entertainment","10":"tag-eric-zemmour","11":"tag-fr","12":"tag-france","13":"tag-raphael-glucksmann","14":"tag-television","15":"tag-tv"},"share_on_mastodon":{"url":"https:\/\/pubeurope.com\/@fr\/115588725883653039","error":""},"_links":{"self":[{"href":"https:\/\/www.europesays.com\/fr\/wp-json\/wp\/v2\/posts\/549497","targetHints":{"allow":["GET"]}}],"collection":[{"href":"https:\/\/www.europesays.com\/fr\/wp-json\/wp\/v2\/posts"}],"about":[{"href":"https:\/\/www.europesays.com\/fr\/wp-json\/wp\/v2\/types\/post"}],"author":[{"embeddable":true,"href":"https:\/\/www.europesays.com\/fr\/wp-json\/wp\/v2\/users\/2"}],"replies":[{"embeddable":true,"href":"https:\/\/www.europesays.com\/fr\/wp-json\/wp\/v2\/comments?post=549497"}],"version-history":[{"count":0,"href":"https:\/\/www.europesays.com\/fr\/wp-json\/wp\/v2\/posts\/549497\/revisions"}],"wp:featuredmedia":[{"embeddable":true,"href":"https:\/\/www.europesays.com\/fr\/wp-json\/wp\/v2\/media\/549498"}],"wp:attachment":[{"href":"https:\/\/www.europesays.com\/fr\/wp-json\/wp\/v2\/media?parent=549497"}],"wp:term":[{"taxonomy":"category","embeddable":true,"href":"https:\/\/www.europesays.com\/fr\/wp-json\/wp\/v2\/categories?post=549497"},{"taxonomy":"post_tag","embeddable":true,"href":"https:\/\/www.europesays.com\/fr\/wp-json\/wp\/v2\/tags?post=549497"}],"curies":[{"name":"wp","href":"https:\/\/api.w.org\/{rel}","templated":true}]}}