{"id":549499,"date":"2025-11-21T16:52:17","date_gmt":"2025-11-21T16:52:17","guid":{"rendered":"https:\/\/www.europesays.com\/fr\/549499\/"},"modified":"2025-11-21T16:52:17","modified_gmt":"2025-11-21T16:52:17","slug":"a-80-ans-sheila-danse-sur-scene-comme-a-ses-30-ans","status":"publish","type":"post","link":"https:\/\/www.europesays.com\/fr\/549499\/","title":{"rendered":"\u00e0 80\u00a0ans, Sheila danse sur sc\u00e8ne comme \u00e0 ses 30\u00a0ans"},"content":{"rendered":"<p>\n                            La chanteuse Sheila, 80\u00a0ans, a prouv\u00e9 lors de son dernier concert qu&rsquo;elle n&rsquo;a rien perdu de sa jeunesse. Une performance impressionnante pour son \u00e2ge\u00a0!<\/p>\n<p>Infatigable\u00a0! <a href=\"https:\/\/www.journaldesfemmes.fr\/people\/personnalites\/2839695-sheila-age-mari-ludovic\/\" title=\"Annie Chancel\" rel=\"nofollow noopener\" target=\"_blank\">Sheila<\/a> a beau avoir f\u00eat\u00e9 ses 80\u00a0ans il y a quelques mois, elle semblait v\u00e9ritablement en avoir 50\u00a0de moins \u00e0 l&rsquo;occasion de la premi\u00e8re date de sa tourn\u00e9e anniversaire 8.0\u00a0qui c\u00e9l\u00e8bre plus de six d\u00e9cennies de carri\u00e8re.<\/p>\n<p>Malgr\u00e9 son \u00e2ge, l&rsquo;ic\u00f4ne des ann\u00e9es y\u00e9y\u00e9 est toujours aussi \u00e9nergique comme elle l&rsquo;a montr\u00e9 au D\u00f4me de Paris le 18\u00a0novembre dernier. Une jambe en l&rsquo;air par-ci, un d\u00e9hanch\u00e9 souple et naturel par-l\u00e0\u2026 Elle danse et chante en ayant conserv\u00e9 toute son \u00e9nergie d&rsquo;antan. Entour\u00e9e de danseurs v\u00eatus de tenues argent\u00e9es, Sheila se d\u00e9hanche aussi bien sur des tubes mythiques que sur des chansons r\u00e9centes. \u00ab\u00a02\u00a0h et demie de show, une premi\u00e8re heure consacr\u00e9e uniquement \u00e0 de nouvelles chansons, sans pause, sans playback, sans prompteur et sans ignorer le d\u00e9fi et les fragilit\u00e9s\u00a0\u00bb, \u00e9crit-elle d&rsquo;ailleurs en l\u00e9gende de sa publication avant de citer Georges Sand\u00a0: \u00ab\u00a0Vieillir ce n&rsquo;est pas perdre sa jeunesse, c&rsquo;est en retrouver les couleurs \u00e0 travers les yeux de l&rsquo;\u00e2me\u00a0\u00bb. M\u00eame la chevelure de la chanteuse de 80\u00a0ans semble d\u00e9fier le temps puisqu&rsquo;elle affiche une tresse XXL qui lui descend jusqu&rsquo;au bas du dos.<\/p>\n<p><img decoding=\"async\" alt=\"\" src=\"https:\/\/www.europesays.com\/fr\/wp-content\/uploads\/2025\/11\/40055505.jpg\"\/><\/p>\n<p>Cette forme olympique, Sheila la doit \u00e0 quinze ann\u00e9es de danse classique mais aussi et surtout \u00e0 une hygi\u00e8ne de vie irr\u00e9prochable. \u00ab\u00a0J&rsquo;ai la chance d&rsquo;\u00eatre en bonne sant\u00e9. J&rsquo;ai \u0153uvr\u00e9 pour \u00e7a. Je n&rsquo;ai pas bu, pas pris de drogues, j&rsquo;ai toujours fait du sport\u00a0\u00bb, a-t-elle r\u00e9v\u00e9l\u00e9 au cours d&rsquo;une r\u00e9cente interview pour Gala.<\/p>\n<p>Tr\u00e8s sportive, l&rsquo;interpr\u00e8te de L&rsquo;\u00c9cole est finie s&rsquo;entra\u00eene assid\u00fbment, \u00e0 raison de deux \u00e0 trois s\u00e9ances par semaine\u00a0: \u00ab\u00a0D\u00e8s 8\u00a0heures du matin, je file \u00e0 la salle de sport, je fais du <a href=\"https:\/\/www.journaldesfemmes.fr\/beaute\/conseils-forme-et-minceur\/2623129-cardio-perdre-du-poids\/\" title=\"Exercice cardio\" rel=\"nofollow noopener\" target=\"_blank\">cardio<\/a>, de la musculation. Je travaille beaucoup, j&rsquo;ai des courbatures. Mais si tu veux, tu peux\u00a0!\u00a0\u00bb. Un v\u00e9ritable exemple de long\u00e9vit\u00e9\u00a0!<\/p>\n","protected":false},"excerpt":{"rendered":"La chanteuse Sheila, 80\u00a0ans, a prouv\u00e9 lors de son dernier concert qu&rsquo;elle n&rsquo;a rien perdu de sa jeunesse.&hellip;\n","protected":false},"author":2,"featured_media":549500,"comment_status":"","ping_status":"","sticky":false,"template":"","format":"standard","meta":{"footnotes":""},"categories":[1355],"tags":[66697,51761,58,59,51763,1011,27,51766,1031,1361,873,51767],"class_list":{"0":"post-549499","1":"post","2":"type-post","3":"status-publish","4":"format-standard","5":"has-post-thumbnail","7":"category-musique","8":"tag-cms-journaldesfemmes-3248068","9":"tag-controller-content","10":"tag-divertissement","11":"tag-entertainment","12":"tag-format-papier","13":"tag-fr","14":"tag-france","15":"tag-les-histoires-du-jdf","16":"tag-magazine","17":"tag-music","18":"tag-musique","19":"tag-parallaxeinfeed"},"share_on_mastodon":{"url":"https:\/\/pubeurope.com\/@fr\/115588730752604781","error":""},"_links":{"self":[{"href":"https:\/\/www.europesays.com\/fr\/wp-json\/wp\/v2\/posts\/549499","targetHints":{"allow":["GET"]}}],"collection":[{"href":"https:\/\/www.europesays.com\/fr\/wp-json\/wp\/v2\/posts"}],"about":[{"href":"https:\/\/www.europesays.com\/fr\/wp-json\/wp\/v2\/types\/post"}],"author":[{"embeddable":true,"href":"https:\/\/www.europesays.com\/fr\/wp-json\/wp\/v2\/users\/2"}],"replies":[{"embeddable":true,"href":"https:\/\/www.europesays.com\/fr\/wp-json\/wp\/v2\/comments?post=549499"}],"version-history":[{"count":0,"href":"https:\/\/www.europesays.com\/fr\/wp-json\/wp\/v2\/posts\/549499\/revisions"}],"wp:featuredmedia":[{"embeddable":true,"href":"https:\/\/www.europesays.com\/fr\/wp-json\/wp\/v2\/media\/549500"}],"wp:attachment":[{"href":"https:\/\/www.europesays.com\/fr\/wp-json\/wp\/v2\/media?parent=549499"}],"wp:term":[{"taxonomy":"category","embeddable":true,"href":"https:\/\/www.europesays.com\/fr\/wp-json\/wp\/v2\/categories?post=549499"},{"taxonomy":"post_tag","embeddable":true,"href":"https:\/\/www.europesays.com\/fr\/wp-json\/wp\/v2\/tags?post=549499"}],"curies":[{"name":"wp","href":"https:\/\/api.w.org\/{rel}","templated":true}]}}