{"id":549507,"date":"2025-11-21T16:57:12","date_gmt":"2025-11-21T16:57:12","guid":{"rendered":"https:\/\/www.europesays.com\/fr\/549507\/"},"modified":"2025-11-21T16:57:12","modified_gmt":"2025-11-21T16:57:12","slug":"aya-nakamura-va-encore-bouleverser-la-langue-francaise-avec-ses-nouvelles-expressions","status":"publish","type":"post","link":"https:\/\/www.europesays.com\/fr\/549507\/","title":{"rendered":"Aya Nakamura va encore bouleverser la langue fran\u00e7aise avec ses nouvelles expressions"},"content":{"rendered":"<p>C\u2019est l\u2019\u00e9v\u00e9nement du jour. <a href=\"https:\/\/www.20minutes.fr\/arts-stars\/culture\/aya-nakamura\/\" class=\"c-link c-link--is-underlined\" target=\"_blank\" rel=\"noopener\">Aya Nakamura<\/a> est de retour avec son <a href=\"https:\/\/www.20minutes.fr\/arts-stars\/culture\/musique\/4186992-20251121-ecoute-nouvel-album-aya-nakamura-donne-avis\" class=\"c-link c-link--is-underlined\" target=\"_blank\" rel=\"noopener\">nouvel album<\/a> Destin\u00e9e, sorti ce vendredi. N\u2019en d\u00e9plaise \u00e0 celles et ceux qui tentent de d\u00e9cr\u00e9dibiliser l\u2019artiste fran\u00e7aise la plus stream\u00e9e au monde\u2026 \u00c0 chaque fois la m\u00eame histoire\u00a0: ses paroles seraient \u00ab\u00a0incompr\u00e9hensibles\u00a0\u00bb, son style \u00ab\u00a0pas vraiment fran\u00e7ais\u00a0\u00bb. Mais pendant que les d\u00e9tracteurs boomers s\u2019acharnent, la chanteuse franco-malienne transforme notre fa\u00e7on de nous exprimer.<\/p>\n<\/p>\n<p>Comme le rappelle une chronique de <a href=\"https:\/\/www.radiofrance.fr\/franceculture\/podcasts\/l-info-culturelle-reportages-enquetes-analyses\/avec-aya-nakamura-une-langue-francaise-vivante-et-en-mouvement-8186653\" target=\"_blank\" class=\"c-link c-link--is-underlined\" rel=\"noopener\">France Culture<\/a>, l\u2019artiste est \u00ab\u00a0l\u2019une des meilleures ambassadrices de la langue fran\u00e7aise dans le monde\u00a0\u00bb, une chanteuse qui \u00ab\u00a0enrichit constamment la langue\u00a0\u00bb, en m\u00e9langeant argot, cr\u00e9oles, nouchi, malien, espagnol, anglais et expressions issues des r\u00e9seaux sociaux. Et si Marine le Pen estime que sa prestation \u00e0 la c\u00e9r\u00e9monie des Jeux olympiques avait \u00ab\u00a0humili\u00e9 le peuple fran\u00e7ais\u00a0\u00bb, Aya Nakamura chantera devant des centaines de milliers de francophones et francophiles lors de sa tourn\u00e9e 2026, qui passe notamment pour <a href=\"https:\/\/www.20minutes.fr\/arts-stars\/culture\/musique\/4182946-20251031-aya-nakamura-deja-vendu-240-000-places-trois-concerts-stade-france\" class=\"c-link c-link--is-underlined\" target=\"_blank\" rel=\"noopener\">trois soirs au Stade de France<\/a>, les 29, 30 et 31\u00a0mai prochains.<\/p>\n<p>Des expressions d\u00e9j\u00e0 dans notre vocabulaire<\/p>\n<p>Si Destin\u00e9e est son cinqui\u00e8me album, les quatre opus pr\u00e9c\u00e9dents ont d\u00e9j\u00e0 \u00e9t\u00e9 de v\u00e9ritables usines \u00e0 expressions populaires et ont marqu\u00e9 toute une g\u00e9n\u00e9ration. \u00ab\u00a0Djadja\u00a0\u00bb qui signifie menteur\u00a0; \u00ab\u00a0Pookie\u00a0\u00bb qui veut dire balance ou rapporteur\u00a0; un \u00ab\u00a0Djo\u00a0\u00bb ou un \u00ab\u00a0boug\u00a0\u00bb est un mec\u2026 Aya Nakamura a impos\u00e9 des mots et des tournures qui ont quitt\u00e9 les plateformes de streamings pour s\u2019installer dans nos conversations du quotidien.<\/p>\n<p>\u00ab\u00a0En catchana, baby tu dead \u00e7a\u00a0\u00bb, \u00ab\u00a0ferme la porte y a la pookie dans le sas\u00a0\u00bb ou \u00ab\u00a0Tu parles sur moi, y\u2019a R\u00a0\u00bb\u2026 Si vous n\u2019avez jamais entendu ces phrases, peut-\u00eatre vivez dans une grotte. Preuve que, qu\u2019on le veuille ou non, la chanteuse a d\u00e9j\u00e0 fa\u00e7onn\u00e9 notre vocabulaire.<\/p>\n<p>20 Minutes a donc attentivement \u00e9cout\u00e9 les paroles des nouvelles chansons d\u2019Aya Nakamura pour essayer de pr\u00e9dire quelles expressions allaient entrer dans notre quotidien dans les mois qui viennent.<\/p>\n<p>\u00ab\u00a0Je l\u2019ai d\u00e9branch\u00e9\u00a0\u00bb<\/p>\n<p>Dans le son qui porte le m\u00eame nom, D\u00e9brancher, Aya Nakamura transforme un verbe banal en arme affective. En d\u00e9branchant quelqu\u2019un la chanteuse nous offre une nouvelle fa\u00e7on de dire \u00e0 nos amis qu\u2019on ne fr\u00e9quente plus quelqu\u2019un.<\/p>\n<blockquote class=\"mx-m@xs mx-xxl@md color-ultramarine c-citation\">\n<p class=\"font-weight-regular@xs text-italic font-source-serif-pro text-l@xs c-citation__content\">\u00ab\u00a0\u00ab\u00a0J\u2019l\u2019ai d\u00e9branch\u00e9, j\u2019l\u2019ai mis off (j\u2019l\u2019ai mis off)\u00a0\u00bb<\/p>\n<\/blockquote>\n<blockquote class=\"mx-m@xs mx-xxl@md color-ultramarine c-citation\">\n<p class=\"font-weight-regular@xs text-italic font-source-serif-pro text-l@xs c-citation__content\">\u00ab\u00a0De lui j\u2019me suis d\u00e9tach\u00e9e\u00a0\u00bb<\/p>\n<\/blockquote>\n<blockquote class=\"mx-m@xs mx-xxl@md color-ultramarine c-citation\">\n<p class=\"font-weight-regular@xs text-italic font-source-serif-pro text-l@xs c-citation__content\">\u00ab\u00a0J\u2019l\u2019ai d\u00e9branch\u00e9, j\u2019l\u2019ai mis off\u00a0\u00bb<\/p>\n<\/blockquote>\n<blockquote class=\"mx-m@xs mx-xxl@md color-ultramarine c-citation\">\n<p class=\"font-weight-regular@xs text-italic font-source-serif-pro text-l@xs c-citation__content\">\u00ab\u00a0Fin de lui l\u00e0 j\u2019suis trop f\u00e2ch\u00e9e\u00a0\u00bb<\/p>\n<\/blockquote>\n<blockquote class=\"mx-m@xs mx-xxl@md color-ultramarine c-citation\">\n<p class=\"font-weight-regular@xs text-italic font-source-serif-pro text-l@xs c-citation__content\">\u00ab\u00a0Il a jou\u00e9, il a perdu (il a jou\u00e9, il a perdu)\u00a0\u00bb\u00a0\u00bb<\/p>\n<\/blockquote>\n<p>\u00ab\u00a0Baby bout\u00a0\u00bb<\/p>\n<p>Apr\u00e8s deux \u00e9coutes de l\u2019album, il est d\u00e9j\u00e0 dans notre t\u00eate, on parie que cette expression sera bient\u00f4t dans la v\u00f4tre aussi. Dans les titres Bueno, Pamela, Tralala ou encore Baby boy, ce terme affectif revient de nombreuse fois. Fini les \u00ab\u00a0Babe\u00a0\u00bb, \u00ab\u00a0B\u00e9b\u00e9\u00a0\u00bb\u2026 maintenant on appelle nos crushs \u00ab\u00a0Baby bout\u00a0\u00bb<\/p>\n<blockquote class=\"mx-m@xs mx-xxl@md color-ultramarine c-citation\">\n<p class=\"font-weight-regular@xs text-italic font-source-serif-pro text-l@xs c-citation__content\">\u00ab\u00a0\u00ab\u00a0Qu\u2019est-ce qu\u2019il est beau baby bout, goddamn\u00a0\u00bb<\/p>\n<\/blockquote>\n<blockquote class=\"mx-m@xs mx-xxl@md color-ultramarine c-citation\">\n<p class=\"font-weight-regular@xs text-italic font-source-serif-pro text-l@xs c-citation__content\">\u00ab\u00a0J\u2019habite, j\u2019habite par ici\u00a0\u00bb<\/p>\n<\/blockquote>\n<blockquote class=\"mx-m@xs mx-xxl@md color-ultramarine c-citation\">\n<p class=\"font-weight-regular@xs text-italic font-source-serif-pro text-l@xs c-citation__content\">\u00ab\u00a0Baby, baby bout, viens me caresser\u00a0\u00bb\u00a0\u00bb<\/p>\n<\/blockquote>\n<p>Atteindre le \u00ab\u00a0tiki-tiki\u00a0\u00bb<\/p>\n<blockquote class=\"mx-m@xs mx-xxl@md color-ultramarine c-citation\">\n<p class=\"font-weight-regular@xs text-italic font-source-serif-pro text-l@xs c-citation__content\">\u00ab\u00a0M\u2019a vu une fois, il m\u2019appelle b\u00e9b\u00e9, j\u2019atteins le tiki-tiki\u00a0\u00bb<\/p>\n<\/blockquote>\n<p>Nous aussi on veut atteindre le tiki-tiki\u2026 Mais qu\u2019est-ce que c\u2019est le tiki-tiki Aya\u00a0? Impossible de trouver une d\u00e9finition \u00ab\u00a0officielle\u00a0\u00bb, mais \u00e0 l\u2019\u00e9coute du titre Il veut, on peut imaginer que ce terme signifie un moment de d\u00e9sir, tension entre deux personnes. On attend la d\u00e9finition officielle de la chanteuse dans les prochaines interviews.<\/p>\n<p>\u00ab\u00a0Y\u2019a pas de timinik\u00a0\u00bb<\/p>\n<p>\u00ab\u00a0Timinik\u00a0\u00bb vient de l\u2019arabe dialectal et signifie grosso modo faire des mani\u00e8res, chipoter, jouer les difficiles. Quand la chanteuse lance \u00ab\u00a0y\u2019a pas de timinik\u00a0\u00bb dans Carnet d\u2019adresses, elle dit simplement\u00a0: pas de chichi, pas de drama, pas de cin\u00e9ma entre elle et la personne qu\u2019elle fr\u00e9quente.<\/p>\n<blockquote class=\"mx-m@xs mx-xxl@md color-ultramarine c-citation\">\n<p class=\"font-weight-regular@xs text-italic font-source-serif-pro text-l@xs c-citation__content\">\u00ab\u00a0Entre nous, y a pas de timinik, on se comprend\u00a0\u00bb<\/p>\n<\/blockquote>\n<blockquote class=\"mx-m@xs mx-xxl@md color-ultramarine c-citation\">\n<p class=\"font-weight-regular@xs text-italic font-source-serif-pro text-l@xs c-citation__content\">\u00ab\u00a0Sans mot, c\u2019est de \u00e7a qu\u2019il s\u2019agit\u00a0\u00bb<\/p>\n<\/blockquote>\n<p>Qu\u2019on le veuille ou non, l\u2019artiste impose ses mots autant que ses m\u00e9lodies. Avec son nouvel album, elle signe l\u2019un des retours les plus attendus de\u00a02025. Entre ses nouvelles chansons, ses trois stades de France et sa <a href=\"https:\/\/www.20minutes.fr\/arts-stars\/4184196-20251107-places-voir-aya-nakamura-paris-panique-va-faire-festivals\" class=\"c-link c-link--is-underlined\" target=\"_blank\" rel=\"noopener\">tourn\u00e9e des festivals<\/a>, une chose est s\u00fbre\u00a0: on n\u2019a pas fini d\u2019entendre le nom Aya Nakamura, et on esp\u00e8re que vous \u00eates aussi ravis que nous.<\/p>\n","protected":false},"excerpt":{"rendered":"C\u2019est l\u2019\u00e9v\u00e9nement du jour. Aya Nakamura est de retour avec son nouvel album Destin\u00e9e, sorti ce vendredi. N\u2019en&hellip;\n","protected":false},"author":2,"featured_media":549508,"comment_status":"","ping_status":"","sticky":false,"template":"","format":"standard","meta":{"footnotes":""},"categories":[8],"tags":[1692,11774,4150,2704,251,58,59,66698,1011,27,34125,3996,873,3616,5896],"class_list":{"0":"post-549507","1":"post","2":"type-post","3":"status-publish","4":"format-standard","5":"has-post-thumbnail","7":"category-divertissement","8":"tag-album","9":"tag-aya-nakamura","10":"tag-ceremonie","11":"tag-chanteuse","12":"tag-culture","13":"tag-divertissement","14":"tag-entertainment","15":"tag-expression","16":"tag-fr","17":"tag-france","18":"tag-france-culture","19":"tag-jeux-olympiques","20":"tag-musique","21":"tag-rap","22":"tag-tempo"},"share_on_mastodon":{"url":"https:\/\/pubeurope.com\/@fr\/115588749565257415","error":""},"_links":{"self":[{"href":"https:\/\/www.europesays.com\/fr\/wp-json\/wp\/v2\/posts\/549507","targetHints":{"allow":["GET"]}}],"collection":[{"href":"https:\/\/www.europesays.com\/fr\/wp-json\/wp\/v2\/posts"}],"about":[{"href":"https:\/\/www.europesays.com\/fr\/wp-json\/wp\/v2\/types\/post"}],"author":[{"embeddable":true,"href":"https:\/\/www.europesays.com\/fr\/wp-json\/wp\/v2\/users\/2"}],"replies":[{"embeddable":true,"href":"https:\/\/www.europesays.com\/fr\/wp-json\/wp\/v2\/comments?post=549507"}],"version-history":[{"count":0,"href":"https:\/\/www.europesays.com\/fr\/wp-json\/wp\/v2\/posts\/549507\/revisions"}],"wp:featuredmedia":[{"embeddable":true,"href":"https:\/\/www.europesays.com\/fr\/wp-json\/wp\/v2\/media\/549508"}],"wp:attachment":[{"href":"https:\/\/www.europesays.com\/fr\/wp-json\/wp\/v2\/media?parent=549507"}],"wp:term":[{"taxonomy":"category","embeddable":true,"href":"https:\/\/www.europesays.com\/fr\/wp-json\/wp\/v2\/categories?post=549507"},{"taxonomy":"post_tag","embeddable":true,"href":"https:\/\/www.europesays.com\/fr\/wp-json\/wp\/v2\/tags?post=549507"}],"curies":[{"name":"wp","href":"https:\/\/api.w.org\/{rel}","templated":true}]}}