{"id":549511,"date":"2025-11-21T16:59:27","date_gmt":"2025-11-21T16:59:27","guid":{"rendered":"https:\/\/www.europesays.com\/fr\/549511\/"},"modified":"2025-11-21T16:59:27","modified_gmt":"2025-11-21T16:59:27","slug":"le-reseau-fibre-sfr-est-a-moins-de-21-e-par-mois","status":"publish","type":"post","link":"https:\/\/www.europesays.com\/fr\/549511\/","title":{"rendered":"le r\u00e9seau fibre SFR est \u00e0 moins de 21 \u20ac par mois !"},"content":{"rendered":"<p>              <img decoding=\"async\" class=\"article-author__picture webp\" src=\"https:\/\/www.europesays.com\/fr\/wp-content\/uploads\/2025\/11\/1763744361_832_Sans titre.png.webp\" alt=\"Floriane Wittner\"\/><\/p>\n<p class=\"article-author__info--name\"> Par<br \/>\n                      <a href=\"https:\/\/www.echosdunet.net\/equipe\/floriane-wittner\" target=\"_blank\" rel=\"noopener author\"> Floriane Wittner <\/a><\/p>\n<p class=\"article-author__info--description\"> Charg\u00e9e des actualit\u00e9s Telecom <\/p>\n<p>        Ecrit le<\/p>\n<p>                                21\/11\/2025<\/p>\n<p>            min de lecture\n        <\/p>\n<p class=\"intro\">C&rsquo;est une excellente nouvelle \u00e0 l&rsquo;approche des f\u00eates de fin d&rsquo;ann\u00e9e : la qualit\u00e9 du r\u00e9seau fibre SFR est d\u00e9sormais disponible \u00e0 moins de 21 \u20ac par mois ! La RED box Fibre s&rsquo;impose \u00e0 nouveau comme l&rsquo;une des options les plus abordables du march\u00e9, avec un bonus en prime. Inutile d&rsquo;attendre le Black Friday ou No\u00ebl pour faire des \u00e9conomies. Avec RED by SFR, boostez votre connexion, mais pas vos factures !<\/p>\n<p class=\"text-align-center\"><a class=\"btn btn--success btn--lg\" href=\"https:\/\/www.echosdunet.net\/selection\/red\/box\/mea-novembre-25\" target=\"_blank\" rel=\"nofollow noopener\">Souscrire<\/a><\/p>\n<p>Un prix fou pour profiter de la fibre SFR<img decoding=\"async\" class=\"u-img--fluid\" src=\"https:\/\/www.europesays.com\/fr\/wp-content\/uploads\/2025\/11\/box-internet-red.png\" alt=\"box red sfr\" loading=\"lazy\"\/><\/p>\n<p>Incroyable, mais pas trop beau pour \u00eatre vrai. En ce moment, vous pouvez b\u00e9n\u00e9ficier de la <a href=\"https:\/\/www.echosdunet.net\/sfr\/reseau\" target=\"_blank\" rel=\"noopener\">qualit\u00e9 du r\u00e9seau fibre SFR<\/a> pour moins de 21 \u20ac par mois, <strong>sans engagement ni condition de dur\u00e9e<\/strong>.<\/p>\n<p>C&rsquo;est le super bon plan que vous propose RED by SFR avec sa box fibre \u00e0 <strong>seulement 20,99 \u20ac par mois<\/strong>.<\/p>\n<p>Un prix all\u00e9chant, qui place l&rsquo;op\u00e9rateur virtuel parmi les fournisseurs d&rsquo;acc\u00e8s les plus attractifs du march\u00e9.<\/p>\n<p>Avec un tarif aussi abordable, RED by SFR fait le pari de s&rsquo;adresser aussi bien aux familles connect\u00e9es qu&rsquo;aux utilisateurs exigeants, d\u00e9sireux de <strong>ma\u00eetriser leur facture t\u00e9l\u00e9com<\/strong>.<\/p>\n<p>Et c&rsquo;est un pari r\u00e9ussi, puisqu&rsquo;il s&rsquo;agit d&rsquo;une <strong>box fibre adapt\u00e9e \u00e0 tous les besoins<\/strong>, qui surpasse largement la concurrence en termes de prix.<\/p>\n<p>\u00c9videmment, les avantages de la RED box Fibre ne s&rsquo;arr\u00eatent pas l\u00e0 :<\/p>\n<ul class=\"list--check\">\n<li>Niveau performance, elle permet d&rsquo;atteindre jusqu&rsquo;\u00e0 1 Gbit\/s en d\u00e9bits sym\u00e9triques ;<\/li>\n<li>Elle vous fait profiter du <strong>Wi-Fi 5 <\/strong>et de la SFR box 7 ;<\/li>\n<li>Elle comporte les <strong>appels illimit\u00e9s vers les fixes de 100 pays<\/strong> + les mobiles de France !<\/li>\n<li>Enfin, la <a href=\"https:\/\/www.echosdunet.net\/red\/box-internet\/fibre\" target=\"_blank\" rel=\"noopener\">RED box Fibre<\/a> est dot\u00e9e de 35 cha\u00eenes TV \u00e0 visionner sur tous vos appareils nomades.<\/li>\n<\/ul>\n<p>\u00c0 20,99 \u20ac par mois seulement, <strong>personne ne propose mieux<\/strong> !<\/p>\n<p>Box RED by SFR au 21 novembre 2025<\/p>\n<tr>Nom de l&rsquo;offreServices et engagementPrix<\/tr>\n<tr>\n<td>\n<p><img decoding=\"async\" src=\"https:\/\/www.europesays.com\/fr\/wp-content\/uploads\/2025\/11\/logo-red-100.jpg\" alt=\"RED by SFR\" width=\"100\" height=\"50\" loading=\"lazy\"\/><\/p>\n<p><strong>RED box fibre<\/strong><br \/>Frais de service offerts sur demande !<\/p>\n<\/td>\n<td>\n<ul class=\"list--check\">\n<li><strong>Jusqu&rsquo;\u00e0 1 Gbit\/s<\/strong> en d\u00e9bits sym\u00e9triques<\/li>\n<li>SFR Box 7 et Wi-Fi 5<\/li>\n<li>Appels illimit\u00e9s fixes &amp; mobiles de France + 100 pays<\/li>\n<li><strong>35 cha\u00eenes TV<\/strong> sur PC, smartphone &amp; tablette<\/li>\n<li>Offre sans engagement<\/li>\n<\/ul>\n<\/td>\n<td><strong>20,99\u20ac par mois<\/strong>\u00a0<br \/><a class=\"btn btn--success btn--md\" href=\"https:\/\/www.echosdunet.net\/selection\/red\/box\/mea-novembre-25\" target=\"_blank\" rel=\"nofollow noopener\">Souscrire en ligne<\/a><\/td>\n<\/tr>\n<p>Bon \u00e0 savoir<\/p>\n<p>Pour b\u00e9n\u00e9ficier des appels illimit\u00e9s vers les mobiles de France, vous devez souscrire l&rsquo;option depuis votre <a href=\"https:\/\/www.echosdunet.net\/red\/espace-client\" target=\"_blank\" rel=\"noopener\">Espace RED by SFR<\/a>. Bonne nouvelle : <strong>l&rsquo;option est gratuite en ce moment<\/strong> !<\/p>\n<p>RED box Fibre : performante et personnalisable<img decoding=\"async\" class=\"u-img--fluid\" src=\"https:\/\/www.europesays.com\/fr\/wp-content\/uploads\/2025\/11\/promo-pouce-230x200-20_0.png\" alt=\"pouce promo\" loading=\"lazy\"\/><\/p>\n<p>Outre le fait qu&rsquo;elle permet d&rsquo;atteindre <strong>jusqu&rsquo;\u00e0 1 Gbit\/s en d\u00e9bits sym\u00e9triques<\/strong> comme pr\u00e9cis\u00e9 ci-dessus, la RED box Fibre poss\u00e8de bien d&rsquo;autres atouts.<\/p>\n<p>\u00c0 commencer par ses options de personnalisation, qui vous permettent de cr\u00e9er une offre fibre sur mesure pour r\u00e9pondre \u00e0 vos besoins sp\u00e9cifiques :<\/p>\n<ul class=\"list--check\">\n<li>Boostez votre connexion <strong>jusqu&rsquo;\u00e0 2 Gbit\/s partag\u00e9s<\/strong> + <a href=\"https:\/\/www.echosdunet.net\/reseau-internet\/wifi\/wifi-6\" target=\"_blank\" rel=\"noopener\">Wi-Fi 6<\/a> pour 2 \u20ac de plus par mois seulement ;<\/li>\n<li>Profitez de 35 cha\u00eenes sur TV avec l&rsquo;option d\u00e9codeur Connect TV (3 \u20ac par mois) ;<\/li>\n<li>\u00c9tendez votre bouquet TV \u00e0 <strong>100 cha\u00eenes<\/strong> (2 \u20ac par mois).<\/li>\n<\/ul>\n<p>Chaque option peut \u00eatre activ\u00e9e ou d\u00e9sactiv\u00e9e rapidement depuis votre <strong>espace client RED by SFR<\/strong>.<\/p>\n<p>Cela dit, l&rsquo;offre de base pour b\u00e9n\u00e9ficier de la fibre SFR \u00e0 <strong>moins de 21 \u20ac par mois<\/strong> est tout \u00e0 fait suffisante au quotidien.<\/p>\n<p>Exp\u00e9rience utilisateur optimale, <strong>connexion rapide et stable<\/strong>, service client r\u00e9actif&#8230; RED by SFR ne l\u00e9sine pas sur les moyens pour faire de sa box fibre une <strong>offre incontournable<\/strong> !<\/p>\n<p>Cerise sur le g\u00e2teau : l&rsquo;op\u00e9rateur virtuel propose \u00e0 nouveau, mais pour une dur\u00e9e limit\u00e9e, la gratuit\u00e9 des frais de mise en service sur simple demande. Apr\u00e8s avoir souscrit la RED box Fibre, vous avez juste \u00e0 remplir un formulaire pour <strong>\u00eatre rembours\u00e9 de 39 \u20ac<\/strong>, soit presque deux mois d&rsquo;abonnement !<\/p>\n<p>Pourquoi choisir la fibre SFR ?<img decoding=\"async\" class=\"u-img--fluid\" src=\"https:\/\/www.europesays.com\/fr\/wp-content\/uploads\/2025\/11\/question-red-230x200-20.png\" alt=\"homme perplexe red\" loading=\"lazy\"\/><\/p>\n<p>En tant que MVNO appartenant \u00e0 SFR, RED vous permet de profiter du <strong>r\u00e9seau fibre de SFR<\/strong> \u00e0 moindres frais avec sa box Internet.<\/p>\n<p>Un v\u00e9ritable atout, quand on sait que l&rsquo;op\u00e9rateur au carr\u00e9 rouge couvre <strong>plus de 87 % de la population<\/strong> en 2025 et compte \u00e0 lui seul 4,5 millions d&rsquo;abonn\u00e9s.<\/p>\n<p>La <a href=\"https:\/\/www.echosdunet.net\/sfr\/box-internet\/fibre\" target=\"_blank\" rel=\"noopener\">fibre SFR<\/a>, c&rsquo;est <strong>une meilleure bande passante<\/strong> pour streamer, t\u00e9l\u00e9charger des fichiers ou surfer sur Internet m\u00eame lorsque plusieurs utilisateurs sont connect\u00e9s. Elle vous offre aussi une <strong>qualit\u00e9 d&rsquo;image in\u00e9gal\u00e9e<\/strong> et des d\u00e9bits stables en toute circonstance.<\/p>\n<p>Une \u00e9tude r\u00e9alis\u00e9e en 2023 par l&rsquo;Arcep t\u00e9moigne \u00e9galement de la <strong>satisfaction des utilisateurs<\/strong> concernant la qualit\u00e9 de la fibre RED by SFR. 87 % des particuliers \u00e9taient par exemple satisfaits de pouvoir acc\u00e9der \u00e0 un site Web en moins de 10 secondes, quand pr\u00e8s de 94 % d&rsquo;entre eux t\u00e9moignaient de la diffusion parfaite de fichiers vid\u00e9o.<\/p>\n<p>Vous pouvez aussi <strong>v\u00e9rifier la couverture fibre RED by SFR<\/strong> pr\u00e8s de chez vous :<\/p>\n<p>\nR\u00e9seau internet RED\n<\/p>\n<p style=\"color:#fff;\">V\u00e9rifiez le taux de couverture dans votre zone g\u00e9ographique.<\/p>\n<p>\u00c0 moins de 21 \u20ac par mois, il serait dommage de se priver d&rsquo;un tel <strong>bon plan pour avoir la fibre chez soi<\/strong> !<\/p>\n<p>      Avez-vous trouv\u00e9 cette information utile ?<\/p>\n<p>100% des 1 votes trouvent l&rsquo;information utile.<\/p>\n","protected":false},"excerpt":{"rendered":"Par Floriane Wittner Charg\u00e9e des actualit\u00e9s Telecom Ecrit le 21\/11\/2025 min de lecture C&rsquo;est une excellente nouvelle \u00e0&hellip;\n","protected":false},"author":2,"featured_media":549512,"comment_status":"","ping_status":"","sticky":false,"template":"","format":"standard","meta":{"footnotes":""},"categories":[6],"tags":[35,33,34,1011,27],"class_list":{"0":"post-549511","1":"post","2":"type-post","3":"status-publish","4":"format-standard","5":"has-post-thumbnail","7":"category-economie","8":"tag-business","9":"tag-economie","10":"tag-economy","11":"tag-fr","12":"tag-france"},"share_on_mastodon":{"url":"https:\/\/pubeurope.com\/@fr\/115588759309068740","error":""},"_links":{"self":[{"href":"https:\/\/www.europesays.com\/fr\/wp-json\/wp\/v2\/posts\/549511","targetHints":{"allow":["GET"]}}],"collection":[{"href":"https:\/\/www.europesays.com\/fr\/wp-json\/wp\/v2\/posts"}],"about":[{"href":"https:\/\/www.europesays.com\/fr\/wp-json\/wp\/v2\/types\/post"}],"author":[{"embeddable":true,"href":"https:\/\/www.europesays.com\/fr\/wp-json\/wp\/v2\/users\/2"}],"replies":[{"embeddable":true,"href":"https:\/\/www.europesays.com\/fr\/wp-json\/wp\/v2\/comments?post=549511"}],"version-history":[{"count":0,"href":"https:\/\/www.europesays.com\/fr\/wp-json\/wp\/v2\/posts\/549511\/revisions"}],"wp:featuredmedia":[{"embeddable":true,"href":"https:\/\/www.europesays.com\/fr\/wp-json\/wp\/v2\/media\/549512"}],"wp:attachment":[{"href":"https:\/\/www.europesays.com\/fr\/wp-json\/wp\/v2\/media?parent=549511"}],"wp:term":[{"taxonomy":"category","embeddable":true,"href":"https:\/\/www.europesays.com\/fr\/wp-json\/wp\/v2\/categories?post=549511"},{"taxonomy":"post_tag","embeddable":true,"href":"https:\/\/www.europesays.com\/fr\/wp-json\/wp\/v2\/tags?post=549511"}],"curies":[{"name":"wp","href":"https:\/\/api.w.org\/{rel}","templated":true}]}}