{"id":549513,"date":"2025-11-21T17:01:24","date_gmt":"2025-11-21T17:01:24","guid":{"rendered":"https:\/\/www.europesays.com\/fr\/549513\/"},"modified":"2025-11-21T17:01:24","modified_gmt":"2025-11-21T17:01:24","slug":"les-violences-domestiques-sont-a-un-niveau-dramatique-annoncent-les-autorites","status":"publish","type":"post","link":"https:\/\/www.europesays.com\/fr\/549513\/","title":{"rendered":"les violences domestiques sont \u00e0 un niveau \u00abdramatique\u00bb, annoncent les autorit\u00e9s"},"content":{"rendered":"<p>\n    Le pays le plus peupl\u00e9 de l\u2019Union europ\u00e9enne a enregistr\u00e9 l\u2019an dernier pr\u00e8s de 266.000 victimes de violences domestiques, soit une augmentation de 3,8% par rapport \u00e0 2023 et \u00abun nouveau record\u00bb, selon les chiffres de la police criminelle (BKA).<\/p>\n<p class=\"fig-paragraph\">Les\u00a0<a href=\"https:\/\/www.lefigaro.fr\/tag\/violences-domestiques\" target=\"_blank\" rel=\"sponsored noopener\" data-gtm-custom-categorie=\"navigation\" data-gtm-custom-action=\"crossclick\" data-gtm-custom-label=\"Contextuel\" data-gtm-event=\"customEventSPE\">violences domestiques<\/a>\u00a0ont atteint un niveau record en 2024 en\u00a0<a href=\"https:\/\/www.lefigaro.fr\/tag\/allemagne\" target=\"_blank\" rel=\"sponsored noopener\" data-gtm-custom-categorie=\"navigation\" data-gtm-custom-action=\"crossclick\" data-gtm-custom-label=\"Contextuel\" data-gtm-event=\"customEventSPE\">Allemagne<\/a>, les crimes envers les femmes et fillettes augmentant \u00abcontinuellement\u00bb, ont annonc\u00e9 vendredi les autorit\u00e9s, qualifiant les chiffres de \u00abdramatiques\u00bb.<\/p>\n<p class=\"fig-paragraph\">Le pays le plus peupl\u00e9 de\u00a0<a href=\"https:\/\/www.lefigaro.fr\/tag\/union-europeenne\" target=\"_blank\" rel=\"sponsored noopener\" data-gtm-custom-categorie=\"navigation\" data-gtm-custom-action=\"crossclick\" data-gtm-custom-label=\"Contextuel\" data-gtm-event=\"customEventSPE\">l&rsquo;Union europ\u00e9enne<\/a>\u00a0a enregistr\u00e9 l&rsquo;an dernier pr\u00e8s de 266.000 victimes de violences domestiques, soit une augmentation de 3,8% par rapport \u00e0 2023 et \u00abun nouveau record\u00bb, selon les chiffres de la police criminelle (BKA).<\/p>\n<p>                                    <a class=\"fig-a11y-skip a11y-hidden\" href=\"#fig-a11y-skip-main-inarticle\"><br \/>\n        Passer la publicit\u00e9<br \/>\n    <\/a><\/p>\n<p>Augmentation de pr\u00e8s de 18% en cinq ans<\/p>\n<p class=\"fig-paragraph\">Cela repr\u00e9sente une augmentation de 17,8% sur les cinq derni\u00e8res ann\u00e9es. En 2024, ces violences domestiques se sont sold\u00e9es par 286 d\u00e9c\u00e8s, dont 191 femmes et 95 hommes. Les violences dites intrafamiliales &#8211; entre parents, enfants ou autres membres de la famille &#8211; pour lesquelles l&rsquo;augmentation est encore plus forte (7,3%) que les violences conjugales (1,9%), concernent en premier lieu les enfants \u00e2g\u00e9s de 6 \u00e0 14 ans.<\/p>\n<p class=\"fig-paragraph\">Si \u00abde plus en plus d&rsquo;hommes et de gar\u00e7ons sont \u00e9galement touch\u00e9s\u00bb, les victimes de violences domestiques restent majoritairement des femmes, avec environ 70% des victimes enregistr\u00e9es. \u00abSi vous faites le calcul, cela signifie qu&rsquo;en Allemagne, 15 femmes sont victimes de violences conjugales chaque heure\u00bb, a d\u00e9clar\u00e9 lors d&rsquo;une conf\u00e9rence de presse la ministre de la Famille Karine Prien, jugeant ces chiffres \u00abdramatiques\u00bb.<\/p>\n<p>\u00abNous n\u2019en voyons que la partie visible\u00bb<\/p>\n<p class=\"fig-paragraph\">L&rsquo;augmentation de la criminalit\u00e9, le ch\u00f4mage ou la p\u00e9nurie de logements peuvent expliquer la hausse des violences signal\u00e9es, souligne le BKA. Mais aussi l&rsquo;\u00e9volution des comportements qui favorise les d\u00e9p\u00f4ts de plainte. Malgr\u00e9 cela, le BKA estime que seulement 5% des cas de violences conjugales sont signal\u00e9s.<\/p>\n<p class=\"fig-paragraph\">\u00abLe nombre de crimes contre les femmes augmente continuellement, mais nous n&rsquo;en voyons que la partie visible\u00bb, a d\u00e9clar\u00e9 son pr\u00e9sident Holger M\u00fcnch. La peur, la honte ou une situation de d\u00e9pendance vis-\u00e0-vis de l&rsquo;auteur expliquent ces cas non signal\u00e9s, selon les premiers r\u00e9sultats d&rsquo;une enqu\u00eate men\u00e9e par le BKA et les minist\u00e8res de la Famille et de l&rsquo;Int\u00e9rieur. Le ministre de l&rsquo;Int\u00e9rieur Alexander Dobrindt a admis que les autorit\u00e9s devaient en faire \u00abbeaucoup plus\u00bb pour prot\u00e9ger les femmes de violences. Mercredi, le gouvernement a valid\u00e9 un projet de loi visant \u00e0 g\u00e9n\u00e9raliser le port du bracelet \u00e9lectronique pour les auteurs de violences domestiques, suivant le mod\u00e8le de l&rsquo;Espagne.<\/p>\n","protected":false},"excerpt":{"rendered":"Le pays le plus peupl\u00e9 de l\u2019Union europ\u00e9enne a enregistr\u00e9 l\u2019an dernier pr\u00e8s de 266.000 victimes de violences&hellip;\n","protected":false},"author":2,"featured_media":549514,"comment_status":"","ping_status":"","sticky":false,"template":"","format":"standard","meta":{"footnotes":""},"categories":[5],"tags":[11,672,1011,27,14,12,2949,798,28],"class_list":{"0":"post-549513","1":"post","2":"type-post","3":"status-publish","4":"format-standard","5":"has-post-thumbnail","7":"category-international","8":"tag-actualites","9":"tag-allemagne","10":"tag-fr","11":"tag-france","12":"tag-international","13":"tag-news","14":"tag-violences","15":"tag-violences-conjugales","16":"tag-world"},"share_on_mastodon":{"url":"","error":""},"_links":{"self":[{"href":"https:\/\/www.europesays.com\/fr\/wp-json\/wp\/v2\/posts\/549513","targetHints":{"allow":["GET"]}}],"collection":[{"href":"https:\/\/www.europesays.com\/fr\/wp-json\/wp\/v2\/posts"}],"about":[{"href":"https:\/\/www.europesays.com\/fr\/wp-json\/wp\/v2\/types\/post"}],"author":[{"embeddable":true,"href":"https:\/\/www.europesays.com\/fr\/wp-json\/wp\/v2\/users\/2"}],"replies":[{"embeddable":true,"href":"https:\/\/www.europesays.com\/fr\/wp-json\/wp\/v2\/comments?post=549513"}],"version-history":[{"count":0,"href":"https:\/\/www.europesays.com\/fr\/wp-json\/wp\/v2\/posts\/549513\/revisions"}],"wp:featuredmedia":[{"embeddable":true,"href":"https:\/\/www.europesays.com\/fr\/wp-json\/wp\/v2\/media\/549514"}],"wp:attachment":[{"href":"https:\/\/www.europesays.com\/fr\/wp-json\/wp\/v2\/media?parent=549513"}],"wp:term":[{"taxonomy":"category","embeddable":true,"href":"https:\/\/www.europesays.com\/fr\/wp-json\/wp\/v2\/categories?post=549513"},{"taxonomy":"post_tag","embeddable":true,"href":"https:\/\/www.europesays.com\/fr\/wp-json\/wp\/v2\/tags?post=549513"}],"curies":[{"name":"wp","href":"https:\/\/api.w.org\/{rel}","templated":true}]}}