{"id":549515,"date":"2025-11-21T17:02:10","date_gmt":"2025-11-21T17:02:10","guid":{"rendered":"https:\/\/www.europesays.com\/fr\/549515\/"},"modified":"2025-11-21T17:02:10","modified_gmt":"2025-11-21T17:02:10","slug":"un-suspect-mis-en-examen-12-ans-apres-le-meurtre-de-la-randonneuse-magalie-mejean-en-martinique-bfmtv","status":"publish","type":"post","link":"https:\/\/www.europesays.com\/fr\/549515\/","title":{"rendered":"Un suspect mis en examen 12 ans apr\u00e8s le meurtre de la randonneuse Magalie M\u00e9jean en Martinique &#8211; BFMTV"},"content":{"rendered":"<ol>\n<li><a href=\"https:\/\/news.google.com\/rss\/articles\/CBMi-gFBVV95cUxOQkk4Y3BGbEJhaU9FT284UHVqdGJLSndrRWFjS2wwWXFZSjFEajhLbWljMlpiZ3RuWXc0RlpaLWI3ZzU1LTd1YnZ0blhLeUowX2k3Vm56VXNweTAxQ0ZWX25YN05aZ0Zta0ItekJlVURGQTI5UzE2Y2ZlbHJRSHdqOHZxUm8wcGJYd0poc0dwWmJTdGVjcWhTeUZSYjJfYy0yZ3hjOUlsbXhpdHh4Y3ZWOGFyQWZnMHdXZWd1WUxrSElkbVhTMU5laFl6cUdxcC0xR0VUdjM4QW05YkJxc0JYUGFwdnFSZWVCaTlCNXR0Nkc3SGVNRHRCRU5n?oc=5\" target=\"_blank\" rel=\"nofollow noopener\">Un suspect mis en examen 12 ans apr\u00e8s le meurtre de la randonneuse Magalie M\u00e9jean en Martinique<\/a>&nbsp;&nbsp;BFMTV<\/li>\n<li><a href=\"https:\/\/news.google.com\/rss\/articles\/CBMi0gFBVV95cUxPV3lDT0tDU19aOUhJa3VfZmtxU1IxNktvU3pKZUV6OTZqcXh5d096ZW13ZUVDSzlacXh0TTVpNkN5RkJyR3dZVkJETjhTWUJnLWUzZ2RPNjFYOWRlOXM2MUxybHJHVkl3X010aWhLeEd1VEJNeGxEbHhkLUwtOEpXbGJWUzFDR2NjUmlyNGZCbk5GSC1fOU1SSnQ4b0QxalFTaTE1RVR0S01Hd0kxYmM2SjdGckFkWjNXcnpEMDhFY05wSXJJZWtCSVdkQ0M0STlURUE?oc=5\" target=\"_blank\" rel=\"nofollow noopener\">Meurtre d\u2019une randonneuse en Martinique : un homme mis en examen douze ans apr\u00e8s<\/a>&nbsp;&nbsp;Paris Normandie<\/li>\n<li><a href=\"https:\/\/news.google.com\/rss\/articles\/CBMinwJBVV95cUxOeUxDNS1Ub3c5RUp4Q1dPR01xRnJ3M214RWFIeVVfbmdtMFg5MHpsaTlkWTdHY2txR1VpNDZwdUVSUURxamkwMmRqXzNxU3c0STRaSTB5LUkzQzc4dnhyckpKdkhBbW5wZlBJaTZucnM5MEZKYW9WdWh2dTViT0xab1RDbFlqTVBDZkZzZlBQd3I4MFluOGVTa2Zxd2VEckV4YzJieXdjY25pckwzVHJJZC1lazRReUVqSmRLNy1fQV9LVWcxRUtFWnhBVlA0VUFFaS14d3NHd2FnY0JVaDdMLVEwYmdLVy1RdW5FWUFqYVVkNnlXX1IzV2lHczRKV284YVFHd1l2THdycWdWX1VyUkY4VmkyeVNYeHJjVXBkcw?oc=5\" target=\"_blank\" rel=\"nofollow noopener\">Douze ans apr\u00e8s la disparition de Magalie M\u00e9jean en Martinique : un homme mis en examen et plac\u00e9 en d\u00e9tention<\/a>&nbsp;&nbsp;Ouest-France<\/li>\n<li><a href=\"https:\/\/news.google.com\/rss\/articles\/CBMiuwFBVV95cUxQOHRaTk14QURpMThQai1BR0ZhcDRvMFdSM1RFZ0VBc2lVR2dUVmtURHdCQWh4RUxROWJ1ald6X1VNMm1Ganh4aGF1eV9aSkJaNFMtS3Zxcnc1WEhkZjhCZmdGcG91MU5JcEY5ZkJiYW14NEVYbVRkNXpzNVpXUHI0cnJnbVJmMUFBcm80bDBvcjVBdHhqbXNaTFBrOEdmdHVPSHNwSHl3ZTRmUWJqTndzbTV1LS1LbGc4WEs4?oc=5\" target=\"_blank\" rel=\"nofollow noopener\">Affaire Magalie M\u00e9jean : un homme de 34 ans mis en examen et incarc\u00e9r\u00e9 pour meurtre et viol<\/a>&nbsp;&nbsp;rci.fm<\/li>\n<li><a href=\"https:\/\/news.google.com\/rss\/articles\/CBMilAJBVV95cUxPWmI0TDJlZjBfMnBFV3l4dzdRa0w0UVBseFZCUWN0VnpUajVyNUo1amlUdUdHWmVxbjY3dklLSlZqQm9qZ001VXhsNGNHUS1ENVlnNGNNWVZidlczcERHNEZOVm9CRlpBNWpfd2NNclBQMDR2N2RLYzVlZTd1d2FpTTd1R3NPbFRuNVVpb29SVmNWTkJyNGNSUmN1dTNzTkZsOUNleVJYU25WdmdERzE2SmUyQ2FUNk1NZWMwNXAyVDBUR1lsN0RoUllnX3pkdXhuZTRyS3IwREtpMFZTTC1OZHlESUM2M051Rnh6TXUyRkhhNnRLYjV3MUdSMnA5dUo2MEE1bWtpdnFrUEtoZkdDRHRYa0w?oc=5\" target=\"_blank\" rel=\"nofollow noopener\">\u00ab\u00a0Tout ce qu&rsquo;on demande, c&rsquo;est qu&rsquo;il parle\u00a0\u00bb : un suspect mise en examen pour meurtre et viol dans l&rsquo;affaire Magalie M\u00e9jean<\/a>&nbsp;&nbsp;France 3 R\u00e9gions<\/li>\n<\/ol>\n","protected":false},"excerpt":{"rendered":"Un suspect mis en examen 12 ans apr\u00e8s le meurtre de la randonneuse Magalie M\u00e9jean en Martinique&nbsp;&nbsp;BFMTV Meurtre&hellip;\n","protected":false},"author":2,"featured_media":395849,"comment_status":"","ping_status":"","sticky":false,"template":"","format":"standard","meta":{"footnotes":""},"categories":[4],"tags":[11,1011,27,12,25],"class_list":{"0":"post-549515","1":"post","2":"type-post","3":"status-publish","4":"format-standard","5":"has-post-thumbnail","7":"category-france","8":"tag-actualites","9":"tag-fr","10":"tag-france","11":"tag-news","12":"tag-republique-francaise"},"share_on_mastodon":{"url":"https:\/\/pubeurope.com\/@fr\/115588769118561843","error":""},"_links":{"self":[{"href":"https:\/\/www.europesays.com\/fr\/wp-json\/wp\/v2\/posts\/549515","targetHints":{"allow":["GET"]}}],"collection":[{"href":"https:\/\/www.europesays.com\/fr\/wp-json\/wp\/v2\/posts"}],"about":[{"href":"https:\/\/www.europesays.com\/fr\/wp-json\/wp\/v2\/types\/post"}],"author":[{"embeddable":true,"href":"https:\/\/www.europesays.com\/fr\/wp-json\/wp\/v2\/users\/2"}],"replies":[{"embeddable":true,"href":"https:\/\/www.europesays.com\/fr\/wp-json\/wp\/v2\/comments?post=549515"}],"version-history":[{"count":0,"href":"https:\/\/www.europesays.com\/fr\/wp-json\/wp\/v2\/posts\/549515\/revisions"}],"wp:featuredmedia":[{"embeddable":true,"href":"https:\/\/www.europesays.com\/fr\/wp-json\/wp\/v2\/media\/395849"}],"wp:attachment":[{"href":"https:\/\/www.europesays.com\/fr\/wp-json\/wp\/v2\/media?parent=549515"}],"wp:term":[{"taxonomy":"category","embeddable":true,"href":"https:\/\/www.europesays.com\/fr\/wp-json\/wp\/v2\/categories?post=549515"},{"taxonomy":"post_tag","embeddable":true,"href":"https:\/\/www.europesays.com\/fr\/wp-json\/wp\/v2\/tags?post=549515"}],"curies":[{"name":"wp","href":"https:\/\/api.w.org\/{rel}","templated":true}]}}