{"id":549517,"date":"2025-11-21T17:04:16","date_gmt":"2025-11-21T17:04:16","guid":{"rendered":"https:\/\/www.europesays.com\/fr\/549517\/"},"modified":"2025-11-21T17:04:16","modified_gmt":"2025-11-21T17:04:16","slug":"firminy-un-boucher-charcutier-recherche-par-la-ville-huit-professionnels-cest-deja-beaucoup","status":"publish","type":"post","link":"https:\/\/www.europesays.com\/fr\/549517\/","title":{"rendered":"Firminy. Un boucher-charcutier recherch\u00e9 par la Ville\u00a0? \u00ab\u00a0Huit professionnels, c\u2019est d\u00e9j\u00e0 beaucoup\u00a0!\u00a0\u00bb"},"content":{"rendered":"<p>Depuis quelques jours, au moyen d\u2019un post publi\u00e9 sur les r\u00e9seaux sociaux par le service communication, la mairie de Firminy fait savoir que la ville est \u00e0 la recherche d\u2019un boucher-charcutier suppl\u00e9mentaire \u00ab\u00a0pour renforcer son offre commerciale\u00a0\u00bb.<\/p>\n<p>Actuellement, d\u2019apr\u00e8s nos calculs, Firminy compte huit professionnels dans ce secteur auxquels s\u2019ajoutent quelques forains et bien s\u00fbr les \u00e9tals sp\u00e9cialis\u00e9s dans les diverses grandes surfaces de la p\u00e9riph\u00e9rie. Sur l\u2019affiche, il est pr\u00e9cis\u00e9 que \u00ab\u00a0le secteur conna\u00eet actuellement une forte demande et repr\u00e9sente une opportunit\u00e9 r\u00e9elle d\u2019activit\u00e9 pour un artisan souhaitant s\u2019\u00e9tablir dans des conditions favorables\u00a0\u00bb.<\/p>\n<p>Peu de bouchers traditionnels dans le \u00ab\u00a0bas de la ville\u00a0\u00bb<\/p>\n<p>La municipalit\u00e9&#8230;<\/p>\n","protected":false},"excerpt":{"rendered":"Depuis quelques jours, au moyen d\u2019un post publi\u00e9 sur les r\u00e9seaux sociaux par le service communication, la mairie&hellip;\n","protected":false},"author":2,"featured_media":549518,"comment_status":"","ping_status":"","sticky":false,"template":"","format":"standard","meta":{"footnotes":""},"categories":[9653],"tags":[1111,11,2430,4406,33,7539,1777,674,10282,10283,1011,27,12,25,4001],"class_list":{"0":"post-549517","1":"post","2":"type-post","3":"status-publish","4":"format-standard","5":"has-post-thumbnail","7":"category-saint-etienne","8":"tag-actu","9":"tag-actualites","10":"tag-auvergne-rhone-alpes","11":"tag-commerce-et-services","12":"tag-economie","13":"tag-edition-loire-sud","14":"tag-eu","15":"tag-europe","16":"tag-firminy","17":"tag-firminy-ville","18":"tag-fr","19":"tag-france","20":"tag-news","21":"tag-republique-francaise","22":"tag-saint-etienne"},"share_on_mastodon":{"url":"https:\/\/pubeurope.com\/@fr\/115588776942870532","error":""},"_links":{"self":[{"href":"https:\/\/www.europesays.com\/fr\/wp-json\/wp\/v2\/posts\/549517","targetHints":{"allow":["GET"]}}],"collection":[{"href":"https:\/\/www.europesays.com\/fr\/wp-json\/wp\/v2\/posts"}],"about":[{"href":"https:\/\/www.europesays.com\/fr\/wp-json\/wp\/v2\/types\/post"}],"author":[{"embeddable":true,"href":"https:\/\/www.europesays.com\/fr\/wp-json\/wp\/v2\/users\/2"}],"replies":[{"embeddable":true,"href":"https:\/\/www.europesays.com\/fr\/wp-json\/wp\/v2\/comments?post=549517"}],"version-history":[{"count":0,"href":"https:\/\/www.europesays.com\/fr\/wp-json\/wp\/v2\/posts\/549517\/revisions"}],"wp:featuredmedia":[{"embeddable":true,"href":"https:\/\/www.europesays.com\/fr\/wp-json\/wp\/v2\/media\/549518"}],"wp:attachment":[{"href":"https:\/\/www.europesays.com\/fr\/wp-json\/wp\/v2\/media?parent=549517"}],"wp:term":[{"taxonomy":"category","embeddable":true,"href":"https:\/\/www.europesays.com\/fr\/wp-json\/wp\/v2\/categories?post=549517"},{"taxonomy":"post_tag","embeddable":true,"href":"https:\/\/www.europesays.com\/fr\/wp-json\/wp\/v2\/tags?post=549517"}],"curies":[{"name":"wp","href":"https:\/\/api.w.org\/{rel}","templated":true}]}}