{"id":549523,"date":"2025-11-21T17:09:17","date_gmt":"2025-11-21T17:09:17","guid":{"rendered":"https:\/\/www.europesays.com\/fr\/549523\/"},"modified":"2025-11-21T17:09:17","modified_gmt":"2025-11-21T17:09:17","slug":"ce-nouveau-chalet-offre-une-vue-imprenable-sur-le-grand-village","status":"publish","type":"post","link":"https:\/\/www.europesays.com\/fr\/549523\/","title":{"rendered":"ce nouveau chalet offre une vue imprenable sur le Grand village"},"content":{"rendered":"<p>                    Par<br \/>\n        <strong><br \/>\n            <a href=\"https:\/\/actu.fr\/auteur\/amandine-mehl\" title=\"Consulter tous les articles de Amandine Mehl\" target=\"_blank\" rel=\"noopener\">Amandine Mehl<\/a><br \/>\n                    <\/strong><\/p>\n<p>        Publi\u00e9 le<\/p>\n<p>            21 nov. 2025 \u00e0 17h35        <\/p>\n<p>Alors que les <a href=\"https:\/\/actu.fr\/grand-est\/nancy_54395\/les-fetes-de-saint-nicolas-seront-inaugurees-vendredi-a-nancy-voici-le-programme_63432773.html\" target=\"_blank\" rel=\"noopener\">F\u00eates de Saint-Nicolas<\/a> vont \u00eatre inaugur\u00e9es en fin de journ\u00e9e ce vendredi 21\u00a0novembre 2025 \u00e0 <strong>Nancy<\/strong>, le <a href=\"https:\/\/actu.fr\/grand-est\/nancy_54395\/grand-village-de-saint-nicolas-a-nancy-de-nouveaux-horaires-annonces-pour-2025_63395946.html\" target=\"_blank\" rel=\"noopener\">Grand village<\/a> <strong>place Charles III<\/strong> a d\u2019ores et d\u00e9j\u00e0 ouvert ses portes au public.<\/p>\n<p class=\" wall-content\">Parmi les <a href=\"https:\/\/actu.fr\/grand-est\/nancy_54395\/grand-village-de-saint-nicolas-a-nancy-voici-les-nouveautes-de-l-edition-2025_63423731.html\" target=\"_blank\" rel=\"noopener\">nouveaut\u00e9s<\/a> de cette ann\u00e9e, l\u2019on retrouve le <strong>chalet Miam Miam<\/strong> et sa <strong>tour qui culmine \u00e0 17\u00a0m\u00e8tres de hauteur<\/strong>. Tour au sein de laquelle il est possible de <strong>grimper<\/strong>, de <strong>s\u2019installer<\/strong> et surtout d\u2019<strong>admirer la vue<\/strong>.<\/p>\n<p>Un stand \u00ab\u2009vieillissant\u2009\u00bb remplac\u00e9 par une version \u00ab\u2009atypique et exceptionnelle\u2009\u00bb<\/p>\n<p class=\" wall-content\">Pr\u00e9sent depuis 1990, le stand \u00e9tait \u00ab<strong>\u2009vieillissant<\/strong>\u2009\u00bb, explique le g\u00e9rant. Il a donc \u00e9t\u00e9 d\u00e9cid\u00e9 de le remplacer par une version \u00ab<strong>\u2009atypique et exceptionnelle<\/strong> du fait de sa hauteur\u2009\u00bb.<\/p>\n<blockquote class=\"tiktok-embed\" cite=\"https:\/\/www.tiktok.com\/@lorraine.actu\/video\/7575212982972730627\" data-video-id=\"7575212982972730627\" data-embed-from=\"oembed\" style=\"max-width:605px; min-width:325px;\"><p>\n<a target=\"_blank\" title=\"@lorraine.actu\" href=\"https:\/\/www.tiktok.com\/@lorraine.actu?refer=embed\" rel=\"noopener\">@lorraine.actu<\/a> <\/p>\n<p>Alors que les F\u00eates de Saint-Nicolas seront inaugur\u00e9es en fin de journ\u00e9e ce vendredi 21 novembre 2025 \u00e0 Nancy, le Grand village place Charles III a d\u2019ores et d\u00e9j\u00e0 ouvert ses portes au public. Parmi les nouveaut\u00e9s de cette ann\u00e9e, l\u2019on retrouve le chalet Miam Miam et sa tour qui culmine \u00e0 17 m\u00e8tres de hauteur. Tour au sein de laquelle il est possible de grimper, de s\u2019installer et surtout d\u2019admirer la vue. Pr\u00e9sent depuis 1990, le stand \u00e9tait \u00ab\u00a0vieillissant\u00a0\u00bb, explique le g\u00e9rant. Il a donc \u00e9t\u00e9 d\u00e9cid\u00e9 de le remplacer par une version \u00ab\u00a0atypique et exceptionnelle du fait de sa hauteur\u00a0\u00bb.\u00a0 Si les \u00e9tages sup\u00e9rieurs mettent en avant une cr\u00e8che, le premier est accessible au public et offre une jolie vue. L\u2019occasion de d\u00e9guster les immanquables du stand, \u00e0 savoir ses frites fra\u00eeches ou encore ses patates r\u00f4ties, tout en profitant d\u2019une vue in\u00e9dite sur le Grand village. <a title=\"saintnicolas\" target=\"_blank\" href=\"https:\/\/www.tiktok.com\/tag\/saintnicolas?refer=embed\" rel=\"noopener\">#saintnicolas<\/a> <a title=\"foruyou\" target=\"_blank\" href=\"https:\/\/www.tiktok.com\/tag\/foruyou?refer=embed\" rel=\"noopener\">#foruyou<\/a> <a title=\"fyp\" target=\"_blank\" href=\"https:\/\/www.tiktok.com\/tag\/fyp?refer=embed\" rel=\"noopener\">#fyp<\/a> <\/p>\n<p> <a target=\"_blank\" title=\"\u266c son original - Lorraine Actu\" href=\"https:\/\/www.tiktok.com\/music\/son-original-7575213003126164246?refer=embed\" rel=\"noopener\">\u266c son original \u2013 Lorraine Actu<\/a> <\/p>\n<\/blockquote>\n<p class=\" wall-content\">Si les \u00e9tages sup\u00e9rieurs mettent en avant <strong>une cr\u00e8che<\/strong>, le premier est <strong>accessible<\/strong> au public et offre une jolie vue. L\u2019occasion de <strong>d\u00e9guster les immanquables<\/strong> du stand, \u00e0 savoir ses frites fra\u00eeches ou encore ses patates r\u00f4ties, tout en profitant d\u2019une vue in\u00e9dite sur le Grand village.<\/p>\n<p class=\" wall-content\">Personnalisez votre actualit\u00e9 en ajoutant vos villes et m\u00e9dias en favori avec <a href=\"https:\/\/moncompte.actu.fr\" title=\"D\u00e9couvez Mon Actu\" rel=\"nofollow noopener\" data-trk=\"{&quot;cta&quot;:{&quot;action&quot;:&quot;https:\\\/\\\/moncompte.actu.fr&quot;,&quot;category&quot;:&quot;mon compte&quot;,&quot;from&quot;:&quot;article footer&quot;,&quot;name&quot;:&quot;Mon actu&quot;,&quot;type&quot;:&quot;cta&quot;}}\" target=\"_blank\">Mon Actu<\/a>.<\/p>\n<p>                    <script async src=\"\/\/www.tiktok.com\/embed.js\"><\/script><\/p>\n","protected":false},"excerpt":{"rendered":"Par Amandine Mehl Publi\u00e9 le 21 nov. 2025 \u00e0 17h35 Alors que les F\u00eates de Saint-Nicolas vont \u00eatre&hellip;\n","protected":false},"author":2,"featured_media":549524,"comment_status":"","ping_status":"","sticky":false,"template":"","format":"standard","meta":{"footnotes":""},"categories":[9635],"tags":[1111,11,1777,674,1011,27,775,1702,12,25,14334,104],"class_list":{"0":"post-549523","1":"post","2":"type-post","3":"status-publish","4":"format-standard","5":"has-post-thumbnail","7":"category-nancy","8":"tag-actu","9":"tag-actualites","10":"tag-eu","11":"tag-europe","12":"tag-fr","13":"tag-france","14":"tag-grand-est","15":"tag-nancy","16":"tag-news","17":"tag-republique-francaise","18":"tag-saint-nicolas","19":"tag-societe"},"share_on_mastodon":{"url":"https:\/\/pubeurope.com\/@fr\/115588796430040551","error":""},"_links":{"self":[{"href":"https:\/\/www.europesays.com\/fr\/wp-json\/wp\/v2\/posts\/549523","targetHints":{"allow":["GET"]}}],"collection":[{"href":"https:\/\/www.europesays.com\/fr\/wp-json\/wp\/v2\/posts"}],"about":[{"href":"https:\/\/www.europesays.com\/fr\/wp-json\/wp\/v2\/types\/post"}],"author":[{"embeddable":true,"href":"https:\/\/www.europesays.com\/fr\/wp-json\/wp\/v2\/users\/2"}],"replies":[{"embeddable":true,"href":"https:\/\/www.europesays.com\/fr\/wp-json\/wp\/v2\/comments?post=549523"}],"version-history":[{"count":0,"href":"https:\/\/www.europesays.com\/fr\/wp-json\/wp\/v2\/posts\/549523\/revisions"}],"wp:featuredmedia":[{"embeddable":true,"href":"https:\/\/www.europesays.com\/fr\/wp-json\/wp\/v2\/media\/549524"}],"wp:attachment":[{"href":"https:\/\/www.europesays.com\/fr\/wp-json\/wp\/v2\/media?parent=549523"}],"wp:term":[{"taxonomy":"category","embeddable":true,"href":"https:\/\/www.europesays.com\/fr\/wp-json\/wp\/v2\/categories?post=549523"},{"taxonomy":"post_tag","embeddable":true,"href":"https:\/\/www.europesays.com\/fr\/wp-json\/wp\/v2\/tags?post=549523"}],"curies":[{"name":"wp","href":"https:\/\/api.w.org\/{rel}","templated":true}]}}