{"id":549531,"date":"2025-11-21T17:14:21","date_gmt":"2025-11-21T17:14:21","guid":{"rendered":"https:\/\/www.europesays.com\/fr\/549531\/"},"modified":"2025-11-21T17:14:21","modified_gmt":"2025-11-21T17:14:21","slug":"un-jeune-de-19-ans-meurt-dans-lincendie-criminel-de-son-epicerie","status":"publish","type":"post","link":"https:\/\/www.europesays.com\/fr\/549531\/","title":{"rendered":"Un jeune de 19 ans meurt dans l\u2019incendie criminel de son \u00e9picerie"},"content":{"rendered":"<p> \u00abL\u2019origine criminelle ne fait pas de doutes\u00a0\u00bb, selon une source polici\u00e8re. Un jeune homme de 19 ans, \u00e9picier, est mort dans la nuit de jeudi \u00e0 vendredi dans l\u2019<a href=\"https:\/\/www.20minutes.fr\/dossier\/incendie_criminel\" class=\"c-link c-link--is-underlined\" target=\"_blank\" rel=\"noopener\">incendie<\/a> de son commerce d\u2019un quartier sensible de <a href=\"https:\/\/www.20minutes.fr\/magazine\/le-nouveau-montpellier-mag\/\" class=\"c-link c-link--is-underlined\" target=\"_blank\" rel=\"noopener\">Montpellier<\/a> (<a href=\"https:\/\/www.20minutes.fr\/societe\/herault\/\" class=\"c-link c-link--is-underlined\" target=\"_blank\" rel=\"noopener\">H\u00e9rault<\/a>), a-t-on appris de sources concordantes.<\/p>\n<p>D\u2019apr\u00e8s les premiers \u00e9l\u00e9ments de l\u2019enqu\u00eate, vers 2 heures du matin, deux personnes cagoul\u00e9es ont surgi et \u00ab\u00a0d\u00e9vers\u00e9 un produit hydrocarbure avant de mettre le feu \u00e0 l\u2019\u00e9picerie et de prendre la fuite\u00a0\u00bb, a indiqu\u00e9 le parquet de Montpellier dans un communiqu\u00e9.<\/p>\n<p>Une enqu\u00eate judiciaire a \u00e9t\u00e9 ouverte des chefs de <a href=\"https:\/\/www.20minutes.fr\/dossier\/meurtre\" class=\"c-link c-link--is-underlined\" target=\"_blank\" rel=\"noopener\">meurtre<\/a> et tentative de meurtre en bande organis\u00e9e et destruction par un moyen dangereux. Elle est confi\u00e9e au service interd\u00e9partemental de police judiciaire de l\u2019H\u00e9rault.<\/p>\n<p>Les suspects sous vid\u00e9osurveillance<\/p>\n<p>Selon une autre source polici\u00e8re, les deux personnes ont \u00e9t\u00e9 film\u00e9es par des cam\u00e9ras de vid\u00e9osurveillance sur lesquelles l\u2019un d\u2019eux jette un engin incendiaire.<\/p>\n<p>Les pompiers n\u2019ont pas pu ranimer le jeune homme en arr\u00eat cardio-respiratoire \u00e0 leur arriv\u00e9e \u00e0 la tour Saint-Martin, un immeuble de plusieurs \u00e9tages comprenant des logements et des commerces.<\/p>\n<\/p>\n<p>Une autre victime de 19 ans pr\u00e9sente au moment des faits dans l\u2019\u00e9picerie a \u00e9t\u00e9 br\u00fbl\u00e9e et a inhal\u00e9 de la fum\u00e9e mais elle a pu \u00eatre \u00e9vacu\u00e9e par les pompiers \u00e0 l\u2019h\u00f4pital, sans que son pronostic vital ne soit compromis.<\/p>\n<p>Une personne a \u00e9t\u00e9 interpell\u00e9e vers 3h30 par la <a href=\"https:\/\/www.20minutes.fr\/dossier\/brigade_anti_criminalite\" class=\"c-link c-link--is-underlined\" target=\"_blank\" rel=\"noopener\">brigade anticriminalit\u00e9<\/a>, \u00ab\u00a0sans pouvoir certifier qu\u2019il est impliqu\u00e9 dans cet incendie bien que son signalement corresponde\u00a0\u00bb, a pr\u00e9cis\u00e9 une des deux sources polici\u00e8res.<\/p>\n","protected":false},"excerpt":{"rendered":"\u00abL\u2019origine criminelle ne fait pas de doutes\u00a0\u00bb, selon une source polici\u00e8re. Un jeune homme de 19 ans, \u00e9picier,&hellip;\n","protected":false},"author":2,"featured_media":549532,"comment_status":"","ping_status":"","sticky":false,"template":"","format":"standard","meta":{"footnotes":""},"categories":[9599],"tags":[1111,47,11,48005,1777,674,118,1011,27,7089,1310,23559,2681,777,2208,12,2680,25],"class_list":{"0":"post-549531","1":"post","2":"type-post","3":"status-publish","4":"format-standard","5":"has-post-thumbnail","7":"category-montpellier","8":"tag-actu","9":"tag-actualite","10":"tag-actualites","11":"tag-brigade-anti-criminalite","12":"tag-eu","13":"tag-europe","14":"tag-faits-divers","15":"tag-fr","16":"tag-france","17":"tag-herault","18":"tag-incendie","19":"tag-incendie-criminel","20":"tag-languedoc-roussillon","21":"tag-meurtre","22":"tag-montpellier","23":"tag-news","24":"tag-occitanie","25":"tag-republique-francaise"},"share_on_mastodon":{"url":"https:\/\/pubeurope.com\/@fr\/115588816400185460","error":""},"_links":{"self":[{"href":"https:\/\/www.europesays.com\/fr\/wp-json\/wp\/v2\/posts\/549531","targetHints":{"allow":["GET"]}}],"collection":[{"href":"https:\/\/www.europesays.com\/fr\/wp-json\/wp\/v2\/posts"}],"about":[{"href":"https:\/\/www.europesays.com\/fr\/wp-json\/wp\/v2\/types\/post"}],"author":[{"embeddable":true,"href":"https:\/\/www.europesays.com\/fr\/wp-json\/wp\/v2\/users\/2"}],"replies":[{"embeddable":true,"href":"https:\/\/www.europesays.com\/fr\/wp-json\/wp\/v2\/comments?post=549531"}],"version-history":[{"count":0,"href":"https:\/\/www.europesays.com\/fr\/wp-json\/wp\/v2\/posts\/549531\/revisions"}],"wp:featuredmedia":[{"embeddable":true,"href":"https:\/\/www.europesays.com\/fr\/wp-json\/wp\/v2\/media\/549532"}],"wp:attachment":[{"href":"https:\/\/www.europesays.com\/fr\/wp-json\/wp\/v2\/media?parent=549531"}],"wp:term":[{"taxonomy":"category","embeddable":true,"href":"https:\/\/www.europesays.com\/fr\/wp-json\/wp\/v2\/categories?post=549531"},{"taxonomy":"post_tag","embeddable":true,"href":"https:\/\/www.europesays.com\/fr\/wp-json\/wp\/v2\/tags?post=549531"}],"curies":[{"name":"wp","href":"https:\/\/api.w.org\/{rel}","templated":true}]}}