{"id":549542,"date":"2025-11-21T17:27:24","date_gmt":"2025-11-21T17:27:24","guid":{"rendered":"https:\/\/www.europesays.com\/fr\/549542\/"},"modified":"2025-11-21T17:27:24","modified_gmt":"2025-11-21T17:27:24","slug":"rennes-monaco-paul-pogba-convoque-pour-la-premiere-fois-dans-le-groupe-monegasque","status":"publish","type":"post","link":"https:\/\/www.europesays.com\/fr\/549542\/","title":{"rendered":"Rennes &#8211; Monaco\u00a0: Paul Pogba convoqu\u00e9 pour la premi\u00e8re fois dans le groupe mon\u00e9gasque"},"content":{"rendered":"<p class=\"paragraph text_align_left lp-f-body-02\">Le \u00ab Pogback \u00bb est officiel ! Apr\u00e8s 810 jours pass\u00e9s loin des terrains de football, <a href=\"https:\/\/www.leparisien.fr\/sports\/football\/ligue-1\/cinq-mois-dans-la-vie-de-paul-pogba-comment-la-pioche-est-redevenu-un-joueur-de-foot-21-11-2025-CQQ6HZRXTFEEZJ6QBRKEB22QJI.php\" target=\"_blank\" rel=\"noreferrer nofollow noopener\">Paul Pogba<\/a> a \u00e9t\u00e9 convoqu\u00e9 pour la premi\u00e8re fois par S\u00e9bastien Pocognoli dans le groupe de l\u2019AS Monaco ce vendredi.<\/p>\n<p class=\"paragraph text_align_left lp-f-body-02\">Le milieu de terrain pourrait conna\u00eetre ses premi\u00e8res minutes sous ses nouvelles couleurs \u00e0 l\u2019occasion de la rencontre de la 13e journ\u00e9e de <a href=\"https:\/\/www.leparisien.fr\/sports\/football\/ligue-1\/\" rel=\"nofollow noopener\" target=\"_blank\">Ligue 1<\/a> entre le club du Rocher et le Stade Rennais, samedi \u00e0 19 heures au Roazhon Park.<\/p>\n<p class=\"paragraph text_align_left lp-f-body-02\">L\u2019international fran\u00e7ais n\u2019a plus disput\u00e9 de rencontre depuis septembre 2023, lui qui avait \u00e9t\u00e9 suspendu pour quatre ans apr\u00e8s un contr\u00f4le positif \u00e0 la d\u00e9hydro\u00e9piandrost\u00e9rone (DHEA, un d\u00e9riv\u00e9 de la testost\u00e9rone), \u00e0 l\u2019issue du match qui opposait la Juventus Turin \u00e0 l\u2019Udinese quelques semaines plus t\u00f4t. Le Tribunal Arbitral du Sport avait fini par ramener la dur\u00e9e de cette suspension \u00e0 18 mois, permettant \u00e0 la \u00ab Pioche \u00bb de <a href=\"https:\/\/www.leparisien.fr\/sports\/football\/ligue-1\/je-nai-jamais-rien-vu-de-tel-le-preparateur-physique-de-paul-pogba-confiant-pour-son-retour-a-monaco-28-06-2025-OA3T6EBEN5BH3ASMKMMBUXZJ5E.php\" rel=\"nofollow noopener\" target=\"_blank\">reprendre le cours de sa carri\u00e8re<\/a> d\u00e8s cet \u00e9t\u00e9 du c\u00f4t\u00e9 de Monaco.<\/p>\n<p class=\"paragraph text_align_left lp-f-body-02\">Alors que son retour \u00e9tait programm\u00e9 contre Angers le 18 octobre, le natif de Lagny-sur-Marne (Seine-et-Marne), avait ressenti une <a href=\"https:\/\/www.leparisien.fr\/sports\/football\/ligue-1\/ligue-1-paul-pogba-touche-a-la-cuisse-droite-son-retour-retarde-09-10-2025-RTCN2OIE6VFDJK36XA3FCZM3CU.php\" rel=\"nofollow noopener\" target=\"_blank\">alerte musculaire<\/a> au niveau de la cuisse droite \u00e0 l\u2019approche de la rencontre. Une blessure sans r\u00e9elle gravit\u00e9 puisque le champion du monde 2018 n\u2019avait pas tard\u00e9 \u00e0 reprendre le chemin de l\u2019entra\u00eenement, avant de subir un nouveau coup \u00e0 la cheville et d\u2019avoir encore \u00e0 <a href=\"https:\/\/www.leparisien.fr\/sports\/football\/ligue-1\/monaco-paris-fc-nouvelle-tuile-pour-paul-pogba-contraint-de-patienter-pour-effectuer-son-retour-en-ligue-1-31-10-2025-FE5UPJUUARBBLEJO7LOISJT2S4.php\" target=\"_blank\" rel=\"noreferrer nofollow noopener\">diff\u00e9rer son retour<\/a>.<\/p>\n<p>\u00ab Il n\u2019a pas perdu sa technique et sa vista \u00bb<\/p>\n<p class=\"paragraph text_align_left lp-f-body-02\">\u00ab Il a fait une s\u00e9rie d\u2019entra\u00eenements avec des retours positifs et il a pu se tester dans des conditions r\u00e9elles de matchs, car nous avons eu le temps pendant cette tr\u00eave pour parcourir diff\u00e9rents formats d\u2019opposition et d\u2019aspects tactiques, assurait <a href=\"https:\/\/www.leparisien.fr\/sports\/football\/ligue-1\/ligue-1-sebastien-pocognoli-debarque-sur-le-banc-de-las-monaco-kevin-mirallas-entraineur-adjoint-11-10-2025-LPN5NQCM6VD75GSEGSUITC2N7Q.php\" rel=\"nofollow noopener\" target=\"_blank\">S\u00e9bastien Pocognoli<\/a> ce vendredi en conf\u00e9rence de presse. Il y a particip\u00e9, donc ce sont de bons signaux. \u00bb<\/p>\n<p class=\"paragraph text_align_left lp-f-body-02\">\u00ab Ce que Paul peut apporter ? Beaucoup de choses, d\u00e9j\u00e0 son exp\u00e9rience, son leadership, sur le terrain et en dehors, sans parler de ses qualit\u00e9s qui devront s\u2019adapter au rythme de la comp\u00e9tition. (\u2026) Il n\u2019a pas perdu sa technique et sa vista, il faut juste pouvoir les mettre dans un contexte de match, mais c\u2019est la m\u00eame chose pour tout joueur qui revient de blessure \u00bb, a-t-il poursuivi.<\/p>\n<p class=\"paragraph text_align_left lp-f-body-02\">Le voil\u00e0 donc de retour aux affaires : reste \u00e0 savoir si l\u2019entra\u00eeneur belge de l\u2019AS Monaco prendra le risque de donner du temps de jeu \u00e0 son milieu de terrain d\u00e8s sa premi\u00e8re convocation. R\u00e9ponse samedi soir au Roazhon Park.<\/p>\n","protected":false},"excerpt":{"rendered":"Le \u00ab Pogback \u00bb est officiel ! Apr\u00e8s 810 jours pass\u00e9s loin des terrains de football, Paul Pogba&hellip;\n","protected":false},"author":2,"featured_media":549543,"comment_status":"","ping_status":"","sticky":false,"template":"","format":"standard","meta":{"footnotes":""},"categories":[2821],"tags":[1111,11,829,1777,674,63,1011,27,66,12,584,25,60],"class_list":{"0":"post-549542","1":"post","2":"type-post","3":"status-publish","4":"format-standard","5":"has-post-thumbnail","7":"category-rennes","8":"tag-actu","9":"tag-actualites","10":"tag-bretagne","11":"tag-eu","12":"tag-europe","13":"tag-football","14":"tag-fr","15":"tag-france","16":"tag-ligue-1","17":"tag-news","18":"tag-rennes","19":"tag-republique-francaise","20":"tag-sports"},"share_on_mastodon":{"url":"https:\/\/pubeurope.com\/@fr\/115588867478286748","error":""},"_links":{"self":[{"href":"https:\/\/www.europesays.com\/fr\/wp-json\/wp\/v2\/posts\/549542","targetHints":{"allow":["GET"]}}],"collection":[{"href":"https:\/\/www.europesays.com\/fr\/wp-json\/wp\/v2\/posts"}],"about":[{"href":"https:\/\/www.europesays.com\/fr\/wp-json\/wp\/v2\/types\/post"}],"author":[{"embeddable":true,"href":"https:\/\/www.europesays.com\/fr\/wp-json\/wp\/v2\/users\/2"}],"replies":[{"embeddable":true,"href":"https:\/\/www.europesays.com\/fr\/wp-json\/wp\/v2\/comments?post=549542"}],"version-history":[{"count":0,"href":"https:\/\/www.europesays.com\/fr\/wp-json\/wp\/v2\/posts\/549542\/revisions"}],"wp:featuredmedia":[{"embeddable":true,"href":"https:\/\/www.europesays.com\/fr\/wp-json\/wp\/v2\/media\/549543"}],"wp:attachment":[{"href":"https:\/\/www.europesays.com\/fr\/wp-json\/wp\/v2\/media?parent=549542"}],"wp:term":[{"taxonomy":"category","embeddable":true,"href":"https:\/\/www.europesays.com\/fr\/wp-json\/wp\/v2\/categories?post=549542"},{"taxonomy":"post_tag","embeddable":true,"href":"https:\/\/www.europesays.com\/fr\/wp-json\/wp\/v2\/tags?post=549542"}],"curies":[{"name":"wp","href":"https:\/\/api.w.org\/{rel}","templated":true}]}}