{"id":549546,"date":"2025-11-21T17:29:13","date_gmt":"2025-11-21T17:29:13","guid":{"rendered":"https:\/\/www.europesays.com\/fr\/549546\/"},"modified":"2025-11-21T17:29:13","modified_gmt":"2025-11-21T17:29:13","slug":"strasbourg-un-rassemblement-citoyen-en-hommage-a-mehdi-kessaci-sur-la-place-de-la-republique-ce-samedi","status":"publish","type":"post","link":"https:\/\/www.europesays.com\/fr\/549546\/","title":{"rendered":"Strasbourg. Un rassemblement citoyen en hommage \u00e0 Mehdi Kessaci sur la place de la R\u00e9publique ce samedi"},"content":{"rendered":"<p>\u00ab\u200aL\u2019assassinat de Mehdi Kessaci, 20 ans, tu\u00e9 le 13\u00a0novembre \u00e0 Marseille, a boulevers\u00e9 le pays. Ce jeune homme au parcours exemplaire, appr\u00e9ci\u00e9 de toutes et tous, a \u00e9t\u00e9 fauch\u00e9 en pleine rue, victime d\u2019une violence aveugle qui frappe d\u00e9sormais sans limite g\u00e9ographique, sociale ou symbolique.\u200a\u00bb Tels sont les premiers mots de l\u2019appel lanc\u00e9 ce vendredi par le pr\u00e9sident de l\u2019Association victimes attentats (AVA), Mostafa Salhane.<\/p>\n<p>\u00ab\u200a\u00c0 Strasbourg, ville marqu\u00e9e par <a href=\"https:\/\/www.dna.fr\/d\/attentat-du-marche-de-noel-de-strasbourg-7978181b-b34b-4b9f-a75f-aefd24bc8f44\" target=\"_blank\" rel=\"nofollow noopener\">l\u2019attentat du 11\u00a0d\u00e9cembre 2018<\/a>, une ville qui sait ce que signifie la perte brutale, nous avons choisi de nous rassembler pour t\u00e9moigner de notre solidarit\u00e9 \u00e0 la famille Kessaci et pour refuser que la violence criminelle continue de dicter sa loi\u200a\u00bb, poursuit le communiqu\u00e9. Avant d\u2019appeler \u00e0 un \u00ab\u200arassemblement citoyen ouvert \u00e0 toutes et tous qui sera silencieux, sans banderoles ni drapeaux, sans aucun signe partisan\u200a\u00bb.<\/p>\n<p>Il aura lieu ce samedi 22\u00a0novembre \u00e0 15\u200ah, place de la R\u00e9publique au pied de la st\u00e8le en hommage aux victimes de l\u2019attentat de Strasbourg.<\/p>\n","protected":false},"excerpt":{"rendered":"\u00ab\u200aL\u2019assassinat de Mehdi Kessaci, 20 ans, tu\u00e9 le 13\u00a0novembre \u00e0 Marseille, a boulevers\u00e9 le pays. Ce jeune homme&hellip;\n","protected":false},"author":2,"featured_media":549547,"comment_status":"","ping_status":"","sticky":false,"template":"","format":"standard","meta":{"footnotes":""},"categories":[2820],"tags":[1111,11,2880,1777,674,274,107,1011,27,775,12,25,104,640],"class_list":{"0":"post-549546","1":"post","2":"type-post","3":"status-publish","4":"format-standard","5":"has-post-thumbnail","7":"category-strasbourg","8":"tag-actu","9":"tag-actualites","10":"tag-edition-strasbourg","11":"tag-eu","12":"tag-europe","13":"tag-faits-divers-justice","14":"tag-fil-info","15":"tag-fr","16":"tag-france","17":"tag-grand-est","18":"tag-news","19":"tag-republique-francaise","20":"tag-societe","21":"tag-strasbourg"},"share_on_mastodon":{"url":"https:\/\/pubeurope.com\/@fr\/115588875203847510","error":""},"_links":{"self":[{"href":"https:\/\/www.europesays.com\/fr\/wp-json\/wp\/v2\/posts\/549546","targetHints":{"allow":["GET"]}}],"collection":[{"href":"https:\/\/www.europesays.com\/fr\/wp-json\/wp\/v2\/posts"}],"about":[{"href":"https:\/\/www.europesays.com\/fr\/wp-json\/wp\/v2\/types\/post"}],"author":[{"embeddable":true,"href":"https:\/\/www.europesays.com\/fr\/wp-json\/wp\/v2\/users\/2"}],"replies":[{"embeddable":true,"href":"https:\/\/www.europesays.com\/fr\/wp-json\/wp\/v2\/comments?post=549546"}],"version-history":[{"count":0,"href":"https:\/\/www.europesays.com\/fr\/wp-json\/wp\/v2\/posts\/549546\/revisions"}],"wp:featuredmedia":[{"embeddable":true,"href":"https:\/\/www.europesays.com\/fr\/wp-json\/wp\/v2\/media\/549547"}],"wp:attachment":[{"href":"https:\/\/www.europesays.com\/fr\/wp-json\/wp\/v2\/media?parent=549546"}],"wp:term":[{"taxonomy":"category","embeddable":true,"href":"https:\/\/www.europesays.com\/fr\/wp-json\/wp\/v2\/categories?post=549546"},{"taxonomy":"post_tag","embeddable":true,"href":"https:\/\/www.europesays.com\/fr\/wp-json\/wp\/v2\/tags?post=549546"}],"curies":[{"name":"wp","href":"https:\/\/api.w.org\/{rel}","templated":true}]}}