{"id":549560,"date":"2025-11-21T17:37:11","date_gmt":"2025-11-21T17:37:11","guid":{"rendered":"https:\/\/www.europesays.com\/fr\/549560\/"},"modified":"2025-11-21T17:37:11","modified_gmt":"2025-11-21T17:37:11","slug":"pres-de-toulouse-une-vingtaine-de-pompiers-mobilisee-pour-un-feu-de-maison-au-coeur-de-la-nuit","status":"publish","type":"post","link":"https:\/\/www.europesays.com\/fr\/549560\/","title":{"rendered":"Pr\u00e8s de Toulouse, une vingtaine de pompiers mobilis\u00e9e pour un feu de maison au c\u0153ur de la nuit"},"content":{"rendered":"<p>                    Par<br \/>\n        <strong><br \/>\n            <a href=\"https:\/\/actu.fr\/auteur\/lucie-2\" title=\"Consulter tous les articles de Lucie Fraisse\" rel=\"nofollow noopener\" target=\"_blank\">Lucie Fraisse<\/a><br \/>\n                    <\/strong><\/p>\n<p>        Publi\u00e9 le<\/p>\n<p>            21 nov. 2025 \u00e0 18h28        <\/p>\n<p>Les faits se sont d\u00e9roul\u00e9s au c\u0153ur de la nuit, vers 1 heure du matin, ce vendredi 21 novembre 2025, <strong>\u00e0 Balma<\/strong>,<a href=\"https:\/\/actu.fr\/toulouse\/\" rel=\"nofollow noopener\" target=\"_blank\"> pr\u00e8s de Toulouse<\/a>.<\/p>\n<p>    <a href=\"https:\/\/www.google.com\/maps\/embed?pb=!1m18!1m12!1m3!1d33160.91745562085!2d1.462488821720959!3d43.61088564898379!2m3!1f0!2f0!3f0!3m2!1i1024!2i768!4f13.1!3m3!1m2!1s0x12aebd3ecb1d5b39%3A0x4f472571593761b2!2sBalma!5e1!3m2!1sfr!2sfr!4v1763716099705!5m2!1sfr!2sfr\" title=\"Ouvrie le lien\" rel=\"nofollow noopener\" target=\"_blank\">Cliquez ici pour visualiser le contenu<\/a><\/p>\n<p>Fum\u00e9es et feu sur la terrasse<\/p>\n<p class=\" wall-content\">Les pompiers sont intervenus \u00e0 Balma apr\u00e8s un d\u00e9but d\u2019incendie dans un secteur pavillonnaire. \u00c0 leur arriv\u00e9e, les soldats du feu constatent un important d\u00e9gagement de fum\u00e9e et un feu provenant de la terrasse d\u2019un petit pavillon.<\/p>\n<p class=\" wall-content\">Leur intervention rapide permet d\u2019\u00e9viter que le feu ne se propage \u00e0 la maison. Une vingtaine de pompiers \u00e9taient mobilis\u00e9s.<\/p>\n<p class=\" wall-content\">Si aucune victime n\u2019est \u00e0 d\u00e9plorer, le logement a \u00e9t\u00e9 rendu inhabitable apr\u00e8s le d\u00e9gagement des fum\u00e9es.\u00a0 <strong>Ses occupants ont \u00e9t\u00e9 relog\u00e9s<\/strong> par les services de la mairie de Balma.<\/p>\n<p class=\" wall-content\">Personnalisez votre actualit\u00e9 en ajoutant vos villes et m\u00e9dias en favori avec <a href=\"https:\/\/moncompte.actu.fr\" title=\"D\u00e9couvez Mon Actu\" rel=\"nofollow noopener\" data-trk=\"{&quot;cta&quot;:{&quot;action&quot;:&quot;https:\\\/\\\/moncompte.actu.fr&quot;,&quot;category&quot;:&quot;mon compte&quot;,&quot;from&quot;:&quot;article footer&quot;,&quot;name&quot;:&quot;Mon actu&quot;,&quot;type&quot;:&quot;cta&quot;}}\" target=\"_blank\">Mon Actu<\/a>.<\/p>\n","protected":false},"excerpt":{"rendered":"Par Lucie Fraisse Publi\u00e9 le 21 nov. 2025 \u00e0 18h28 Les faits se sont d\u00e9roul\u00e9s au c\u0153ur de&hellip;\n","protected":false},"author":2,"featured_media":513096,"comment_status":"","ping_status":"","sticky":false,"template":"","format":"standard","meta":{"footnotes":""},"categories":[2816],"tags":[1111,11,1777,674,1011,27,12,2680,1311,25,104,2312],"class_list":{"0":"post-549560","1":"post","2":"type-post","3":"status-publish","4":"format-standard","5":"has-post-thumbnail","7":"category-toulouse","8":"tag-actu","9":"tag-actualites","10":"tag-eu","11":"tag-europe","12":"tag-fr","13":"tag-france","14":"tag-news","15":"tag-occitanie","16":"tag-pompiers","17":"tag-republique-francaise","18":"tag-societe","19":"tag-toulouse"},"share_on_mastodon":{"url":"https:\/\/pubeurope.com\/@fr\/115588906591143089","error":""},"_links":{"self":[{"href":"https:\/\/www.europesays.com\/fr\/wp-json\/wp\/v2\/posts\/549560","targetHints":{"allow":["GET"]}}],"collection":[{"href":"https:\/\/www.europesays.com\/fr\/wp-json\/wp\/v2\/posts"}],"about":[{"href":"https:\/\/www.europesays.com\/fr\/wp-json\/wp\/v2\/types\/post"}],"author":[{"embeddable":true,"href":"https:\/\/www.europesays.com\/fr\/wp-json\/wp\/v2\/users\/2"}],"replies":[{"embeddable":true,"href":"https:\/\/www.europesays.com\/fr\/wp-json\/wp\/v2\/comments?post=549560"}],"version-history":[{"count":0,"href":"https:\/\/www.europesays.com\/fr\/wp-json\/wp\/v2\/posts\/549560\/revisions"}],"wp:featuredmedia":[{"embeddable":true,"href":"https:\/\/www.europesays.com\/fr\/wp-json\/wp\/v2\/media\/513096"}],"wp:attachment":[{"href":"https:\/\/www.europesays.com\/fr\/wp-json\/wp\/v2\/media?parent=549560"}],"wp:term":[{"taxonomy":"category","embeddable":true,"href":"https:\/\/www.europesays.com\/fr\/wp-json\/wp\/v2\/categories?post=549560"},{"taxonomy":"post_tag","embeddable":true,"href":"https:\/\/www.europesays.com\/fr\/wp-json\/wp\/v2\/tags?post=549560"}],"curies":[{"name":"wp","href":"https:\/\/api.w.org\/{rel}","templated":true}]}}