{"id":549567,"date":"2025-11-21T17:41:13","date_gmt":"2025-11-21T17:41:13","guid":{"rendered":"https:\/\/www.europesays.com\/fr\/549567\/"},"modified":"2025-11-21T17:41:13","modified_gmt":"2025-11-21T17:41:13","slug":"de-la-neige-observee-et-des-records-de-froid-dans-ces-communes","status":"publish","type":"post","link":"https:\/\/www.europesays.com\/fr\/549567\/","title":{"rendered":"de la neige observ\u00e9e et des records de froid dans ces communes"},"content":{"rendered":"<p>                    Par<br \/>\n        <strong><br \/>\n            <a href=\"https:\/\/actu.fr\/auteur\/fabien-binacchi\" title=\"Consulter tous les articles de Fabien Binacchi\" target=\"_blank\" rel=\"noopener\">Fabien Binacchi<\/a><br \/>\n                    <\/strong><\/p>\n<p>        Publi\u00e9 le<\/p>\n<p>            21 nov. 2025 \u00e0 18h26        <\/p>\n<p>Glacial. <strong>Le coup de froid qui atteint son paroxysme<\/strong> ce vendredi 21\u00a0novembre 2025 dans les <a href=\"https:\/\/actu.fr\/provence-alpes-cote-d-azur\/bouches-du-rhone_13\" target=\"_blank\" rel=\"noopener\">Bouches-du-Rh\u00f4ne<\/a> a m\u00eame entra\u00een\u00e9 quelques chutes de flocons dans l\u2019est du d\u00e9partement. Dans certaines communes, des records bas de temp\u00e9ratures sont battus.<\/p>\n<p>Des flocons mais \u00ab\u2009aucune tenue au sol\u2009\u00bb<\/p>\n<p class=\" wall-content\">Vid\u00e9o \u00e0 l\u2019appui, le m\u00e9t\u00e9orologue ind\u00e9pendant Paul Marquis l\u2019annon\u00e7ait en d\u00e9but d\u2019apr\u00e8s-midi\u2009: \u00ab\u2009averses de neige en cours \u00e0 la fronti\u00e8re\u2009\u00bb des Bouches-du-Rh\u00f4ne et du Var \u00ab\u2009par retour d\u2019Est\u2009\u00bb. Des pr\u00e9cipitations observ\u00e9es, <strong>\u00e0 quelques centaines de m\u00e8tres d\u2019altitude, <\/strong>\u00e0 Saint-Zacharie, Riboux et \u00e9galement \u00ab\u2009en pays d\u2019Aix\u2009\u00bb, notamment \u00e0 Beaurecueil, selon le sp\u00e9cialiste.<\/p>\n<p class=\" wall-content\">\n<p class=\" wall-content\">Elles n\u2019offraient cependant \u00ab\u2009aucune tenue au sol\u2009\u00bb.<\/p>\n<p class=\" wall-content\">Des flocons ont \u00e9galement \u00e9t\u00e9 saupoudr\u00e9s du c\u00f4t\u00e9 de la petite ville de <strong>Cuges-les-Pins,<\/strong> situ\u00e9e \u00e0 une heure de Marseille, selon des t\u00e9moins.<\/p>\n<p>\u00ab\u2009Novembre le plus froid depuis 2013\u2009\u00bb<\/p>\n<p class=\" wall-content\">Il fait froid, tr\u00e8s froid m\u00eame ce vendredi dans le d\u00e9partement. Selon M\u00e9t\u00e9o-France, en plaine, \u00ab\u2009plusieurs villes vivent leur apr\u00e8s-midi de novembre le plus froid depuis 2013\u2009\u00bb. L\u2019organisme cite notamment Marignane, o\u00f9 le mercure est descendu <strong>jusqu\u2019\u00e0 6,7\u00b0C,<\/strong> ou encore Salon-de-Provence, o\u00f9 <strong>6,4\u00b0C<\/strong> ont m\u00eame \u00e9t\u00e9 relev\u00e9s.<\/p>\n<p class=\" wall-content\">\n<p class=\" wall-content\">Les temp\u00e9ratures ressenties sont encore plus basses, jusqu\u2019\u00e0 -7\u00b0C par endroits, \u00e0 cause du \u00ab\u2009mistral noir\u2009\u00bb qui soufflent tr\u00e8s fort, notamment dans l\u2019ouest des Bouches-du-Rh\u00f4ne.<\/p>\n<p class=\" wall-content\">Des rafales jusqu\u2019\u00e0 <strong>111km\/h ont notamment \u00e9t\u00e9 relev\u00e9es \u00e0 Istres.<\/strong> Elles ont \u00e9galement d\u00e9pass\u00e9 les 100km\/h \u00e0 Martigues, Arles ou encore Marignane.<\/p>\n<p class=\" wall-content\">Personnalisez votre actualit\u00e9 en ajoutant vos villes et m\u00e9dias en favori avec <a href=\"https:\/\/moncompte.actu.fr\" title=\"D\u00e9couvez Mon Actu\" rel=\"nofollow noopener\" data-trk=\"{&quot;cta&quot;:{&quot;action&quot;:&quot;https:\\\/\\\/moncompte.actu.fr&quot;,&quot;category&quot;:&quot;mon compte&quot;,&quot;from&quot;:&quot;article footer&quot;,&quot;name&quot;:&quot;Mon actu&quot;,&quot;type&quot;:&quot;cta&quot;}}\" target=\"_blank\">Mon Actu<\/a>.<\/p>\n","protected":false},"excerpt":{"rendered":"Par Fabien Binacchi Publi\u00e9 le 21 nov. 2025 \u00e0 18h26 Glacial. Le coup de froid qui atteint son&hellip;\n","protected":false},"author":2,"featured_media":549568,"comment_status":"","ping_status":"","sticky":false,"template":"","format":"standard","meta":{"footnotes":""},"categories":[2814],"tags":[1111,11,1777,674,1011,27,3447,884,2487,2357,12,882,25],"class_list":{"0":"post-549567","1":"post","2":"type-post","3":"status-publish","4":"format-standard","5":"has-post-thumbnail","7":"category-marseille","8":"tag-actu","9":"tag-actualites","10":"tag-eu","11":"tag-europe","12":"tag-fr","13":"tag-france","14":"tag-froid","15":"tag-marseille","16":"tag-meteo","17":"tag-meteo-france","18":"tag-news","19":"tag-provence-alpes-cote-dazur","20":"tag-republique-francaise"},"share_on_mastodon":{"url":"https:\/\/pubeurope.com\/@fr\/115588922509355258","error":""},"_links":{"self":[{"href":"https:\/\/www.europesays.com\/fr\/wp-json\/wp\/v2\/posts\/549567","targetHints":{"allow":["GET"]}}],"collection":[{"href":"https:\/\/www.europesays.com\/fr\/wp-json\/wp\/v2\/posts"}],"about":[{"href":"https:\/\/www.europesays.com\/fr\/wp-json\/wp\/v2\/types\/post"}],"author":[{"embeddable":true,"href":"https:\/\/www.europesays.com\/fr\/wp-json\/wp\/v2\/users\/2"}],"replies":[{"embeddable":true,"href":"https:\/\/www.europesays.com\/fr\/wp-json\/wp\/v2\/comments?post=549567"}],"version-history":[{"count":0,"href":"https:\/\/www.europesays.com\/fr\/wp-json\/wp\/v2\/posts\/549567\/revisions"}],"wp:featuredmedia":[{"embeddable":true,"href":"https:\/\/www.europesays.com\/fr\/wp-json\/wp\/v2\/media\/549568"}],"wp:attachment":[{"href":"https:\/\/www.europesays.com\/fr\/wp-json\/wp\/v2\/media?parent=549567"}],"wp:term":[{"taxonomy":"category","embeddable":true,"href":"https:\/\/www.europesays.com\/fr\/wp-json\/wp\/v2\/categories?post=549567"},{"taxonomy":"post_tag","embeddable":true,"href":"https:\/\/www.europesays.com\/fr\/wp-json\/wp\/v2\/tags?post=549567"}],"curies":[{"name":"wp","href":"https:\/\/api.w.org\/{rel}","templated":true}]}}