{"id":549575,"date":"2025-11-21T17:46:22","date_gmt":"2025-11-21T17:46:22","guid":{"rendered":"https:\/\/www.europesays.com\/fr\/549575\/"},"modified":"2025-11-21T17:46:22","modified_gmt":"2025-11-21T17:46:22","slug":"larrivee-du-pass-navigo-et-du-forfait-imagine-r-sur-telephone-repoussee-a-2026","status":"publish","type":"post","link":"https:\/\/www.europesays.com\/fr\/549575\/","title":{"rendered":"l&rsquo;arriv\u00e9e du Pass Navigo et du forfait Imagine R sur t\u00e9l\u00e9phone repouss\u00e9e \u00e0 2026"},"content":{"rendered":"<p>                    Par<br \/>\n        <strong><br \/>\n            <a href=\"https:\/\/actu.fr\/auteur\/redaction-paris\" title=\"Consulter tous les articles de R\u00e9daction Paris\" target=\"_blank\" rel=\"noopener\">R\u00e9daction Paris<\/a><br \/>\n                    <\/strong><\/p>\n<p>        Publi\u00e9 le<\/p>\n<p>            21 nov. 2025 \u00e0 18h17        <\/p>\n<p>Apr\u00e8s le <a href=\"https:\/\/actu.fr\/ile-de-france\/paris_75056\/transports-en-ile-de-france-le-pass-navigo-liberte-disponible-dans-quelques-semaines-sur-smartphone_62718610.html\" target=\"_blank\" rel=\"noopener\">Pass Libert\u00e9 +<\/a>, le <a href=\"https:\/\/actu.fr\/ile-de-france\/paris_75056\/transports-en-ile-de-france-utilisez-votre-telephone-pour-valider-votre-passe-navigo_54489303.html\" target=\"_blank\" rel=\"noopener\">Pass Navigo jour et mois<\/a>, les tickets \u00e0 l\u2019unit\u00e9, c\u2019est au tour des d\u00e9tenteurs du <strong>Pass Navigo annuel<\/strong> et du<strong> forfait \u00e9tudiant Imagine R<\/strong> de rentrer dans une nouvelle dimension. Le Pass d\u00e9mat\u00e9rialis\u00e9 sur leur smartphone sera disponible en <strong>2026<\/strong> d\u2019apr\u00e8s les informations de <a href=\"https:\/\/www.numerama.com\/vroom\/2123799-le-navigo-annuel-et-le-passe-imagine-r-arriveront-sur-smartphone-au-printemps-2026.html\" target=\"_blank\" rel=\"noopener\">Num\u00e9rama<\/a>. En mars dernier, <a href=\"https:\/\/actu.fr\/tag\/valerie-pecresse\" target=\"_blank\" rel=\"noopener\">Val\u00e9rie P\u00e9cresse<\/a>, pr\u00e9sidente d\u2019\u00cele-de-France Mobilit\u00e9s, avait pourtant annonc\u00e9 son <a href=\"https:\/\/actu.fr\/ile-de-france\/paris_75056\/pass-navigo-sur-le-telephone-valerie-pecresse-devoile-le-calendrier-d-application-de-la-mesure_62349821.html\" target=\"_blank\" rel=\"noopener\">lancement \u00e0 la fin de l\u2019ann\u00e9e 2025<\/a>.<\/p>\n<p>La d\u00e9mat\u00e9rialisation en marche<\/p>\n<p class=\" wall-content\">En plein <a href=\"https:\/\/actu.fr\/ile-de-france\/paris_75056\/ratp-j-ai-fraude-les-tickets-en-carton-disparaissent-des-bus-a-paris-et-sont-deja-difficiles-a-acheter_63229026.html#:~:text=Les%20tickets%20carton%20devraient%20ensuite,en%20favori%20avec%20Mon%20Actu.\" target=\"_blank\" rel=\"noopener\">chantier de d\u00e9mat\u00e9rialisation<\/a> de ses titres de transport, IDFM a red\u00e9fini un calendrier pour le d\u00e9ploiement du Pass Navigo annuel sur smartphone une premi\u00e8re fois annonc\u00e9 fin 2025.<\/p>\n<p class=\" wall-content\">Dans le d\u00e9tail, cette application permettra de \u00ab\u00a0<strong>passer le smartphone, m\u00eame \u00e9teint<\/strong>, sur le valideur, et de circuler\u00a0\u00bb, avait pr\u00e9cis\u00e9 Val\u00e9rie P\u00e9cresse il y a quelques mois.<\/p>\n<p class=\" wall-content\">Selon le m\u00e9dia sp\u00e9cialis\u00e9 dans la tech, la possibilit\u00e9 de synchroniser un pass annuel ou Imagine R avec son t\u00e9l\u00e9phone sera possible d\u00e8s le<strong> printemps 2026<\/strong>. Une \u00e9tape visiblement attendue par ses usagers qui se sont empar\u00e9s de la recharge mobile puisqu\u2019un tiers des abonnements sont d\u00e9sormais souscrits sur smartphone. IDFM esp\u00e8re atteindre les 50\u2009% \u00e0 l\u2019horizon 2027.<\/p>\n<p class=\" wall-content\">Personnalisez votre actualit\u00e9 en ajoutant vos villes et m\u00e9dias en favori avec <a href=\"https:\/\/moncompte.actu.fr\" title=\"D\u00e9couvez Mon Actu\" rel=\"nofollow noopener\" data-trk=\"{&quot;cta&quot;:{&quot;action&quot;:&quot;https:\\\/\\\/moncompte.actu.fr&quot;,&quot;category&quot;:&quot;mon compte&quot;,&quot;from&quot;:&quot;article footer&quot;,&quot;name&quot;:&quot;Mon actu&quot;,&quot;type&quot;:&quot;cta&quot;}}\" target=\"_blank\">Mon Actu<\/a>.<\/p>\n","protected":false},"excerpt":{"rendered":"Par R\u00e9daction Paris Publi\u00e9 le 21 nov. 2025 \u00e0 18h17 Apr\u00e8s le Pass Libert\u00e9 +, le Pass Navigo&hellip;\n","protected":false},"author":2,"featured_media":549576,"comment_status":"","ping_status":"","sticky":false,"template":"","format":"standard","meta":{"footnotes":""},"categories":[1592],"tags":[1111,11,1777,674,1011,27,662,10883,12,626,14377,25,104,2328],"class_list":{"0":"post-549575","1":"post","2":"type-post","3":"status-publish","4":"format-standard","5":"has-post-thumbnail","7":"category-ile-de-france","8":"tag-actu","9":"tag-actualites","10":"tag-eu","11":"tag-europe","12":"tag-fr","13":"tag-france","14":"tag-ile-de-france","15":"tag-ile-de-france-mobilites","16":"tag-news","17":"tag-paris","18":"tag-pass-navigo","19":"tag-republique-francaise","20":"tag-societe","21":"tag-valerie-pecresse"},"share_on_mastodon":{"url":"","error":""},"_links":{"self":[{"href":"https:\/\/www.europesays.com\/fr\/wp-json\/wp\/v2\/posts\/549575","targetHints":{"allow":["GET"]}}],"collection":[{"href":"https:\/\/www.europesays.com\/fr\/wp-json\/wp\/v2\/posts"}],"about":[{"href":"https:\/\/www.europesays.com\/fr\/wp-json\/wp\/v2\/types\/post"}],"author":[{"embeddable":true,"href":"https:\/\/www.europesays.com\/fr\/wp-json\/wp\/v2\/users\/2"}],"replies":[{"embeddable":true,"href":"https:\/\/www.europesays.com\/fr\/wp-json\/wp\/v2\/comments?post=549575"}],"version-history":[{"count":0,"href":"https:\/\/www.europesays.com\/fr\/wp-json\/wp\/v2\/posts\/549575\/revisions"}],"wp:featuredmedia":[{"embeddable":true,"href":"https:\/\/www.europesays.com\/fr\/wp-json\/wp\/v2\/media\/549576"}],"wp:attachment":[{"href":"https:\/\/www.europesays.com\/fr\/wp-json\/wp\/v2\/media?parent=549575"}],"wp:term":[{"taxonomy":"category","embeddable":true,"href":"https:\/\/www.europesays.com\/fr\/wp-json\/wp\/v2\/categories?post=549575"},{"taxonomy":"post_tag","embeddable":true,"href":"https:\/\/www.europesays.com\/fr\/wp-json\/wp\/v2\/tags?post=549575"}],"curies":[{"name":"wp","href":"https:\/\/api.w.org\/{rel}","templated":true}]}}