{"id":549577,"date":"2025-11-21T17:47:16","date_gmt":"2025-11-21T17:47:16","guid":{"rendered":"https:\/\/www.europesays.com\/fr\/549577\/"},"modified":"2025-11-21T17:47:16","modified_gmt":"2025-11-21T17:47:16","slug":"quatre-hommes-reconnus-coupables-et-condamnes","status":"publish","type":"post","link":"https:\/\/www.europesays.com\/fr\/549577\/","title":{"rendered":"quatre hommes reconnus coupables et condamn\u00e9s"},"content":{"rendered":"<p>                    Par<br \/>\n        <strong><br \/>\n            <a href=\"https:\/\/actu.fr\/auteur\/redaction-paris\" title=\"Consulter tous les articles de R\u00e9daction Paris\" rel=\"nofollow noopener\" target=\"_blank\">R\u00e9daction Paris<\/a><br \/>\n                    <\/strong><\/p>\n<p>        Publi\u00e9 le<\/p>\n<p>            21 nov. 2025 \u00e0 17h36        <\/p>\n<p>Quatre hommes ont \u00e9t\u00e9 condamn\u00e9s vendredi \u00e0 des peines de quatre mois d\u2019emprisonnement avec sursis \u00e0 dix mois ferme pour avoir <a href=\"https:\/\/actu.fr\/ile-de-france\/paris_75056\/apres-la-ceremonie-d-ouverture-des-jo-de-paris-la-dj-barbara-butch-sera-aux-manettes-de-la-nuit-blanche-2026_63240698.html\" rel=\"nofollow noopener\" target=\"_blank\">cyberharcel\u00e9<\/a> la DJ fran\u00e7aise <a href=\"https:\/\/actu.fr\/ile-de-france\/paris_75056\/paris-qui-est-barbara-butch-menacee-de-mort-depuis-la-ceremonie-d-ouverture-des-jo-2024_61421329.html\" rel=\"nofollow noopener\" target=\"_blank\">Barbara Butch<\/a> apr\u00e8s sa participation \u00e0 la c\u00e9r\u00e9monie d\u2019ouverture des <a href=\"https:\/\/actu.fr\/tag\/jo-paris-2024\" rel=\"nofollow noopener\" target=\"_blank\">Jeux olympiques de Paris<\/a>.<\/p>\n<p>\u00ab\u00a0Festivit\u00e9\u00a0\u00bb<\/p>\n<p class=\" wall-content\">Les quatre pr\u00e9venus ont \u00e9t\u00e9 condamn\u00e9s pour <strong>harc\u00e8lement en ligne<\/strong> et <strong>menaces de violences<\/strong>, les peines prononc\u00e9es \u00e9tant globalement conformes aux r\u00e9quisitions du parquet. Le tribunal correctionnel de Paris a en revanche relax\u00e9 un cinqui\u00e8me homme, estimant que les \u00e9l\u00e9ments constitutifs des infractions n\u2019\u00e9taient pas r\u00e9unis le concernant.<\/p>\n<p class=\" wall-content\">Un seul d\u2019entre eux, qui n\u2019\u00e9tait pas pr\u00e9sent \u00e0 l\u2019audience, a \u00e9t\u00e9 condamn\u00e9 \u00e0 une <strong>peine d\u2019emprisonnement ferme<\/strong>, en l\u2019\u00e9tat \u00ab\u00a0non-am\u00e9nageable\u00a0\u00bb, a pr\u00e9cis\u00e9 la pr\u00e9sidente du tribunal lors de la lecture de la d\u00e9cision, en soulignant des \u00ab\u00a0actes extr\u00eamement graves\u00a0\u00bb. Il s\u2019agit de \u00ab\u00a0violences num\u00e9riques massives qui s\u2019exercent plus volontiers qu\u2019elles sont d\u00e9mat\u00e9rialis\u00e9es\u00a0\u00bb, a encore soulign\u00e9 la magistrate.<\/p>\n<p class=\" wall-content\">Les messages haineux avaient d\u00e9ferl\u00e9 sur l\u2019artiste dans la foul\u00e9e de la c\u00e9r\u00e9monie d\u2019ouverture des Jeux, le 26 juillet 2024. Sur la passerelle Debilly qui enjambe la Seine, Barbara Butch \u2013 un nom de sc\u00e8ne \u2013 \u00e9tait apparue aux platines, entour\u00e9e de drag queens, mannequins et du chanteur <strong>Philippe Katerine, presque nu<\/strong> et peint en bleu.<\/p>\n<p class=\" wall-content\">Ce tableau intitul\u00e9 \u00ab\u00a0Festivit\u00e9\u00a0\u00bb avait suscit\u00e9 l\u2019ire des milieux <strong>conservateurs<\/strong> et d\u2019extr\u00eame droite, qui l\u2019ont interpr\u00e9t\u00e9 comme une parodie de La C\u00e8ne de Vinci.<\/p>\n<p>\u00ab\u00a0Envie de (s)\u2019enterrer et de dispara\u00eetre\u00a0\u00bb<\/p>\n<p class=\" wall-content\">Le directeur artistique de la c\u00e9r\u00e9monie, Thomas Jolly, avait d\u00e9menti toute volont\u00e9 de choquer et expliqu\u00e9 avoir voulu repr\u00e9senter une \u00ab\u00a0grande <strong>f\u00eate pa\u00efenne<\/strong> reli\u00e9e aux dieux de l\u2019Olympe\u00a0\u00bb, clin d\u2019\u0153il \u00e0 \u00ab\u00a0l\u2019olympisme\u00a0\u00bb.<\/p>\n<p class=\" wall-content\">Musicienne ouvertement lesbienne, militante f\u00e9ministe, Barbara Butch avait racont\u00e9 \u00e0 l\u2019audience du 25 septembre avoir eu \u00ab\u00a0juste <strong>envie de (s)\u2019enterrer<\/strong> et de dispara\u00eetre \u00e0 ce moment-l\u00e0\u00a0\u00bb. Elle avait expliqu\u00e9 avoir d\u00e9velopp\u00e9 agoraphobie et psoriasis apr\u00e8s les faits et prendre depuis des antid\u00e9presseurs.<\/p>\n<p>Votre r\u00e9gion, votre actu !<\/p>\n<p>Recevez chaque jour les infos qui comptent pour vous.<\/p>\n<p>\t<a href=\"https:\/\/actu.fr\/newsletter\" class=\"ac-btn ac-btn--corner ac-btn--medium ac-btn--blue800\" rel=\"nofollow noopener\" target=\"_blank\">S&rsquo;incrire<\/a><\/p>\n<p class=\" wall-content\">Sa compagne a t\u00e9moign\u00e9 \u00e0 la barre des menaces de viol qu\u2019elle avait, elle aussi, re\u00e7ues.<br \/>L\u2019avocate de l\u2019artiste, Me Audrey Msellati, avait insist\u00e9 sur les <strong>cons\u00e9quences sur la sant\u00e9<\/strong> de sa cliente, qui a fait des insomnies et des cauchemars pendant des mois, a pris 30 kilos et n\u2019osait plus sortir de chez elle.<\/p>\n<p class=\" wall-content\">\u00c9tudiant, p\u00e8re de famille, aide soignant\u2026 Les pr\u00e9venus pr\u00e9sents avaient tous reconnu avoir envoy\u00e9 les messages, mais pas leur caract\u00e8re mena\u00e7ant ou harcelant. Plusieurs ont expliqu\u00e9 avoir \u00e9t\u00e9 heurt\u00e9s par la <strong>\u00ab\u00a0parodie de la religion\u00a0\u00bb<\/strong>.<\/p>\n<p class=\" wall-content\">Avec AFP.<\/p>\n<p class=\" wall-content\">Personnalisez votre actualit\u00e9 en ajoutant vos villes et m\u00e9dias en favori avec <a href=\"https:\/\/moncompte.actu.fr\" title=\"D\u00e9couvez Mon Actu\" rel=\"nofollow noopener\" data-trk=\"{&quot;cta&quot;:{&quot;action&quot;:&quot;https:\\\/\\\/moncompte.actu.fr&quot;,&quot;category&quot;:&quot;mon compte&quot;,&quot;from&quot;:&quot;article footer&quot;,&quot;name&quot;:&quot;Mon actu&quot;,&quot;type&quot;:&quot;cta&quot;}}\" target=\"_blank\">Mon Actu<\/a>.<\/p>\n","protected":false},"excerpt":{"rendered":"Par R\u00e9daction Paris Publi\u00e9 le 21 nov. 2025 \u00e0 17h36 Quatre hommes ont \u00e9t\u00e9 condamn\u00e9s vendredi \u00e0 des&hellip;\n","protected":false},"author":2,"featured_media":549578,"comment_status":"","ping_status":"","sticky":false,"template":"","format":"standard","meta":{"footnotes":""},"categories":[1888],"tags":[1111,1928,11,1927,1777,674,118,1011,27,7941,12,1926,626,1925,2694,25],"class_list":{"0":"post-549577","1":"post","2":"type-post","3":"status-publish","4":"format-standard","5":"has-post-thumbnail","7":"category-paris","8":"tag-actu","9":"tag-actu-paris","10":"tag-actualites","11":"tag-actualites-paris","12":"tag-eu","13":"tag-europe","14":"tag-faits-divers","15":"tag-fr","16":"tag-france","17":"tag-jo-paris-2024","18":"tag-news","19":"tag-news-paris","20":"tag-paris","21":"tag-paris-news","22":"tag-proces","23":"tag-republique-francaise"},"share_on_mastodon":{"url":"https:\/\/pubeurope.com\/@fr\/115588946009346574","error":""},"_links":{"self":[{"href":"https:\/\/www.europesays.com\/fr\/wp-json\/wp\/v2\/posts\/549577","targetHints":{"allow":["GET"]}}],"collection":[{"href":"https:\/\/www.europesays.com\/fr\/wp-json\/wp\/v2\/posts"}],"about":[{"href":"https:\/\/www.europesays.com\/fr\/wp-json\/wp\/v2\/types\/post"}],"author":[{"embeddable":true,"href":"https:\/\/www.europesays.com\/fr\/wp-json\/wp\/v2\/users\/2"}],"replies":[{"embeddable":true,"href":"https:\/\/www.europesays.com\/fr\/wp-json\/wp\/v2\/comments?post=549577"}],"version-history":[{"count":0,"href":"https:\/\/www.europesays.com\/fr\/wp-json\/wp\/v2\/posts\/549577\/revisions"}],"wp:featuredmedia":[{"embeddable":true,"href":"https:\/\/www.europesays.com\/fr\/wp-json\/wp\/v2\/media\/549578"}],"wp:attachment":[{"href":"https:\/\/www.europesays.com\/fr\/wp-json\/wp\/v2\/media?parent=549577"}],"wp:term":[{"taxonomy":"category","embeddable":true,"href":"https:\/\/www.europesays.com\/fr\/wp-json\/wp\/v2\/categories?post=549577"},{"taxonomy":"post_tag","embeddable":true,"href":"https:\/\/www.europesays.com\/fr\/wp-json\/wp\/v2\/tags?post=549577"}],"curies":[{"name":"wp","href":"https:\/\/api.w.org\/{rel}","templated":true}]}}