{"id":549585,"date":"2025-11-21T17:54:15","date_gmt":"2025-11-21T17:54:15","guid":{"rendered":"https:\/\/www.europesays.com\/fr\/549585\/"},"modified":"2025-11-21T17:54:15","modified_gmt":"2025-11-21T17:54:15","slug":"en-direct-poutine-menace-de-conquerir-plus-de-territoires-si-lukraine-refuse-le-plan-de-paix-americain-liberation","status":"publish","type":"post","link":"https:\/\/www.europesays.com\/fr\/549585\/","title":{"rendered":"EN DIRECT &#8211; Poutine menace de conqu\u00e9rir plus de territoires si l\u2019Ukraine refuse le plan de paix am\u00e9ricain \u2013 Lib\u00e9ration"},"content":{"rendered":"<p class=\"sc-cPiKLX AiZTS text-element\">Le projet am\u00e9ricain pour l\u2019Ukraine d\u00e9voil\u00e9 jeudi, qui stipule notamment le retrait de l\u2019arm\u00e9e ukrainienne de territoires qu\u2019elle contr\u00f4le encore, conduit \u00e0 un gain net d\u2019environ 2 300 km\u00b2 pour Moscou, selon l\u2019analyse des donn\u00e9es fournies par l\u2019Institut am\u00e9ricain pour l\u2019\u00e9tude de la guerre (ISW). Un gain qui repr\u00e9sente quasiment l\u2019\u00e9quivalent de la superficie du Luxembourg (2 590 km\u00b2), sans tirer le moindre coup de feu. Le plan en 28 points pr\u00e9voit par ailleurs de reconna\u00eetre comme de facto russes <a href=\"https:\/\/www.liberation.fr\/international\/europe\/la-crimee-sas-de-la-guerre-20220518_GQFSDOA7I5DNDB7VRMOSEISUIA\/\" target=\"_blank\" rel=\"noreferrer nofollow noopener\" title=\"https:\/\/www.liberation.fr\/international\/europe\/la-crimee-sas-de-la-guerre-20220518_GQFSDOA7I5DNDB7VRMOSEISUIA\/\">la Crim\u00e9e<\/a>, annex\u00e9e par Moscou en 2014, et les r\u00e9gions de Donetsk et Lougansk, dans l\u2019est du pays. Il attribue aussi \u00e0 la Russie de vastes territoires qu\u2019elle contr\u00f4le actuellement dans les r\u00e9gions Kherson et Zaporijjia. En tout, le plan propos\u00e9 par Washington acterait alors l\u2019abandon par l\u2019Ukraine de 20 % de son territoire, pour en r\u00e9cup\u00e9rer moins de 0,5 %.<\/p>\n","protected":false},"excerpt":{"rendered":"Le projet am\u00e9ricain pour l\u2019Ukraine d\u00e9voil\u00e9 jeudi, qui stipule notamment le retrait de l\u2019arm\u00e9e ukrainienne de territoires qu\u2019elle&hellip;\n","protected":false},"author":2,"featured_media":549586,"comment_status":"","ping_status":"","sticky":false,"template":"","format":"standard","meta":{"footnotes":""},"categories":[1591],"tags":[11,1887,12,1885,1886,132,220,297],"class_list":{"0":"post-549585","1":"post","2":"type-post","3":"status-publish","4":"format-standard","5":"has-post-thumbnail","7":"category-russie","8":"tag-actualites","9":"tag-federation-de-russie","10":"tag-news","11":"tag-russia","12":"tag-russian-federation","13":"tag-russie","14":"tag-ukraine","15":"tag-ukraine-la-crise"},"share_on_mastodon":{"url":"https:\/\/pubeurope.com\/@fr\/115588973507731897","error":""},"_links":{"self":[{"href":"https:\/\/www.europesays.com\/fr\/wp-json\/wp\/v2\/posts\/549585","targetHints":{"allow":["GET"]}}],"collection":[{"href":"https:\/\/www.europesays.com\/fr\/wp-json\/wp\/v2\/posts"}],"about":[{"href":"https:\/\/www.europesays.com\/fr\/wp-json\/wp\/v2\/types\/post"}],"author":[{"embeddable":true,"href":"https:\/\/www.europesays.com\/fr\/wp-json\/wp\/v2\/users\/2"}],"replies":[{"embeddable":true,"href":"https:\/\/www.europesays.com\/fr\/wp-json\/wp\/v2\/comments?post=549585"}],"version-history":[{"count":0,"href":"https:\/\/www.europesays.com\/fr\/wp-json\/wp\/v2\/posts\/549585\/revisions"}],"wp:featuredmedia":[{"embeddable":true,"href":"https:\/\/www.europesays.com\/fr\/wp-json\/wp\/v2\/media\/549586"}],"wp:attachment":[{"href":"https:\/\/www.europesays.com\/fr\/wp-json\/wp\/v2\/media?parent=549585"}],"wp:term":[{"taxonomy":"category","embeddable":true,"href":"https:\/\/www.europesays.com\/fr\/wp-json\/wp\/v2\/categories?post=549585"},{"taxonomy":"post_tag","embeddable":true,"href":"https:\/\/www.europesays.com\/fr\/wp-json\/wp\/v2\/tags?post=549585"}],"curies":[{"name":"wp","href":"https:\/\/api.w.org\/{rel}","templated":true}]}}