{"id":549589,"date":"2025-11-21T17:56:14","date_gmt":"2025-11-21T17:56:14","guid":{"rendered":"https:\/\/www.europesays.com\/fr\/549589\/"},"modified":"2025-11-21T17:56:14","modified_gmt":"2025-11-21T17:56:14","slug":"usa-mamdani-va-rencontrer-trump","status":"publish","type":"post","link":"https:\/\/www.europesays.com\/fr\/549589\/","title":{"rendered":"USA : Mamdani va rencontrer Trump"},"content":{"rendered":"<p><strong>Le nouveau maire de New York, <a href=\"https:\/\/www.leconomistemaghrebin.com\/2025\/11\/06\/victoire-zohran-mamdani-new-york-revers-donald-trump\/\" target=\"_blank\" rel=\"noopener\">Zohran Mamdani<\/a>, a d\u00e9clar\u00e9, jeudi 20 novembre, qu\u2019il \u00e9tait \u00ab pr\u00eat, quoi qu\u2019il arrive \u00bb pour sa rencontre avec Donald Trump \u00e0 la Maison Blanche aujourd\u2019hui, assurant qu\u2019il comptait aborder avec le pr\u00e9sident la question du \u00ab co\u00fbt de la vie \u00bb.<\/strong><\/p>\n<p>\u00ab Il ne s\u2019agit pas d\u2019une relation avec une seule personne. Il s\u2019agit d\u2019une relation entre la ville de New York et la Maison Blanche \u00bb, a-t-il assur\u00e9 lors d\u2019une conf\u00e9rence de presse, ajoutant que \u00ab ses int\u00e9r\u00eats d\u00e9passent le cadre de toute personne en particulier \u00bb.<\/p>\n<p>Il faut dire que Zohran Mamdani est un opposant farouche \u00e0 Donald Trump, qu\u2019il accuse notamment de d\u00e9fendre avant tout les Am\u00e9ricains les plus riches, alors qu\u2019il a \u00e9t\u00e9 \u00e9lu sur des promesses li\u00e9es au pouvoir d\u2019achat.<\/p>\n<p>\u00ab J\u2019ai rencontr\u00e9 de nombreux New-Yorkais qui ont vot\u00e9 pour le pr\u00e9sident Trump et ils m\u2019ont dit qu\u2019ils l\u2019avaient fait \u00e0 cause de la crise du co\u00fbt de la vie \u00bb, a \u00e9galement d\u00e9clar\u00e9 le maire d\u00e9mocrate.<\/p>\n<p>De son c\u00f4t\u00e9, Trump n\u2019a pas cess\u00e9 de qualifier ce socialiste autoproclam\u00e9 de \u00ab communiste \u00bb, mena\u00e7ant de \u00ab geler \u00bb les fonds f\u00e9d\u00e9raux destin\u00e9s \u00e0 la ville.<\/p>\n<p>Un certain apaisement semble toutefois s\u2019op\u00e9rer ces derniers jours : la r\u00e9union a \u00e9t\u00e9 organis\u00e9e \u00e0 la demande du nouveau maire, et Donald Trump s\u2019est montr\u00e9 positif d\u00e8s le d\u00e9part, assurant m\u00eame, il y a quelques jours, qu\u2019il souhaitait que \u00ab tout se passe bien \u00e0 New York \u00bb\u2026<\/p>\n<p>Parmi les principales promesses de campagne du nouveau maire, \u00e2g\u00e9 de 34 ans, figurent l\u2019augmentation du nombre de logements \u00e0 loyer mod\u00e9r\u00e9, de bus et de cr\u00e8ches gratuites.<\/p>\n<p>\u00c0 rappeler que Zohran Mamdani a \u00e9t\u00e9 \u00e9lu maire le 4 novembre avec plus de 50% des voix face \u00e0 ses deux adversaires, dont l\u2019un \u00e9tait l\u2019ancien gouverneur d\u00e9mocrate Andrew Cuomo, lors d\u2019une \u00e9lection qui a mobilis\u00e9 plus de 2 millions d\u2019\u00e9lecteurs, un niveau de participation jamais vu depuis 1969.<\/p>\n","protected":false},"excerpt":{"rendered":"Le nouveau maire de New York, Zohran Mamdani, a d\u00e9clar\u00e9, jeudi 20 novembre, qu\u2019il \u00e9tait \u00ab pr\u00eat, quoi&hellip;\n","protected":false},"author":2,"featured_media":549590,"comment_status":"","ping_status":"","sticky":false,"template":"","format":"standard","meta":{"footnotes":""},"categories":[1589],"tags":[11,73,1866,12,1864,1865,1863,308],"class_list":{"0":"post-549589","1":"post","2":"type-post","3":"status-publish","4":"format-standard","5":"has-post-thumbnail","7":"category-etats-unis","8":"tag-actualites","9":"tag-etats-unis","10":"tag-etats-unis-damerique","11":"tag-news","12":"tag-united-states","13":"tag-united-states-of-america","14":"tag-us","15":"tag-usa"},"share_on_mastodon":{"url":"https:\/\/pubeurope.com\/@fr\/115588981376380855","error":""},"_links":{"self":[{"href":"https:\/\/www.europesays.com\/fr\/wp-json\/wp\/v2\/posts\/549589","targetHints":{"allow":["GET"]}}],"collection":[{"href":"https:\/\/www.europesays.com\/fr\/wp-json\/wp\/v2\/posts"}],"about":[{"href":"https:\/\/www.europesays.com\/fr\/wp-json\/wp\/v2\/types\/post"}],"author":[{"embeddable":true,"href":"https:\/\/www.europesays.com\/fr\/wp-json\/wp\/v2\/users\/2"}],"replies":[{"embeddable":true,"href":"https:\/\/www.europesays.com\/fr\/wp-json\/wp\/v2\/comments?post=549589"}],"version-history":[{"count":0,"href":"https:\/\/www.europesays.com\/fr\/wp-json\/wp\/v2\/posts\/549589\/revisions"}],"wp:featuredmedia":[{"embeddable":true,"href":"https:\/\/www.europesays.com\/fr\/wp-json\/wp\/v2\/media\/549590"}],"wp:attachment":[{"href":"https:\/\/www.europesays.com\/fr\/wp-json\/wp\/v2\/media?parent=549589"}],"wp:term":[{"taxonomy":"category","embeddable":true,"href":"https:\/\/www.europesays.com\/fr\/wp-json\/wp\/v2\/categories?post=549589"},{"taxonomy":"post_tag","embeddable":true,"href":"https:\/\/www.europesays.com\/fr\/wp-json\/wp\/v2\/tags?post=549589"}],"curies":[{"name":"wp","href":"https:\/\/api.w.org\/{rel}","templated":true}]}}