{"id":549593,"date":"2025-11-21T17:58:13","date_gmt":"2025-11-21T17:58:13","guid":{"rendered":"https:\/\/www.europesays.com\/fr\/549593\/"},"modified":"2025-11-21T17:58:13","modified_gmt":"2025-11-21T17:58:13","slug":"la-nouvelle-proposition-de-lallemagne-pour-la-verification-dage-en-ligne-est-aussi-radicale-quingenieuse","status":"publish","type":"post","link":"https:\/\/www.europesays.com\/fr\/549593\/","title":{"rendered":"La nouvelle proposition de l&rsquo;Allemagne pour la v\u00e9rification d&rsquo;\u00e2ge en ligne est aussi radicale qu&rsquo;ing\u00e9nieuse"},"content":{"rendered":"<p class=\"sc-9e1vpx-0 jVoltE start\">Mais ne nous emballons pas trop vite. Si l&rsquo;id\u00e9e s\u00e9duit par sa radicalit\u00e9 technique, elle laisse songeur quant \u00e0 son efficacit\u00e9 r\u00e9elle. On conna\u00eet la chanson : chaque nouveau verrou num\u00e9rique est un d\u00e9fi lanc\u00e9 \u00e0 une arm\u00e9e d&rsquo;adolescents d\u00e9brouillards. Un VPN par ci, un navigateur alternatif par l\u00e0, et voil\u00e0 le beau syst\u00e8me contourn\u00e9 en deux temps, trois mouvements.<\/p>\n<p class=\"sc-9e1vpx-0 jVoltE start\">Le v\u00e9ritable talon d&rsquo;Achille de ce dispositif r\u00e9side peut-\u00eatre dans sa d\u00e9pendance au bon vouloir des \u00e9diteurs. Si les applications doivent \u00eatre class\u00e9es, les sites web, eux, restent dans une zone grise. Sans obligation stricte d&rsquo;\u00e9tiquetage pour chaque page web, le filtre risque de ressembler \u00e0 une passoire. Et puis, soyons honn\u00eates : d\u00e9placer le contr\u00f4le du r\u00e9seau vers l&rsquo;appareil, c&rsquo;est un peu comme mettre un verrou sur la porte de la chambre tout en laissant les fen\u00eatres grandes ouvertes. L&rsquo;initiative a le m\u00e9rite d&rsquo;exister et de bousculer le statu quo, mais elle pourrait bien finir, comme tant d&rsquo;autres avant elle, dans le cimeti\u00e8re des bonnes id\u00e9es technocratiques inapplicables.<\/p>\n","protected":false},"excerpt":{"rendered":"Mais ne nous emballons pas trop vite. Si l&rsquo;id\u00e9e s\u00e9duit par sa radicalit\u00e9 technique, elle laisse songeur quant&hellip;\n","protected":false},"author":2,"featured_media":549594,"comment_status":"","ping_status":"","sticky":false,"template":"","format":"standard","meta":{"footnotes":""},"categories":[1587],"tags":[11,672,1804,1805,1803,1777,674,1801,12,1802],"class_list":{"0":"post-549593","1":"post","2":"type-post","3":"status-publish","4":"format-standard","5":"has-post-thumbnail","7":"category-allemagne","8":"tag-actualites","9":"tag-allemagne","10":"tag-bundesrepublik-deutschland","11":"tag-de","12":"tag-deutschland","13":"tag-eu","14":"tag-europe","15":"tag-germany","16":"tag-news","17":"tag-republique-federale-dallemagne"},"share_on_mastodon":{"url":"https:\/\/pubeurope.com\/@fr\/115588989247943051","error":""},"_links":{"self":[{"href":"https:\/\/www.europesays.com\/fr\/wp-json\/wp\/v2\/posts\/549593","targetHints":{"allow":["GET"]}}],"collection":[{"href":"https:\/\/www.europesays.com\/fr\/wp-json\/wp\/v2\/posts"}],"about":[{"href":"https:\/\/www.europesays.com\/fr\/wp-json\/wp\/v2\/types\/post"}],"author":[{"embeddable":true,"href":"https:\/\/www.europesays.com\/fr\/wp-json\/wp\/v2\/users\/2"}],"replies":[{"embeddable":true,"href":"https:\/\/www.europesays.com\/fr\/wp-json\/wp\/v2\/comments?post=549593"}],"version-history":[{"count":0,"href":"https:\/\/www.europesays.com\/fr\/wp-json\/wp\/v2\/posts\/549593\/revisions"}],"wp:featuredmedia":[{"embeddable":true,"href":"https:\/\/www.europesays.com\/fr\/wp-json\/wp\/v2\/media\/549594"}],"wp:attachment":[{"href":"https:\/\/www.europesays.com\/fr\/wp-json\/wp\/v2\/media?parent=549593"}],"wp:term":[{"taxonomy":"category","embeddable":true,"href":"https:\/\/www.europesays.com\/fr\/wp-json\/wp\/v2\/categories?post=549593"},{"taxonomy":"post_tag","embeddable":true,"href":"https:\/\/www.europesays.com\/fr\/wp-json\/wp\/v2\/tags?post=549593"}],"curies":[{"name":"wp","href":"https:\/\/api.w.org\/{rel}","templated":true}]}}