{"id":549595,"date":"2025-11-21T17:59:14","date_gmt":"2025-11-21T17:59:14","guid":{"rendered":"https:\/\/www.europesays.com\/fr\/549595\/"},"modified":"2025-11-21T17:59:14","modified_gmt":"2025-11-21T17:59:14","slug":"les-plus-beaux-marches-de-noel-en-europe","status":"publish","type":"post","link":"https:\/\/www.europesays.com\/fr\/549595\/","title":{"rendered":"Les plus beaux march\u00e9s de No\u00ebl en Europe"},"content":{"rendered":"<p class=\"paragraph text_align_left lp-f-body-02\">Peu de choses \u00e9voquent les f\u00eates de fin d\u2019ann\u00e9e avec autant de charme que les march\u00e9s de No\u00ebl europ\u00e9ens. Partout en Europe, la magie des f\u00eates se r\u00e9v\u00e8le \u00e0 travers ces \u00e9v\u00e9nements ancestraux qui transforment les c\u0153urs des villes en v\u00e9ritables cocons de lumi\u00e8re, de parfums r\u00e9confortants et de traditions. Ces destinations phares sont une promesse d\u2019\u00e9vasion \u00e0 la d\u00e9couverte de la culture, de la cuisine et de la cr\u00e9ativit\u00e9 artisanale des villes qui les accueillent. Si vous r\u00eavez d\u2019un voyage hivernal inoubliable cette ann\u00e9e, suivez notre guide des 10 plus beaux march\u00e9s de No\u00ebl d\u2019Europe qui vous donneront envie de planifier votre escapade imm\u00e9diatement.<\/p>\n<p>1.Vienne, Autriche : l\u2019\u00e9clat de No\u00ebl sur la Rathausplatz<\/p>\n<p class=\"paragraph text_align_left lp-f-body-02\">Les march\u00e9s de No\u00ebl de Vienne transforment la ville en un royaume f\u00e9erique o\u00f9 chaque coin de rue est une invitation \u00e0 la d\u00e9couverte. Si la capitale autrichienne en propose une myriade, le plus embl\u00e9matique reste le Wiener Christkindlmarkt sur la Rathausplatz. Devant l\u2019H\u00f4tel de Ville n\u00e9o-gothique magnifiquement illumin\u00e9, ce march\u00e9 est d\u2019une \u00e9l\u00e9gance rare. On y d\u00e9couvre \u00e0 travers ses 150 stands des produits d\u2019artisanat d\u2019art, des bougies parfum\u00e9es et des d\u00e9corations de No\u00ebl raffin\u00e9es. Et pour se r\u00e9chauffer, rien de mieux que les punschrulle (punch chaud) et les kipferl (petits g\u00e2teaux vanill\u00e9s).<\/p>\n<p class=\"paragraph text_align_left lp-f-body-02\"><b>Pourquoi y aller ? <\/b>Le d\u00e9cor baroque et imp\u00e9rial de la ville est sublim\u00e9 par la grande patinoire ext\u00e9rieure, cr\u00e9ant un tableau hivernal somptueux.<\/p>\n<p class=\"paragraph text_align_left lp-f-body-02\"><b>Notre conseil voyage :<\/b> Pour une ambiance moins touristique, explorez le march\u00e9 du quartier de Spittelberg, r\u00e9put\u00e9 pour son atmosph\u00e8re plus boh\u00e8me.<\/p>\n<p class=\"paragraph text_align_left lp-f-body-02\"><b>Dates d\u2019ouverture :<\/b> Du 15 novembre au 31 d\u00e9cembre 2025 (les dates peuvent varier).<\/p>\n<p>2.Cologne, Allemagne : la f\u00e9erie sous la cath\u00e9drale<\/p>\n<p class=\"paragraph text_align_left lp-f-body-02\">Cologne brille par ses multiples march\u00e9s d\u00e9voilant leur propre ambiance et leurs surprises. Mais le plus populaire est sans conteste celui de la cath\u00e9drale de Cologne. Ses 150 chalets de bois vendent en effet une myriade de cr\u00e9ations artisanales, de nombreuses gourmandises comme le pain d\u2019\u00e9pice ainsi que sp\u00e9cialit\u00e9s r\u00e9gionales comme la reibekuchen (galettes de pommes de terre), et le gl\u00fchwein servi dans des tasses de collection. Entre la majest\u00e9 du sapin de No\u00ebl g\u00e9ant, des man\u00e8ges anciens, et un carrousel, c\u2019est un d\u00e9cor de conte de f\u00e9es qui prend vie pour chaque visiteur.<\/p>\n<p class=\"paragraph text_align_left lp-f-body-02\"><b>Pourquoi y aller ?<\/b> Le cadre majestueux et l\u2019atmosph\u00e8re unique donn\u00e9e par la pr\u00e9sence de la cath\u00e9drale gothique, site class\u00e9 \u00e0 l\u2019UNESCO.<\/p>\n<p class=\"paragraph text_align_left lp-f-body-02\"><b>Notre conseil voyage :<\/b> Collectionnez les tasses \u00e0 Gl\u00fchwein ! Chaque march\u00e9 de Cologne propose un design unique et r\u00e9utilisable, un souvenir pr\u00e9cieux.<\/p>\n<p class=\"paragraph text_align_left lp-f-body-02\"><b>Dates d\u2019ouverture :<\/b> Du 17 novembre 2025 au 4 janvier 2026 (les dates peuvent varier).<\/p>\n<p>3. Strasbourg, France : la capitale de No\u00ebl<\/p>\n<p class=\"paragraph text_align_left lp-f-body-02\">Le march\u00e9 de No\u00ebl de Strasbourg est une institution incontournable. Surnomm\u00e9e la capitale de No\u00ebl, la ville accueille ainsi l\u2019un des Christkindelsm\u00e4rik les plus anciens d\u2019Europe (depuis 1570). Il s\u2019\u00e9tend \u00e0 travers plusieurs sites, notamment la Place Kl\u00e9ber (Grand Sapin) et la Place Broglie (berceau historique) qui s\u00e9duisent par leur atmosph\u00e8re authentique. Ici, l\u2019accent est mis sur l\u2019artisanat alsacien \u00e0 l\u2019image des d\u00e9corations en verre souffl\u00e9 et de la poterie mais aussi sur la tradition culinaire locale. On se r\u00e9gale ainsi des fameux bredele (petits g\u00e2teaux de No\u00ebl), de vin chaud et de bretzels.<\/p>\n<p class=\"paragraph text_align_left lp-f-body-02\"><b>Pourquoi y aller ?<\/b> C\u2019est le march\u00e9 le plus vaste et le plus historique de France, offrant une immersion totale dans l\u2019ambiance des f\u00eates.<\/p>\n<p class=\"paragraph text_align_left lp-f-body-02\"><b>Notre conseil voyage :<\/b> Privil\u00e9giez les visites en semaine et t\u00f4t le matin (avant 16h) pour profiter des chalets et des illuminations sans la foule \u00e9touffante du week-end.<\/p>\n<p class=\"paragraph text_align_left lp-f-body-02\"><b>Dates d\u2019ouverture :<\/b> Du 26 novembre au 24 d\u00e9cembre 2025.<\/p>\n<p>4. Budapest, Hongrie : une symphonie de saveurs \u00e0 V\u00f6r\u00f6smarty<\/p>\n<p class=\"paragraph text_align_left lp-f-body-02\">\u00c0 Budapest, la place V\u00f6r\u00f6smarty devient le centre d\u2019attraction d\u00e8s le d\u00e9but du mois de d\u00e9cembre. Venez \u00e0 Budapest go\u00fbter au d\u00e9licieux goulash, un plat traditionnel hongrois servi bien chaud pour r\u00e9chauffer les c\u0153urs. Ne manquez \u00e9galement pas le march\u00e9 de la basilique Saint-\u00c9tienne, c\u00e9l\u00e8bre pour sa patinoire et son atmosph\u00e8re f\u00e9\u00e9rique. Les visiteurs s\u2019y d\u00e9lectent de k\u00fcrt\u0151skal\u00e1cs (g\u00e2teau chemin\u00e9e), de l\u00e1ngos (galette frite), de p\u00e1linka (eau-de-vie locale) et de vin chaud hongrois (forralt bor), tout en d\u00e9couvrant l\u2019artisanat hongrois.<\/p>\n<p class=\"paragraph text_align_left lp-f-body-02\"><b>Pourquoi y aller ?<\/b> Le march\u00e9 de la Basilique est unique gr\u00e2ce \u00e0 son spectacle de lumi\u00e8re 3D projet\u00e9 sur sa fa\u00e7ade, cr\u00e9ant une ambiance magique autour de la patinoire centrale.<\/p>\n<p class=\"paragraph text_align_left lp-f-body-02\"><b>Notre conseil voyage :<\/b> Apr\u00e8s une journ\u00e9e au froid, terminez par un moment de d\u00e9tente et de chaleur dans l\u2019un des c\u00e9l\u00e8bres bains thermaux de la ville.<\/p>\n<p class=\"paragraph text_align_left lp-f-body-02\"><b>Dates d\u2019ouverture :<\/b> Du 14 novembre 2025 au 1er janvier 2026.<\/p>\n<p>5. Londres, Royaume-Uni : le spectacle de Winter Wonderland<\/p>\n<p class=\"paragraph text_align_left lp-f-body-02\">La capitale britannique ne manque pas d\u2019enchanter les visiteurs avec ses march\u00e9s festifs, notamment le renomm\u00e9 Winter Wonderland \u00e0 Hyde Park. Cette immense foire d\u2019hiver m\u00e9lange chalets traditionnels (Angel Market) et attractions foraines. Vous y retrouverez un univers magique m\u00ealant artisanat international, stands de restauration du monde entier, man\u00e8ges et spectacles. <\/p>\n<p class=\"paragraph text_align_left lp-f-body-02\"><b>Pourquoi y aller ?<\/b> Son ampleur et son c\u00f4t\u00e9 spectaculaire en font plus qu\u2019un march\u00e9, c\u2019est une v\u00e9ritable destination de divertissement hivernal.<\/p>\n<p class=\"paragraph text_align_left lp-f-body-02\"><b>Notre conseil voyage :<\/b> R\u00e9servez vos billets pour les attractions (patinoire et cirque) en ligne et \u00e0 l\u2019avance pour \u00e9viter les longues files d\u2019attente.<\/p>\n<p class=\"paragraph text_align_left lp-f-body-02\"><b>Dates d\u2019ouverture :<\/b> Du 14 novembre 2025 au 1er janvier 2026.<\/p>\n<p>6. Prague, R\u00e9publique Tch\u00e8que : savourez le Trdeln\u00edk<\/p>\n<p class=\"paragraph text_align_left lp-f-body-02\">Naviguez dans l\u2019ambiance chaleureuse de la Prague historique avec ses march\u00e9s anim\u00e9s de la place Venceslas et de la Place de la Vieille Ville (Starom\u011bstsk\u00e9 n\u00e1m\u011bst\u00ed). Dans leurs all\u00e9es, vous d\u00e9couvrirez des marionnettes tch\u00e8ques artisanales et du verre de Boh\u00eame mais aussi des d\u00e9lices comme le trdeln\u00edk (p\u00e2tisserie cylindrique \u00e0 la cannelle) et le vin chaud au miel (sva\u0159\u00e1k).<\/p>\n<p class=\"paragraph text_align_left lp-f-body-02\"><b>Pourquoi y aller ?<\/b> Le contraste entre les magnifiques b\u00e2timents gothiques et baroques et les illuminations cr\u00e9e une atmosph\u00e8re m\u00e9di\u00e9vale f\u00e9\u00e9rique.<\/p>\n<p class=\"paragraph text_align_left lp-f-body-02\"><b>Notre conseil voyage :<\/b> Pour un point de vue imprenable, montez au sommet de la tour de l\u2019H\u00f4tel de Ville pour une vue panoramique sur les lumi\u00e8res du march\u00e9.<\/p>\n<p class=\"paragraph text_align_left lp-f-body-02\"><b>Dates d\u2019ouverture : <\/b>Du 29 novembre 2025 au 6 janvier 2026 (parmi les plus longs d\u2019Europe).<\/p>\n<p>7. Copenhague, Danemark : l\u2019\u00e9merveillement de Tivoli<\/p>\n<p class=\"paragraph text_align_left lp-f-body-02\">Le march\u00e9 le plus f\u00e9erique de Copenhague se situe dans les Jardins de Tivoli, transform\u00e9s pour l\u2019occasion en v\u00e9ritable parc d\u2019attractions. On y trouve des d\u00e9corations de No\u00ebl danoises, de l\u2019artisanat scandinave, et des gourmandises comme les \u00e6bleskiver (beignets ronds danois) et le gl\u00f8gg (vin chaud danois). <\/p>\n<p class=\"paragraph text_align_left lp-f-body-02\"><b>Pourquoi y aller ?<\/b> Le parc est enti\u00e8rement transform\u00e9 par des millions de lumi\u00e8res et d\u2019attractions, promettant un divertissement pour tous les \u00e2ges.<\/p>\n<p class=\"paragraph text_align_left lp-f-body-02\"><b>Notre conseil voyage :<\/b> Pr\u00e9voyez la visite en soir\u00e9e, car la beaut\u00e9 des jardins de Tivoli est d\u00e9cupl\u00e9e apr\u00e8s la tomb\u00e9e de la nuit par les illuminations spectaculaires.<\/p>\n<p class=\"paragraph text_align_left lp-f-body-02\"><b>Dates d\u2019ouverture :<\/b> Du 4 novembre 2025 au 4 janvier 2026.<\/p>\n<p>8. Bruxelles, Belgique : les plaisirs de l\u2019hiver<\/p>\n<p class=\"paragraph text_align_left lp-f-body-02\">Connu sous le nom de Plaisirs d\u2019Hiver, le plus grand march\u00e9 de Bruxelles est un parcours festif et ludique s\u2019\u00e9tendant sur plus de 2 km. Il propose l\u2019incontournable gastronomie belge avec gaufres, frites, chocolat et bi\u00e8res de No\u00ebl artisanales, ainsi que de l\u2019artisanat du monde entier. Une grande roue et une patinoire compl\u00e8tent ce tableau magique. <\/p>\n<p class=\"paragraph text_align_left lp-f-body-02\"><b>Pourquoi y aller ? <\/b>C\u2019est une exp\u00e9rience compl\u00e8te et dynamique, rehauss\u00e9e par le spectacle Son et Lumi\u00e8re \u00e9poustouflant de la Grand-Place.<\/p>\n<p class=\"paragraph text_align_left lp-f-body-02\"><b>Notre conseil voyage :<\/b> Ne manquez pas le spectacle Son et Lumi\u00e8re de la Grand-Place, un moment de pure magie visuelle, g\u00e9n\u00e9ralement programm\u00e9 toutes les heures le soir.<\/p>\n<p class=\"paragraph text_align_left lp-f-body-02\"><b>Dates d\u2019ouverture : <\/b>Du 28 novembre 2025 au 4 janvier 2026.<\/p>\n<p>9. Tallinn, Estonie : le joyau nordique<\/p>\n<p class=\"paragraph text_align_left lp-f-body-02\">Le march\u00e9 de No\u00ebl de Tallinn, sur la Place de la Mairie (Raekoja plats), offre un charme m\u00e9di\u00e9val unique, souvent sous la neige. Vous y trouverez de l\u2019artisanat baltique (laine, bois, feutre), des bougies, des c\u00e9ramiques, et des sp\u00e9cialit\u00e9s culinaires estoniennes comme le boudin noir (verivorst) et la soupe d\u2019\u00e9lan.<\/p>\n<p class=\"paragraph text_align_left lp-f-body-02\"><b>Pourquoi y aller ?<\/b> Son cadre m\u00e9di\u00e9val, souvent enneig\u00e9, en fait une destination d\u2019une beaut\u00e9 hivernale exceptionnelle et authentique, berceau du premier sapin de No\u00ebl public.<\/p>\n<p class=\"paragraph text_align_left lp-f-body-02\"><b>Notre conseil voyage :<\/b> R\u00e9chauffez-vous avec de la soupe d\u2019\u00e9lan ou le traditionnel verivorst (boudin noir) estonien pour une exp\u00e9rience culinaire locale et revigorante.<\/p>\n<p class=\"paragraph text_align_left lp-f-body-02\"><b>Dates d\u2019ouverture :<\/b> Du 21 novembre au 27 d\u00e9cembre 2025.<\/p>\n<p>10. B\u00e2le, Suisse : le plus grand de Suisse<\/p>\n<p class=\"paragraph text_align_left lp-f-body-02\">Le Basler Weihnachtsmarkt est consid\u00e9r\u00e9 comme le plus grand march\u00e9 de No\u00ebl de Suisse, se d\u00e9roulant principalement sur la Barf\u00fcsserplatz et la M\u00fcnsterplatz. La d\u00e9coration est soign\u00e9e, et vous y trouverez de l\u2019artisanat suisse, des sp\u00e9cialit\u00e9s fromag\u00e8res (raclette, fondue) et le lackerli (biscuit aux \u00e9pices de B\u00e2le).<\/p>\n<p class=\"paragraph text_align_left lp-f-body-02\"><b>Pourquoi y aller ?<\/b> La d\u00e9coration est sublime et l\u2019ambiance y est toujours tr\u00e8s festive et chaleureuse.<\/p>\n<p class=\"paragraph text_align_left lp-f-body-02\"><b>Notre conseil voyage <\/b>: D\u00e9gustez la raclette ou la fondue suisse dans un des chalets gourmands pour une pause r\u00e9confortante et locale.<\/p>\n<p class=\"paragraph text_align_left lp-f-body-02\"><b>Dates d\u2019ouverture :<\/b> Du 27 novembre au 23 d\u00e9cembre 2025.<\/p>\n<p>Comment choisir sa destination ?<\/p>\n<p class=\"paragraph text_align_left lp-f-body-02\">Chaque ville et march\u00e9 de No\u00ebl europ\u00e9en offre une ambiance vraiment unique. Ce sont donc vos go\u00fbts personnels qui vous permettront de faire le meilleur choix. Pour ceux qui pr\u00e9f\u00e8rent les villes charg\u00e9es d\u2019histoire, Prague et Tallinn sont ainsi des destinations id\u00e9ales tandis que Vienne vous immerge au c\u0153ur de march\u00e9s traditionnels. Si vous \u00eates un gourmet, dirigez-vous vers Strasbourg ou Budapest pour des exp\u00e9riences culinaires authentiques qui plaisent aux palais exigeants. Et pour multiplier les activit\u00e9s ext\u00e9rieures, Londres avec sa patinoire, et Budapest avec son spectacle de lumi\u00e8res envo\u00fbtant, sont particuli\u00e8rement recommand\u00e9s.<\/p>\n","protected":false},"excerpt":{"rendered":"Peu de choses \u00e9voquent les f\u00eates de fin d\u2019ann\u00e9e avec autant de charme que les march\u00e9s de No\u00ebl&hellip;\n","protected":false},"author":2,"featured_media":549596,"comment_status":"","ping_status":"","sticky":false,"template":"","format":"standard","meta":{"footnotes":""},"categories":[1586],"tags":[11,1777,674,1011,27,749,7616,12,25,1666],"class_list":{"0":"post-549595","1":"post","2":"type-post","3":"status-publish","4":"format-standard","5":"has-post-thumbnail","7":"category-europe","8":"tag-actualites","9":"tag-eu","10":"tag-europe","11":"tag-fr","12":"tag-france","13":"tag-guide-shopping","14":"tag-loisirs-voyages","15":"tag-news","16":"tag-republique-francaise","17":"tag-voyages"},"share_on_mastodon":{"url":"https:\/\/pubeurope.com\/@fr\/115588993283623167","error":""},"_links":{"self":[{"href":"https:\/\/www.europesays.com\/fr\/wp-json\/wp\/v2\/posts\/549595","targetHints":{"allow":["GET"]}}],"collection":[{"href":"https:\/\/www.europesays.com\/fr\/wp-json\/wp\/v2\/posts"}],"about":[{"href":"https:\/\/www.europesays.com\/fr\/wp-json\/wp\/v2\/types\/post"}],"author":[{"embeddable":true,"href":"https:\/\/www.europesays.com\/fr\/wp-json\/wp\/v2\/users\/2"}],"replies":[{"embeddable":true,"href":"https:\/\/www.europesays.com\/fr\/wp-json\/wp\/v2\/comments?post=549595"}],"version-history":[{"count":0,"href":"https:\/\/www.europesays.com\/fr\/wp-json\/wp\/v2\/posts\/549595\/revisions"}],"wp:featuredmedia":[{"embeddable":true,"href":"https:\/\/www.europesays.com\/fr\/wp-json\/wp\/v2\/media\/549596"}],"wp:attachment":[{"href":"https:\/\/www.europesays.com\/fr\/wp-json\/wp\/v2\/media?parent=549595"}],"wp:term":[{"taxonomy":"category","embeddable":true,"href":"https:\/\/www.europesays.com\/fr\/wp-json\/wp\/v2\/categories?post=549595"},{"taxonomy":"post_tag","embeddable":true,"href":"https:\/\/www.europesays.com\/fr\/wp-json\/wp\/v2\/tags?post=549595"}],"curies":[{"name":"wp","href":"https:\/\/api.w.org\/{rel}","templated":true}]}}