{"id":549597,"date":"2025-11-21T18:00:27","date_gmt":"2025-11-21T18:00:27","guid":{"rendered":"https:\/\/www.europesays.com\/fr\/549597\/"},"modified":"2025-11-21T18:00:27","modified_gmt":"2025-11-21T18:00:27","slug":"entretien-on-a-eu-du-french-flair-mais-contre-vous-les-souvenirs-dadam-ashley-cooper-avant-france","status":"publish","type":"post","link":"https:\/\/www.europesays.com\/fr\/549597\/","title":{"rendered":"ENTRETIEN. \u00ab\u00a0On a eu du French flair, mais contre vous\u00a0!\u00a0\u00bb\u00a0: les souvenirs d\u2019Adam Ashley-Cooper avant France"},"content":{"rendered":"<p class=\"interview-question\">L\u2019Australie a perdu sept de ses neuf derniers matchs, dont ses trois en Europe en novembre (Angleterre, Italie et Irlande). Que se passe-t-il\u00a0?<\/p>\n<p class=\"interview-answer\">Tout d\u2019abord, il y a eu beaucoup de changements dans l\u2019\u00e9quipe, \u00e7a n\u2019a pas permis de maintenir une dynamique. Ensuite, je pense qu\u2019il y a une fatigue \u00e9motionnelle &#8211; pas&#8230;<\/p>\n<p class=\"interview-question\">L\u2019Australie a perdu sept de ses neuf derniers matchs, dont ses trois en Europe en novembre (Angleterre, Italie et Irlande). Que se passe-t-il\u00a0?<\/p>\n<p class=\"interview-answer\">Tout d\u2019abord, il y a eu beaucoup de changements dans l\u2019\u00e9quipe, \u00e7a n\u2019a pas permis de maintenir une dynamique. Ensuite, je pense qu\u2019il y a une fatigue \u00e9motionnelle &#8211; pas physique, car les Wallabies ont l\u2019habitude de jouer leur meilleur rugby vers la fin de l\u2019ann\u00e9e. Ils ont l\u2019air un peu \u00e0 plat, ont perdu du mordant. La tourn\u00e9e contre les Lions (trois matchs cet \u00e9t\u00e9, NDLR) a eu un impact important l\u00e0-dessus. Deux semaines plus tard, ils ont encha\u00een\u00e9 avec le Rugby Championship. Il est \u00e9vident que \u00e7a use psychologiquement.<\/p>\n<p class=\"interview-question\">Qu\u2019est-ce qui vous inqui\u00e8te le plus\u00a0?<\/p>\n<p class=\"interview-answer\">Il n\u2019y a pas vraiment de pr\u00e9occupation majeure. Il s\u2019agit plus de terminer l\u2019ann\u00e9e sur une bonne note, en gagnant \u00e0 Paris. Il y a eu pas mal de positif cette ann\u00e9e, l\u2019\u00e9quipe a grandi, pris de l\u2019exp\u00e9rience. Ce qui compte, c\u2019est de voir une r\u00e9action au Stade de France apr\u00e8s la d\u00e9faite d\u00e9cevante en Irlande.<\/p>\n<p class=\"interview-question\">Il est d\u00e9j\u00e0 acquis que Les Kiss, ancien manager de l\u2019Ulster, des London Irish et des Queensland Reds, remplacera Joe Schmidt en ao\u00fbt 2026. Est-ce une bonne strat\u00e9gie d\u2019apr\u00e8s vous\u00a0?<\/p>\n<p class=\"interview-answer\">Sa nomination a \u00e9t\u00e9 annonc\u00e9e il y a plus de six mois, car on savait que Joe Schmidt allait partir (l\u2019Irlandais \u00e9tait cens\u00e9 partir cet automne mais a accept\u00e9 de prolonger d\u2019un an, NDLR). Les Kiss a travaill\u00e9 dans le staff de Schmidt avec la s\u00e9lection irlandaise, conna\u00eet le programme mis en place. Ce sera une transition facile. Tout le monde a h\u00e2te de voir l\u2019influence que Kiss aura sur l\u2019\u00e9quipe. C\u2019est peut-\u00eatre le changement dont on a besoin.<\/p>\n<p class=\"interview-question\">Quels joueurs vous plaisent dans l\u2019effectif actuel\u00a0?<\/p>\n<p class=\"interview-answer\">J\u2019appr\u00e9cie l\u2019arri\u00e8re Max Jorgensen. Je trouve que Len Ikitau joue extr\u00eamement bien en premier centre. Ils ont 21 et 22\u00a0ans et repr\u00e9sentent l\u2019avenir. L\u2019autre centre, Joseph Sua\u2019ali\u2019i, est tr\u00e8s bon mais ne voit pas assez le ballon, il y a une forme de d\u00e9connexion entre la charni\u00e8re et les trois-quarts. Fraser McReight, en num\u00e9ro\u00a07, fait du tr\u00e8s bon boulot aussi. Globalement, notre pack est jeune.<\/p>\n<p class=\"interview-question\">La derni\u00e8re victoire de l\u2019Australie dans le Rugby Championship remonte \u00e0 dix ans, celle d\u2019une franchise australienne dans le Super Rugby \u00e0 onze ans. Que peuvent esp\u00e9rer les Wallabies pour la Coupe du monde 2027 qui sera \u00e0 domicile\u00a0?<\/p>\n<p class=\"interview-answer\">C\u2019est d\u2019abord une histoire de cycles\u00a0: les Wallabies dominaient \u00e0 la fin des ann\u00e9es\u00a090 et au d\u00e9but des ann\u00e9es 2000, puis ce fut le tour des All Blacks, et maintenant des Sud-Africains\u2026 On est sur une phase de croissance. Nous avons les jeunes qui arrivent et qui sont accompagn\u00e9s de joueurs exp\u00e9riment\u00e9s comme Tate McDermott \u00e0 la m\u00eal\u00e9e, l\u2019ouvreur Noah Lolesio ou Tom Wright, un arri\u00e8re de classe mondiale. Les trois sont bless\u00e9s en ce moment. Il y a encore beaucoup de matchs \u00e0 jouer d\u2019ici cette Coupe du monde, donc des opportunit\u00e9s pour ces jeunes de se d\u00e9velopper. Ils joueront dans leur pays. \u00c0 vrai dire, il y a de quoi \u00eatre enthousiaste et assez optimiste.<\/p>\n<p>        <img decoding=\"async\" id=\"26781833\" src=\"https:\/\/www.europesays.com\/fr\/wp-content\/uploads\/2025\/11\/whatsapp-image-2025-11-19-at-14-12-59.jpeg\" itemprop=\"contentURL\"\/><\/p>\n<p>A.A.-C.<\/p>\n<p class=\"interview-question\">\u00c0 quel match vous attendez-vous ce samedi\u00a0?<\/p>\n<p class=\"interview-answer\">Je pense que les Fran\u00e7ais vont beaucoup jouer au pied d\u00e8s le d\u00e9but du match car \u00e7a a \u00e9t\u00e9 notre faiblesse sur les derniers matchs. Et si nous ne bottons pas bien nous-m\u00eames, on sera en danger car les Fran\u00e7ais sont redoutables dans le d\u00e9sordre et quand il faut contre-attaquer. Ils ne sont pas au mieux, j\u2019esp\u00e8re qu\u2019ils ne red\u00e9marreront pas contre nous (sourire). Je suppose qu\u2019ils se sont fait pas mal critiquer dans les m\u00e9dias, \u00e7a les rend dangereux. C\u2019est toujours plus difficile de jouer les Fran\u00e7ais apr\u00e8s qu\u2019ils ont perdu plut\u00f4t qu\u2019apr\u00e8s une victoire.<\/p>\n<p class=\"interview-question\">Parlons un peu du pass\u00e9. Vous avez affront\u00e9 dix fois la France. Un match vous a-t-il plus marqu\u00e9 que les autres\u00a0?<\/p>\n<p class=\"interview-answer\">Bien s\u00fbr\u00a0: celui qu\u2019on gagne 59-16 au Stade de France en novembre 2010. Un soir o\u00f9 tout a fonctionn\u00e9, m\u00eame les rebonds \u00e9taient en notre faveur. On \u00e9tait en feu. Les gros matchs internationaux sont souvent serr\u00e9s, durs, physiques. Contre les Fran\u00e7ais, c\u2019est toujours une belle bagarre. Mais ce soir-l\u00e0, on pouvait envoyer le ballon partout, \u00e7a marchait. On franchissait, on jouait par-dessus, on mettait du mouvement\u2026 On a eu un peu de ce que vous appelez le \u00ab\u00a0French flair\u00a0\u00bb, mais contre vous\u00a0! (rires) C\u2019\u00e9tait assez agr\u00e9able. Dans une carri\u00e8re, ce genre de soir est rare. On a gagn\u00e9 d\u2019autres matchs chez nous, en \u00e9t\u00e9, mais c\u2019est toujours diff\u00e9rent de jouer en France \u00e0 ce moment-l\u00e0 de la saison.<\/p>\n<p class=\"interview-question\">Quels joueurs fran\u00e7ais vous ont marqu\u00e9\u00a0?<\/p>\n<p class=\"interview-answer\">Aur\u00e9lien Rougerie \u00e9tait l\u2019un des meilleurs\u00a013 de France. C\u2019\u00e9tait toujours sympa de se mesurer \u00e0 lui. J\u2019ai pas mal jou\u00e9 contre Fr\u00e9d\u00e9ric Michalak, un magicien. J\u2019ai aussi crois\u00e9 S\u00e9bastien Chabal. Un animal. J\u2019\u00e9tais \u00e0 Bordeaux quand Matthieu Jalibert arrivait du centre de formation. Et enfin, Baptiste Serin, qui est dans une forme \u00e9tincelante si j\u2019ai bien suivi.<\/p>\n<p class=\"interview-question\">Quels souvenirs avez-vous gard\u00e9s de vos 18 mois \u00e0 l\u2019Union Bordeaux-B\u00e8gles (d\u00e9cembre 2015 &#8211; juin 2017)\u00a0?<\/p>\n<p class=\"interview-answer\">De super souvenirs. Des amiti\u00e9s qui persistent \u2013 j\u2019\u00e9change toujours avec Baptiste Serin, Jean-Baptiste Dubi\u00e9 et Nans Ducuing. J\u2019ai pass\u00e9 des moments g\u00e9niaux avec plein de mecs. J\u2019ai eu la chance de pouvoir jouer en France\u00a0! La ville \u00e9tait magnifique, on vivait aux Quinconces, en plein centre-ville. Quand des amis ou de la famille \u00e9taient l\u00e0, on allait \u00e0 Saint-\u00c9milion. Du bon vin, de la bonne nourriture\u2026 J\u2019ai pass\u00e9 une t\u00eate au club en 2023 \u00e0 l\u2019occasion de la Coupe du monde, c\u2019\u00e9tait cool de recroiser du monde.<\/p>\n<p>        <img decoding=\"async\" id=\"26782135\" src=\"https:\/\/www.europesays.com\/fr\/wp-content\/uploads\/2025\/11\/sudouest-photo-1-23409290.jpg\" alt=\"Adam Ashley-Cooper avec l\u2019UBB le 27\u00a0d\u00e9cembre 2015.\" itemprop=\"contentURL\"\/><\/p>\n<p>    Adam Ashley-Cooper avec l\u2019UBB le 27\u00a0d\u00e9cembre 2015.<\/p>\n<p>AFP<\/p>\n<p class=\"interview-question\">Il ne vous a pas \u00e9chapp\u00e9 que le club a bien progress\u00e9 depuis votre d\u00e9part\u2026<\/p>\n","protected":false},"excerpt":{"rendered":"L\u2019Australie a perdu sept de ses neuf derniers matchs, dont ses trois en Europe en novembre (Angleterre, Italie&hellip;\n","protected":false},"author":2,"featured_media":549598,"comment_status":"","ping_status":"","sticky":false,"template":"","format":"standard","meta":{"footnotes":""},"categories":[1586],"tags":[11,1777,674,1779,1011,27,12,25,1778,364],"class_list":{"0":"post-549597","1":"post","2":"type-post","3":"status-publish","4":"format-standard","5":"has-post-thumbnail","7":"category-europe","8":"tag-actualites","9":"tag-eu","10":"tag-europe","11":"tag-european-union","12":"tag-fr","13":"tag-france","14":"tag-news","15":"tag-republique-francaise","16":"tag-ue","17":"tag-union-europeenne"},"share_on_mastodon":{"url":"https:\/\/pubeurope.com\/@fr\/115588998632396819","error":""},"_links":{"self":[{"href":"https:\/\/www.europesays.com\/fr\/wp-json\/wp\/v2\/posts\/549597","targetHints":{"allow":["GET"]}}],"collection":[{"href":"https:\/\/www.europesays.com\/fr\/wp-json\/wp\/v2\/posts"}],"about":[{"href":"https:\/\/www.europesays.com\/fr\/wp-json\/wp\/v2\/types\/post"}],"author":[{"embeddable":true,"href":"https:\/\/www.europesays.com\/fr\/wp-json\/wp\/v2\/users\/2"}],"replies":[{"embeddable":true,"href":"https:\/\/www.europesays.com\/fr\/wp-json\/wp\/v2\/comments?post=549597"}],"version-history":[{"count":0,"href":"https:\/\/www.europesays.com\/fr\/wp-json\/wp\/v2\/posts\/549597\/revisions"}],"wp:featuredmedia":[{"embeddable":true,"href":"https:\/\/www.europesays.com\/fr\/wp-json\/wp\/v2\/media\/549598"}],"wp:attachment":[{"href":"https:\/\/www.europesays.com\/fr\/wp-json\/wp\/v2\/media?parent=549597"}],"wp:term":[{"taxonomy":"category","embeddable":true,"href":"https:\/\/www.europesays.com\/fr\/wp-json\/wp\/v2\/categories?post=549597"},{"taxonomy":"post_tag","embeddable":true,"href":"https:\/\/www.europesays.com\/fr\/wp-json\/wp\/v2\/tags?post=549597"}],"curies":[{"name":"wp","href":"https:\/\/api.w.org\/{rel}","templated":true}]}}