{"id":5496,"date":"2025-04-06T14:29:07","date_gmt":"2025-04-06T14:29:07","guid":{"rendered":"https:\/\/www.europesays.com\/fr\/5496\/"},"modified":"2025-04-06T14:29:07","modified_gmt":"2025-04-06T14:29:07","slug":"atp-wta-maria-sakkari-il-y-a-encore-des-commentaires-negatifs-sur-djokovic-quest-ce-que-ce-type-a-encore-a-prouver-cest-le-monde-dans-lequel-nous-vivons-actuellement-il-faut-donc-la","status":"publish","type":"post","link":"https:\/\/www.europesays.com\/fr\/5496\/","title":{"rendered":"ATP &#8211; WTA > Maria Sakkari : \u00ab\u00a0Il y a encore des commentaires n\u00e9gatifs sur Djokovic. Qu&rsquo;est-ce que ce type a encore \u00e0 prouver\u00a0? C&rsquo;est le monde dans lequel nous vivons actuellement. Il faut donc l&rsquo;accepter et continuer\u00a0\u00bb"},"content":{"rendered":"<p>Alors qu\u2019elle va quitter le Top 80 mondial ce lundi prochain suite \u00e0 sa d\u00e9faite d\u00e8s le deuxi\u00e8me tour \u00e0 Charleston, Maria Sakkari s\u2019est exprim\u00e9e au sujet des critiques pour le site <a href=\"https:\/\/www.thesecondserve.com\/the-standard-bearer\/\" data-wpel-link=\"external\" target=\"_blank\" rel=\"nofollow external noopener\">The Second Serve<\/a>. Et selon elle, quoi qu\u2019elle fasse, elles ne s\u2019ar\u00adr\u00ea\u00adte\u00adront jamais.\u00a0<\/p>\n<p><strong>\u00ab\u202fVous savez, les gens vont toujours dire quelque chose. M\u00eame si je reviens dans le top 5, ils diront\u00a0: \u2018D\u2019accord, oui, mais elle n\u2019a pas gagn\u00e9 de Grand Chelem\u2019. Ou\u00a0: \u2018Elle n\u2019a jamais d\u00e9pass\u00e9 les demi\u2010finales d\u2019un Grand Chelem\u2019. Et m\u00eame si tu gagnes un Grand Chelem, ils diront\u00a0: \u00ab\u202fOui, mais elle n\u2019a pas gagn\u00e9 de Grand Chelem sur gazon\u2019, ou quelque chose comme \u00e7a. Vous le savez, car vous suivez les m\u00e9dias en perma\u00adnence. Si quel\u00adqu\u2019un veut dire quelque chose, il le fera toujours. Par exemple, il y a des commen\u00adtaires n\u00e9ga\u00adtifs sur Djokovic. Qu\u2019est\u2010ce que ce type a encore \u00e0 prouver\u202f? C\u2019est le monde dans lequel nous vivons actuel\u00adle\u00adment. Il faut donc l\u2019ac\u00adcepter et continuer.\u202f\u00bb<\/strong><\/p>\n<p class=\"post-published-date\" style=\"color: silver; font-size: 75%; text-align: left;\">Publi\u00e9 le samedi 5 avril 2025 \u00e0 17:47<\/p>\n","protected":false},"excerpt":{"rendered":"Alors qu\u2019elle va quitter le Top 80 mondial ce lundi prochain suite \u00e0 sa d\u00e9faite d\u00e8s le deuxi\u00e8me&hellip;\n","protected":false},"author":2,"featured_media":5497,"comment_status":"","ping_status":"","sticky":false,"template":"","format":"standard","meta":{"footnotes":""},"categories":[1415],"tags":[105,1011,27,60,1467],"class_list":{"0":"post-5496","1":"post","2":"type-post","3":"status-publish","4":"format-standard","5":"has-post-thumbnail","7":"category-tennis","8":"tag-djokovic","9":"tag-fr","10":"tag-france","11":"tag-sports","12":"tag-tennis"},"share_on_mastodon":{"url":"https:\/\/pubeurope.com\/@fr\/114291498175217607","error":""},"_links":{"self":[{"href":"https:\/\/www.europesays.com\/fr\/wp-json\/wp\/v2\/posts\/5496","targetHints":{"allow":["GET"]}}],"collection":[{"href":"https:\/\/www.europesays.com\/fr\/wp-json\/wp\/v2\/posts"}],"about":[{"href":"https:\/\/www.europesays.com\/fr\/wp-json\/wp\/v2\/types\/post"}],"author":[{"embeddable":true,"href":"https:\/\/www.europesays.com\/fr\/wp-json\/wp\/v2\/users\/2"}],"replies":[{"embeddable":true,"href":"https:\/\/www.europesays.com\/fr\/wp-json\/wp\/v2\/comments?post=5496"}],"version-history":[{"count":0,"href":"https:\/\/www.europesays.com\/fr\/wp-json\/wp\/v2\/posts\/5496\/revisions"}],"wp:featuredmedia":[{"embeddable":true,"href":"https:\/\/www.europesays.com\/fr\/wp-json\/wp\/v2\/media\/5497"}],"wp:attachment":[{"href":"https:\/\/www.europesays.com\/fr\/wp-json\/wp\/v2\/media?parent=5496"}],"wp:term":[{"taxonomy":"category","embeddable":true,"href":"https:\/\/www.europesays.com\/fr\/wp-json\/wp\/v2\/categories?post=5496"},{"taxonomy":"post_tag","embeddable":true,"href":"https:\/\/www.europesays.com\/fr\/wp-json\/wp\/v2\/tags?post=5496"}],"curies":[{"name":"wp","href":"https:\/\/api.w.org\/{rel}","templated":true}]}}