{"id":549603,"date":"2025-11-21T18:04:27","date_gmt":"2025-11-21T18:04:27","guid":{"rendered":"https:\/\/www.europesays.com\/fr\/549603\/"},"modified":"2025-11-21T18:04:27","modified_gmt":"2025-11-21T18:04:27","slug":"quand-on-veut-vraiment-ameliorer-la-vie-des-gens-cest-au-sommet-de-letat-quon-peut-le-faire","status":"publish","type":"post","link":"https:\/\/www.europesays.com\/fr\/549603\/","title":{"rendered":"Quand on veut vraiment am\u00e9liorer la vie des gens, c&rsquo;est au sommet de l&rsquo;\u00c9tat qu&rsquo;on peut le faire"},"content":{"rendered":"<p class=\"article__intro\">Le Pr\u00e9sident de la R\u00e9gion Hauts-de-France \u00e9tait en commission pl\u00e9ni\u00e8re ce jeudi 20 novembre 2025. Le d\u00e9veloppement durable et les violences faites aux femmes parmi les grands sujets abord\u00e9s. Sa politique r\u00e9gionale est-elle un levier pour ses ambitions pr\u00e9sidentielles ? Il nous a accord\u00e9 un entretien. <\/p>\n<p>\n      L\u2019actu des r\u00e9gions\n    <\/p>\n<p>\n      Chaque jour, un tour d\u2019horizon des principales infos de toutes les r\u00e9gions.\n    <\/p>\n<p>    France T\u00e9l\u00e9visions utilise votre adresse e-mail afin de vous envoyer la newsletter \u00ab\u00a0L\u2019actu des r\u00e9gions\u00a0\u00bb. Vous pouvez vous d\u00e9sinscrire \u00e0 tout moment via le lien en bas de cette newsletter. <a target=\"_blank\" href=\"https:\/\/www.francetelevisions.fr\/groupe\/confidentialite\/politique-de-confidentialite\/politique-de-confidentialite-de-france-televisions-6503\" rel=\"nofollow noopener\">Notre politique de confidentialit\u00e9<\/a><\/p>\n<p>En d\u00e9cembre 2025, cela fera 10 ans que Xavier Bertrand dirige la R\u00e9gion. Ce jeudi 20 novembre, nous avions pris rendez-vous en fin d&rsquo;apr\u00e8s-midi au si\u00e8ge de la R\u00e9gion Hauts-de-France \u00e0 Lille, en marge de la commission pl\u00e9ni\u00e8re.<\/p>\n<p><strong>France 3 Hauts-de-France : Xavier Bertrand, vous publiez \u00ab\u00a0Rien n&rsquo;est jamais \u00e9crit\u00a0\u00bb. Vous ne cachez pas votre ambition pr\u00e9sidentielle pour 2027. La r\u00e9gion Hauts-de-France est-elle un champ d&rsquo;exp\u00e9rimentation, un laboratoire pour vous ?<\/strong><\/p>\n<p><strong>Xavier Bertrand<\/strong> : On n&rsquo;est pas dans un laboratoire, mais c&rsquo;est vrai que, depuis 10 ans, j&rsquo;adore cette fonction de Pr\u00e9sident de R\u00e9gion. C&rsquo;est ma r\u00e9gion. Il n&rsquo;\u00e9tait pas \u00e9crit que je sois \u00e0 la t\u00eate de la r\u00e9gion. Je suis n\u00e9 dans le Grand Est, en Champagne Ardenne. Quand je suis arriv\u00e9 \u00e0 Saint-Quentin, j&rsquo;avais 13 ans. Il n&rsquo;\u00e9tait pas \u00e9crit que je devienne d\u00e9put\u00e9 ou ministre. Mon ambition, c&rsquo;\u00e9tait de devenir maire de Saint-Quentin. Il n&rsquo;\u00e9tait pas \u00e9crit que je serai \u00e0 la t\u00eate de la r\u00e9gion, parce qu&rsquo;il n&rsquo;\u00e9tait m\u00eame pas \u00e9crit que la grande R\u00e9gion existerait. Il y avait la Picardie d&rsquo;un c\u00f4t\u00e9 et le Nord Pas-de-Calais de l&rsquo;autre. Donc rien n&rsquo;est jamais \u00e9crit. Comme il n&rsquo;\u00e9tait pas \u00e9crit que j&rsquo;allais avoir un tel enthousiasme pour cette R\u00e9gion.<\/p>\n<p>Il y a 3 grandes comp\u00e9tences dans la R\u00e9gion. Il y a l&rsquo;\u00e9conomie et c&rsquo;est vrai qu&rsquo;on est en train de transformer l&rsquo;\u00e9conomie. (&#8230;) On a les lyc\u00e9es, on a les transports et vous connaissez aussi mon attachement \u00e0 la culture. L&rsquo;avantage qu&rsquo;il y a, c&rsquo;est que j&rsquo;ai une vraie libert\u00e9. Les seules contraintes que j&rsquo;ai, c&rsquo;est ce que le budget ne permet pas de faire ou ce que la loi m&rsquo;interdirait de faire &#8211; j&rsquo;aimerais agir plus sur le logement, sur la sant\u00e9 \u2013 mais je dois rendre des comptes \u00e0 6 000 000 d&rsquo;habitants de la r\u00e9gion.<\/p>\n<p>Je m\u00e8ne avec mon \u00e9quipe cette politique librement, mais je sais aussi pertinemment que, si vous voulez mettre un terme \u00e0 l&rsquo;impunit\u00e9 qui emp\u00eache les gens de vivre en s\u00e9curit\u00e9, \u00e7a n&rsquo;est pas la R\u00e9gion qui peut le faire. C&rsquo;est au sommet de l&rsquo;\u00c9tat qu&rsquo;on peut le faire. Si on veut aller beaucoup plus loin que ce que je fais pour les classes moyennes, pour aider ceux qui travaillent &#8211; on a ici les gens qui prennent le train, qui prennent leur voiture, on finance une partie du permis \u00e0 des jeunes qui veulent travailler &#8211; ce que je fais, \u00e7a n&rsquo;est pas suffisant pour moi. Il faut aller beaucoup plus loin.<\/p>\n<p>Si je veux qu&rsquo;on ait des syst\u00e8mes de sant\u00e9 de qualit\u00e9, une \u00e9cole, une politique de logement beaucoup plus forte, c&rsquo;est au niveau national que \u00e7a se joue. Quand on veut vraiment changer, am\u00e9liorer la vie des gens, \u00e7a n&rsquo;est pas seulement une r\u00e9gion qui peut le faire.<\/p>\n<p>    dur\u00e9e de la vid\u00e9o : 00h01mn57s<\/p>\n<p>        <img decoding=\"async\" width=\"640\" height=\"426\" class=\"article-image not-lazy\" src=\"https:\/\/www.europesays.com\/fr\/wp-content\/uploads\/2025\/11\/d81ec3c4-a913-4e21-905b-7c6f31b273be.jpg\" alt=\"\" fetchpriority=\"high\"\/><\/p>\n<p>              Voir la video\u00a0(1 minutes 57 secondes).\u00a0<br \/>\n                  1 min 57 s<\/p>\n<p>\n          \u00ab\u00a0Je dois rendre des comptes \u00e0 6 000 000 d&rsquo;habitants de la r\u00e9gion\u00a0\u00bb nous dit Xavier Bertrand.<\/p>\n<p>        \u2022<\/p>\n<p>              \u00a9FTV\n      <\/p>\n<p><strong>France 3 Hauts-de-France : A la t\u00eate de la R\u00e9gion, vous avez aiguis\u00e9 vos discours, vos armes face au RN. Pas plus tard que ce jour en pl\u00e9ni\u00e8re face \u00e0 S\u00e9bastien Chenu. Cette opposition frontale au RN vous a d\u00e9j\u00e0 co\u00fbt\u00e9 un poste de Premier ministre. Peut-elle \u00eatre un obstacle dans votre ambition pr\u00e9sidentielle ?<\/strong><\/p>\n<p>Je sais que c&rsquo;est une conviction profonde. Je combats, et LFI, et le Rassemblement national. Pourquoi je les combats ? Je n&rsquo;aime pas ceux qui divisent les Fran\u00e7ais. Ce matin dans l&rsquo;h\u00e9micycle encore une fois, Monsieur Chenu (ndlr conseiller r\u00e9gional RN), c&rsquo;est la confusion. Il fait l&rsquo;amalgame entre les musulmans et les islamistes. Moi, je ne fais pas la confusion. Quel que soit votre pr\u00e9nom, votre couleur de peau, votre religion, vos origines, vous devez \u00eatre respect\u00e9. Et eux, ils font des diff\u00e9rences.<\/p>\n<p>    dur\u00e9e de la vid\u00e9o : 00h03mn08s<\/p>\n<p>        <img decoding=\"async\" width=\"640\" height=\"426\" class=\"article-image not-lazy\" src=\"https:\/\/www.europesays.com\/fr\/wp-content\/uploads\/2025\/11\/7bc395db-cfad-415e-ba99-bd8dbd66d3ba.jpg\" alt=\"\" fetchpriority=\"high\"\/><\/p>\n<p>              Voir la video\u00a0(3 minutes 8 secondes).\u00a0<br \/>\n                  3 min 8 s<\/p>\n<p>\n          Le Pr\u00e9sident des Hauts-de-France m\u00e8ne depuis longtemps un bras de fer contre le Rassemblement national au sein de l&rsquo;h\u00e9micycle r\u00e9gional. Derni\u00e8re joute en date ce jeudi 20 novembre 2025 face \u00e0 S\u00e9bastien Chenu au sujet du financement du lyc\u00e9e Averro\u00e8s.<\/p>\n<p>        \u2022<\/p>\n<p>              \u00a9FTV\n      <\/p>\n<p>Et puis il y a des diff\u00e9rences profondes sur la science, la culture &#8211; ils veulent de la censure &#8211; sur la sant\u00e9 publique, sur l&rsquo;\u00e9conomie. La diff\u00e9rence est \u00e9norme et je ne veux pas qu&rsquo;on fracture davantage un pays fractur\u00e9. Moi, je veux rassembler et unir.<\/p>\n<p>J&rsquo;agirai toujours selon mes convictions. Madame le Pen a mis son veto (ndlr : en s&rsquo;opposant \u00e0 la nomination de Xavier Bertrand comme Premier Ministre) et, \u00e0 l&rsquo;\u00e9poque, tout le monde a trembl\u00e9 devant elle. Comme aujourd&rsquo;hui, tout le monde tremble devant Monsieur Bardella. Il est haut dans les sondages, tout le monde se dit \u00ab\u00a0Oh l\u00e0 c&rsquo;est lui qui va gagner, faut rien dire\u00a0\u00bb.<\/p>\n<p>Monsieur Bardella a 30 ans, c&rsquo;est l&rsquo;\u00e2ge de ma fille. Un \u00e2ge o\u00f9 l&rsquo;on peut avoir de formidables comp\u00e9tences, un dynamisme comme ce n\u2019est pas permis, on peut r\u00e9ussir dans des entreprises. Mais l\u00e0, il s&rsquo;agira de diriger la 7e puissance mondiale. (&#8230;) Il faut \u00eatre s\u00e9rieux. Ce que je dis, il y a plein de gens qui le pensent, mais il y en a beaucoup qui ont la trouille. Moi, je le dis.<\/p>\n<p><strong>Et tant pis si \u00e7a vous co\u00fbte l&rsquo;\u00c9lys\u00e9e ?<\/strong><\/p>\n<p>Je dirais toujours les choses telles que je les pense. On me dit \u00ab\u00a0Au final, t&rsquo;es rond, mais t&rsquo;es pas si rond que \u00e7a, t&rsquo;es carr\u00e9\u00a0\u00bb. Je dis les choses telles que je les pense. Quoi que \u00e7a me co\u00fbte. Je pense qu&rsquo;il faut toujours \u00eatre en coh\u00e9rence avec soi-m\u00eame.<\/p>\n<p>Il y a des \u00e9poques. Vous savez o\u00f9 je faisais gaffe \u00e0 ce que je disais. C&rsquo;\u00e9taient les ann\u00e9es o\u00f9 j&rsquo;\u00e9tais ministre. Je ne voulais pas \u00eatre d\u00e9barqu\u00e9. Je voulais enfiler un costume qui n&rsquo;\u00e9tait pas le mien. Et ce qui m&rsquo;a sauv\u00e9, ce sont les gens de Saint-Quentin en 2012 aux l\u00e9gislatives, je le raconte dans ce livre. Lors des \u00e9lections r\u00e9gionales de 2015, les gens m&rsquo;ont dit \u00ab\u00a0On va peut-\u00eatre te donner une derni\u00e8re chance et te faire confiance\u00a0\u00bb. \u00c7a, \u00e7a ne s&rsquo;oublie pas.<\/p>\n<p><strong>France 3 Hauts-de-France : En commission pl\u00e9ni\u00e8re ce 20 novembre 2025, il a \u00e9t\u00e9 beaucoup question d&rsquo;\u00e9conomie circulaire, de d\u00e9veloppement durable. Un plan a \u00e9t\u00e9 vot\u00e9. Pour rappel, 30 000 emplois sont annonc\u00e9s d&rsquo;ici 2030. Est-ce qu&rsquo;on va assez loin ?<\/strong><\/p>\n<p><strong>Xavier Bertrand<\/strong> : Aujourd&rsquo;hui, dans le cadre des enjeux li\u00e9s aux d\u00e9fis climatiques, Rev 3 comme on l&rsquo;a appel\u00e9 depuis plus de 10 ans, il y a le canal Seine Nord Europe, c&rsquo;est la d\u00e9carbonation logistique. Il y a les EPR2, c&rsquo;est la d\u00e9carbonation de l&rsquo;\u00e9nergie. Il y a les batteries \u00e9lectriques, la d\u00e9carbonation de l&rsquo;industrie automobile. Et il y a tout ce qui est industrie circulaire. Je voudrais qu&rsquo;on aille beaucoup plus loin en termes de recyclage, en termes de traitement des d\u00e9chets.<\/p>\n<p>Il y a des emplois \u00e0 la cl\u00e9. L&rsquo;avantage, c&rsquo;est que ce sont des unit\u00e9s, des entreprises qui peuvent s&rsquo;installer partout sur le terrain. Pas seulement dans les m\u00e9tropoles, mais aussi dans les endroits o\u00f9 le ch\u00f4mage est assez important. On va faire l&rsquo;effort de former notamment des demandeurs d&#8217;emploi.<\/p>\n<p>C&rsquo;est ce qui va nous permettre \u00e0 la fois de relever les d\u00e9fis du changement climatique, mais \u00e9galement de faire reculer le ch\u00f4mage. Je crois dur comme fer \u00e0 ce potentiel. Pour ne rien vous cacher, il y a des entreprises locales qui sont d\u00e9j\u00e0 int\u00e9ress\u00e9es par cette nouvelle feuille de route. J&rsquo;ai des investisseurs \u00e9trangers qui s&rsquo;int\u00e9ressent aussi \u00e0 ce secteur \/\/<\/p>\n<p><strong>France 3 Hauts-de-France : Le d\u00e9veloppement durable a \u00e9galement ses questions d&rsquo;actualit\u00e9. On pense \u00e9videmment au g\u00e9ant de la sid\u00e9rurgie ArcelorMittal, un enjeu de la d\u00e9carbonation dans notre r\u00e9gion. D\u00e9carbonation \u00e0 la peine aujourd&rsquo;hui. Des d\u00e9put\u00e9s proposent une nationalisation pour soutenir le financement de cette d\u00e9carbonation. Pour ou contre ?<\/strong><\/p>\n<p><strong>Xavier Bertrand<\/strong> : Il faut faire bouger Arcelor. Et si pour faire bouger Arcelor, il faut qu&rsquo;il craigne qu&rsquo;il y ait nationalisation partielle, tout est sur la table. Tout.<\/p>\n<p>Aujourd&rsquo;hui Arcelor nous dit, nous \u00e0 la R\u00e9gion, \u00ab\u00a0On ne peut pas d\u00e9carboner, on ne peut pas faire l&rsquo;investissement, parce qu&rsquo;on ne sait pas si ce qui sera produit en Europe va \u00eatre prot\u00e9g\u00e9\u00a0\u00bb. Donc, il fallait une clause de sauvegarde pour qu&rsquo;on prot\u00e8ge le march\u00e9 europ\u00e9en. On s&rsquo;est battu avec Patrice Vergriete (ndlr maire de Dunkerque), avec des d\u00e9put\u00e9s, et on l&rsquo;a obtenu de St\u00e9phane S\u00e9journ\u00e9 (ndlr commissaire europ\u00e9en \u00e0 l&rsquo;industrie).<\/p>\n<p>Et l\u00e0, Arcelor vient \u00ab\u00a0Ah bah c&rsquo;est plus compliqu\u00e9\u00a0\u00bb. On leur dit : \u00ab\u00a0Ben, vous vous foutez de nous l\u00e0 ?\u00a0\u00bb. A un moment, il faut y voir clair. Dans quelques ann\u00e9es, Arcelor peut nous dire que \u00e7a ne l&rsquo;int\u00e9resse plus de produire \u00e0 Dunkerque. Ou alors, ils peuvent faire semblant de rester mais ne plus produire.<\/p>\n<p>Nous, pourquoi on a besoin d&rsquo;acier ? Que ce soit pour des avions, des trains, des voitures, pour l&rsquo;acier des batteries, si jamais ils partent, on fait comment ? Et si vraiment ils veulent partir, il faudra qu&rsquo;on trouve le moyen de faire une fili\u00e8re europ\u00e9enne, pas seulement fran\u00e7aise.<\/p>\n<p>Et si \u00e7a doit passer, comme en Angleterre, par des mesures comme une nationalisation partielle, provisoire, temporaire\u2026 il ne doit pas y avoir de tabou. Je pr\u00e9f\u00e9rerais qu&rsquo;Arcelor tienne ses engagements &#8211; \u00e7a \u00e9viterait de sortir de l&rsquo;argent public &#8211; mais il faut peut-\u00eatre se dire qu&rsquo;ils n&rsquo;ont pas envie de tenir leurs engagements. Et dans ce cas-l\u00e0, il faut un plan B. Il y a peut-\u00eatre des solutions meilleures que la nationalisation partielle ou provisoire. J&rsquo;y travaille, mais je pense qu&rsquo;il faut montrer \u00e0 Arcelor qu&rsquo;on est tr\u00e8s d\u00e9termin\u00e9 \u00e0 garder de l&rsquo;acier. Avec eux ou sans eux.<\/p>\n<p>    dur\u00e9e de la vid\u00e9o : 00h01mn40s<\/p>\n<p>        <img decoding=\"async\" width=\"640\" height=\"426\" class=\"article-image not-lazy\" src=\"https:\/\/www.europesays.com\/fr\/wp-content\/uploads\/2025\/11\/5f2bfaad-26c9-49e5-8946-60b1af67ba72.jpg\" alt=\"\" fetchpriority=\"high\"\/><\/p>\n<p>              Voir la video\u00a0(1 minutes 40 secondes).\u00a0<br \/>\n                  1 min 40 s<\/p>\n<p>\n          Le Pr\u00e9sident des Hauts-de-France veut que \u00ab\u00a0tout soit sur la table\u00a0\u00bb pour prot\u00e9ger la production d&rsquo;acier en France et en Europe.<\/p>\n<p>        \u2022<\/p>\n<p>              \u00a9FTV\n      <\/p>\n<p><strong>France 3 Hauts-de-France : En commission pl\u00e9ni\u00e8re ce 20 novembre 2025, il a \u00e9t\u00e9 question des violences faites aux femmes. Les chiffres sont alarmants dans la R\u00e9gion. Est-ce que c&rsquo;est l&rsquo;un de vos regrets en 10 ans \u00e0 la t\u00eate de cette r\u00e9gion ?<\/strong><\/p>\n<p><strong>Xavier Bertrand : <\/strong>Le probl\u00e8me, c&rsquo;est qu&rsquo;on n&rsquo;a pas cette comp\u00e9tence. Qu&rsquo;est-ce qu&rsquo;on fait quand on n&rsquo;a pas cette comp\u00e9tence ? On peut financer les associations. Je crois que c&rsquo;est un peu plus de 180 000\u20ac qu&rsquo;on verse chaque ann\u00e9e sur les centres d&rsquo;information pour agir en faveur des femmes, pour lutter contre ces violences.<\/p>\n<p>Comme je n&rsquo;ai pas cette comp\u00e9tence d&rsquo;ailleurs, on pourrait tr\u00e8s bien me dire que je ne dois pas verser cette somme. Je continuerai \u00e0 le faire. \u00c0 Pont-Sainte-Maxence, avec Arnaud Dumontier (ndlr maire de Pont-Sainte-Maxence dans l&rsquo;Oise), on a vu comment des femmes pouvaient trouver un logement. \u00c7a n&rsquo;est pas normal que ce soit elle qui quitte le domicile familial, mais parfois, pour se reconstruire et pour se former, on fait aussi ces actions-l\u00e0.<\/p>\n<p>    dur\u00e9e de la vid\u00e9o : 00h01mn01s<\/p>\n<p>        <img decoding=\"async\" width=\"640\" height=\"426\" class=\"article-image not-lazy\" src=\"https:\/\/www.europesays.com\/fr\/wp-content\/uploads\/2025\/11\/6a1abaec-9e7d-49ed-97c5-454aab60f3f7.jpg\" alt=\"\" fetchpriority=\"high\"\/><\/p>\n<p>              Voir la video\u00a0(1 minutes 1 secondes).\u00a0<br \/>\n                  1 min 1 s<\/p>\n<p>\n          Le 25 novembre se tiendra la journ\u00e9e de mobilisation contre les violences faites aux femmes.<\/p>\n<p>        \u2022<\/p>\n<p>              \u00a9FTV\n      <\/p>\n<p>Il y a aussi d&rsquo;autres sujets sur lesquels je n&rsquo;ai pas de comp\u00e9tences, notamment la pr\u00e9carit\u00e9 \u00e9tudiante. Le syst\u00e8me des bourses en France, il est \u00e0 revoir de fond en comble. J&rsquo;ai des \u00e9tudiants qui ont les pires difficult\u00e9s \u00e0 se loger et \u00e0 se nourrir. On avait mis en place des actions. L&rsquo;\u00c9tat a pris le relais, \u00e7a n&rsquo;est pas suffisant.<\/p>\n<p>L\u00e0 aussi, je cherche des solutions, mais si j&rsquo;avais cette comp\u00e9tence, si j&rsquo;avais cette possibilit\u00e9 \u00e0 la t\u00eate d&rsquo;un gouvernement ou de l&rsquo;\u00c9tat, je peux vous garantir qu&rsquo;on ferait beaucoup mieux que ce que l&rsquo;on fait actuellement.<\/p>\n<p><strong>&gt;&gt; Retrouvez l&rsquo;ensemble de cet <\/strong><a href=\"https:\/\/youtu.be\/BK58Dm2CB1M\" target=\"_blank\" rel=\"noopener noreferrer nofollow\" data-tooltip-url=\" https:\/\/youtu.be\/BK58Dm2CB1M\"><strong>entretien sur YouTube<\/strong><\/a><strong> :<\/strong><\/p>\n<p>    dur\u00e9e de la vid\u00e9o : 00h10mn40s<\/p>\n<p>        <img decoding=\"async\" width=\"640\" height=\"426\" class=\"article-image not-lazy\" src=\"https:\/\/www.europesays.com\/fr\/wp-content\/uploads\/2025\/11\/2ab6a429-d8b4-444f-b1b9-b42ee1256b4b.jpg\" alt=\"\" fetchpriority=\"high\"\/><\/p>\n<p>              Voir la video\u00a0(10 minutes 40 secondes).\u00a0<br \/>\n                  10 min 40 s<\/p>\n<p>\n          Au c\u0153ur de nos \u00e9changes : l&rsquo;\u00e9conomie circulaire, ArcelorMittal \u00e0 Dunkerque, les violences faites aux femmes, le Rassemblement national et la Pr\u00e9sidentielle 2027.<\/p>\n<p>        \u2022<\/p>\n<p>              \u00a9FTV\n      <\/p>\n","protected":false},"excerpt":{"rendered":"Le Pr\u00e9sident de la R\u00e9gion Hauts-de-France \u00e9tait en commission pl\u00e9ni\u00e8re ce jeudi 20 novembre 2025. Le d\u00e9veloppement durable&hellip;\n","protected":false},"author":2,"featured_media":549604,"comment_status":"","ping_status":"","sticky":false,"template":"","format":"standard","meta":{"footnotes":""},"categories":[4],"tags":[11,1011,27,12,25],"class_list":{"0":"post-549603","1":"post","2":"type-post","3":"status-publish","4":"format-standard","5":"has-post-thumbnail","7":"category-france","8":"tag-actualites","9":"tag-fr","10":"tag-france","11":"tag-news","12":"tag-republique-francaise"},"share_on_mastodon":{"url":"https:\/\/pubeurope.com\/@fr\/115589015555221985","error":""},"_links":{"self":[{"href":"https:\/\/www.europesays.com\/fr\/wp-json\/wp\/v2\/posts\/549603","targetHints":{"allow":["GET"]}}],"collection":[{"href":"https:\/\/www.europesays.com\/fr\/wp-json\/wp\/v2\/posts"}],"about":[{"href":"https:\/\/www.europesays.com\/fr\/wp-json\/wp\/v2\/types\/post"}],"author":[{"embeddable":true,"href":"https:\/\/www.europesays.com\/fr\/wp-json\/wp\/v2\/users\/2"}],"replies":[{"embeddable":true,"href":"https:\/\/www.europesays.com\/fr\/wp-json\/wp\/v2\/comments?post=549603"}],"version-history":[{"count":0,"href":"https:\/\/www.europesays.com\/fr\/wp-json\/wp\/v2\/posts\/549603\/revisions"}],"wp:featuredmedia":[{"embeddable":true,"href":"https:\/\/www.europesays.com\/fr\/wp-json\/wp\/v2\/media\/549604"}],"wp:attachment":[{"href":"https:\/\/www.europesays.com\/fr\/wp-json\/wp\/v2\/media?parent=549603"}],"wp:term":[{"taxonomy":"category","embeddable":true,"href":"https:\/\/www.europesays.com\/fr\/wp-json\/wp\/v2\/categories?post=549603"},{"taxonomy":"post_tag","embeddable":true,"href":"https:\/\/www.europesays.com\/fr\/wp-json\/wp\/v2\/tags?post=549603"}],"curies":[{"name":"wp","href":"https:\/\/api.w.org\/{rel}","templated":true}]}}