{"id":549609,"date":"2025-11-21T18:08:20","date_gmt":"2025-11-21T18:08:20","guid":{"rendered":"https:\/\/www.europesays.com\/fr\/549609\/"},"modified":"2025-11-21T18:08:20","modified_gmt":"2025-11-21T18:08:20","slug":"atp-fils-sentraine-chez-nadal-sports","status":"publish","type":"post","link":"https:\/\/www.europesays.com\/fr\/549609\/","title":{"rendered":"ATP\u00a0: Fils s&rsquo;entra\u00eene chez Nadal : Sports"},"content":{"rendered":"<p class=\"date\">\n                                                            Thomas Siniecki, Media365 : publi\u00e9 le vendredi 21 novembre 2025 \u00e0 16h30\n                                                    <\/p>\n<p>Reconverti depuis fort longtemps en gestionnaire d&rsquo;acad\u00e9mies de pointe, \u00ab\u00a0Rafa\u00a0\u00bb continue d&rsquo;accueillir du beau monde. C&rsquo;est devenu une habitude.<\/p>\n<p>Arthur Fils <a href=\"https:\/\/sports.orange.fr\/tennis\/atp\/article\/atp-fils-il-n-y-a-plus-besoin-de-s-inquieter-CNT000002lM8vm.html\" rel=\"nofollow noopener\" target=\"_blank\">est d\u00e9j\u00e0 totalement tourn\u00e9 vers la saison 2026<\/a>, ce qui est d&rsquo;autant plus \u00e9vident d\u00e9sormais que l&rsquo;ann\u00e9e 2025 est bel et bien termin\u00e9e pour tous ses camarades, un mill\u00e9sime bien trop tronqu\u00e9 par les p\u00e9pins physiques pour celui qui n&rsquo;est plus n\u00b01 fran\u00e7ais, retomb\u00e9 au 40e rang mondial (donc derri\u00e8re Arthur Rinderknech 29e, Corentin Moutet 35e et Ugo Humbert 37e). En l&rsquo;occurrence, c&rsquo;est une fracture de fatigue au dos qui a pourri tout le calendrier d&rsquo;Arthur Fils \u00e0 partir de Roland-Garros (o\u00f9 il avait d\u00e9clar\u00e9 forfait avant son troisi\u00e8me tour) alors que celui-ci avait atteint la quatorzi\u00e8me place du classement ATP.<\/p>\n<p>\u00ab\u00a0Tout au m\u00eame endroit : h\u00f4tel, centre commercial, courts, salle de sport et spa\u00a0\u00bb<\/p>\n<p>Rassurant pour la suite de sa carri\u00e8re, c&rsquo;est du c\u00f4t\u00e9 du Kowe\u00eft qu&rsquo;il poursuit son processus de remise en forme. Un choix qui pourrait para\u00eetre \u00e9tonnant, <a href=\"https:\/\/sports.orange.fr\/tennis\/atp\/article\/le-grand-retour-de-nadal-un-an-apres-exclu-CNT000002lNzDw.html\" rel=\"nofollow noopener\" target=\"_blank\">si on n&rsquo;y trouvait pas une acad\u00e9mie de Rafael Nadal<\/a>&#8230; C&rsquo;est pr\u00e9cis\u00e9ment \u00e0 cet endroit qu&rsquo;Arthur Fils a d\u00e9cid\u00e9 de travailler en cette fin d&rsquo;ann\u00e9e, ce qu&rsquo;on a pu constater par le biais d&rsquo;une vid\u00e9o post\u00e9e directement par l&rsquo;acad\u00e9mie, o\u00f9 on voit l&rsquo;int\u00e9ress\u00e9 encha\u00eener plusieurs exercices physiques. Un lieu qui, en plus de disposer de quatorze courts (huit en ext\u00e9rieur, six en int\u00e9rieur), a \u00e9galement accueilli les nouveaux Mondiaux de padel au d\u00e9but du mois. Le complexe rutilant comporte ainsi trois courts de padel mais surtout un pavillon couvert pouvant accueillir pas moins de 5 000 spectateurs !<\/p>\n<p>Ajoutez-y un dernier stade ext\u00e9rieur de 1 500 spectateurs, vraisemblablement l\u00e0 o\u00f9 on voit aussi Arthur Fils taper la balle, et on comprend mieux le prestige et la qualit\u00e9 du site dans son ensemble. Maribel Nadal, la soeur de Rafael qui est directrice adjointe de l&rsquo;ensemble du programme d&rsquo;acad\u00e9mies \u00e0 travers le monde, ne se privait d&rsquo;ailleurs pas de relayer le grand contentement des stars du padel : \u00ab\u00a0Les joueurs nous ont dit que \u00e7a a \u00e9t\u00e9 une semaine tr\u00e8s confortable pour eux, avec tout au m\u00eame endroit : h\u00f4tel, centre commercial, les courts, la salle de sport et le spa.\u00a0\u00bb Forc\u00e9ment, pour Arthur Fils qui a presque de quoi s&rsquo;y glisser incognito, avec du soleil et 26\u00b0C de moyenne en permanence, c&rsquo;est aussi le paradis.<\/p>\n","protected":false},"excerpt":{"rendered":"Thomas Siniecki, Media365 : publi\u00e9 le vendredi 21 novembre 2025 \u00e0 16h30 Reconverti depuis fort longtemps en gestionnaire&hellip;\n","protected":false},"author":2,"featured_media":549610,"comment_status":"","ping_status":"","sticky":false,"template":"","format":"standard","meta":{"footnotes":""},"categories":[1415],"tags":[1011,27,60,1467],"class_list":{"0":"post-549609","1":"post","2":"type-post","3":"status-publish","4":"format-standard","5":"has-post-thumbnail","7":"category-tennis","8":"tag-fr","9":"tag-france","10":"tag-sports","11":"tag-tennis"},"share_on_mastodon":{"url":"https:\/\/pubeurope.com\/@fr\/115589028455147632","error":""},"_links":{"self":[{"href":"https:\/\/www.europesays.com\/fr\/wp-json\/wp\/v2\/posts\/549609","targetHints":{"allow":["GET"]}}],"collection":[{"href":"https:\/\/www.europesays.com\/fr\/wp-json\/wp\/v2\/posts"}],"about":[{"href":"https:\/\/www.europesays.com\/fr\/wp-json\/wp\/v2\/types\/post"}],"author":[{"embeddable":true,"href":"https:\/\/www.europesays.com\/fr\/wp-json\/wp\/v2\/users\/2"}],"replies":[{"embeddable":true,"href":"https:\/\/www.europesays.com\/fr\/wp-json\/wp\/v2\/comments?post=549609"}],"version-history":[{"count":0,"href":"https:\/\/www.europesays.com\/fr\/wp-json\/wp\/v2\/posts\/549609\/revisions"}],"wp:featuredmedia":[{"embeddable":true,"href":"https:\/\/www.europesays.com\/fr\/wp-json\/wp\/v2\/media\/549610"}],"wp:attachment":[{"href":"https:\/\/www.europesays.com\/fr\/wp-json\/wp\/v2\/media?parent=549609"}],"wp:term":[{"taxonomy":"category","embeddable":true,"href":"https:\/\/www.europesays.com\/fr\/wp-json\/wp\/v2\/categories?post=549609"},{"taxonomy":"post_tag","embeddable":true,"href":"https:\/\/www.europesays.com\/fr\/wp-json\/wp\/v2\/tags?post=549609"}],"curies":[{"name":"wp","href":"https:\/\/api.w.org\/{rel}","templated":true}]}}