{"id":549611,"date":"2025-11-21T18:12:26","date_gmt":"2025-11-21T18:12:26","guid":{"rendered":"https:\/\/www.europesays.com\/fr\/549611\/"},"modified":"2025-11-21T18:12:26","modified_gmt":"2025-11-21T18:12:26","slug":"cyclisme-un-jurassien-signe-la-photo-du-tour-de-france-admiratif-roglic-la-lui-reclame","status":"publish","type":"post","link":"https:\/\/www.europesays.com\/fr\/549611\/","title":{"rendered":"Cyclisme. Un Jurassien\u00a0signe LA photo du Tour de France \u00a0: admiratif, Rogli\u010d\u00a0la lui r\u00e9clame"},"content":{"rendered":"<p>Il a su tr\u00e8s vite qu\u2019il tenait sa \u00ab\u00a0photo r\u00e9f\u00e9rence\u00a0\u00bb. Ce clich\u00e9, c\u2019est celui de <a href=\"https:\/\/www.leprogres.fr\/p\/primoz-roglic\" target=\"_blank\" rel=\"noopener\">Primo\u017e Rogli\u010d<\/a> lors de l\u2019ultime jour du Tour de France 2025. Le Slov\u00e8ne y appara\u00eet seul sur la chauss\u00e9e, o\u00f9 les pav\u00e9s gris brillent, illumin\u00e9s par l\u2019humidit\u00e9. Mais le coureur n\u2019est pas totalement esseul\u00e9 \u00e0 Montmartre. Redress\u00e9 sur son v\u00e9lo, les bras \u00e9cart\u00e9s, il harangue la foule mass\u00e9e de chaque c\u00f4t\u00e9 des barri\u00e8res. Cette photo aurait pu ne jamais exister. Devenu viral, le clich\u00e9 r\u00e9alis\u00e9 par Quentin Joly conna\u00eetra une destin\u00e9e mondiale.<\/p>\n<p>Quelques jours avant ce dimanche 27\u00a0juillet, il re\u00e7oit un coup de fil. Apr\u00e8s deux \u00e9tapes couvertes (au Col de la Loze et \u00e0 Saint-Claude) le Jurassien est invit\u00e9 sur une troisi\u00e8me\u00a0: la derni\u00e8re pour les coureurs.<\/p>\n<p>Un emballement sur les r\u00e9seaux\u2026<\/p>\n<p>\u00ab\u00a0J\u2019ai \u00e9t\u00e9 contact\u00e9 par Fabrice Levannier d\u2019Oakley pour qui j\u2019avais travaill\u00e9. Il m\u2019a propos\u00e9 une place sur <a href=\"https:\/\/www.leprogres.fr\/sport\/2025\/07\/26\/un-an-apres-le-peloton-de-retour-a-montmartre-paris-ce-n-est-pas-fini\" target=\"_blank\" rel=\"noopener\">une terrasse privative \u00e0 Montmartre<\/a>&#8230;.<\/p>\n","protected":false},"excerpt":{"rendered":"Il a su tr\u00e8s vite qu\u2019il tenait sa \u00ab\u00a0photo r\u00e9f\u00e9rence\u00a0\u00bb. Ce clich\u00e9, c\u2019est celui de Primo\u017e Rogli\u010d lors&hellip;\n","protected":false},"author":2,"featured_media":549612,"comment_status":"","ping_status":"","sticky":false,"template":"","format":"standard","meta":{"footnotes":""},"categories":[1411],"tags":[1154,207,2274,107,1011,27,1826,2272,2273,517,60],"class_list":{"0":"post-549611","1":"post","2":"type-post","3":"status-publish","4":"format-standard","5":"has-post-thumbnail","7":"category-cyclisme","8":"tag-cycling","9":"tag-cyclisme","10":"tag-edition-jura-sud","11":"tag-fil-info","12":"tag-fr","13":"tag-france","14":"tag-jura","15":"tag-saint-claude","16":"tag-saint-claude-bassin","17":"tag-sport","18":"tag-sports"},"share_on_mastodon":{"url":"https:\/\/pubeurope.com\/@fr\/115589044194671219","error":""},"_links":{"self":[{"href":"https:\/\/www.europesays.com\/fr\/wp-json\/wp\/v2\/posts\/549611","targetHints":{"allow":["GET"]}}],"collection":[{"href":"https:\/\/www.europesays.com\/fr\/wp-json\/wp\/v2\/posts"}],"about":[{"href":"https:\/\/www.europesays.com\/fr\/wp-json\/wp\/v2\/types\/post"}],"author":[{"embeddable":true,"href":"https:\/\/www.europesays.com\/fr\/wp-json\/wp\/v2\/users\/2"}],"replies":[{"embeddable":true,"href":"https:\/\/www.europesays.com\/fr\/wp-json\/wp\/v2\/comments?post=549611"}],"version-history":[{"count":0,"href":"https:\/\/www.europesays.com\/fr\/wp-json\/wp\/v2\/posts\/549611\/revisions"}],"wp:featuredmedia":[{"embeddable":true,"href":"https:\/\/www.europesays.com\/fr\/wp-json\/wp\/v2\/media\/549612"}],"wp:attachment":[{"href":"https:\/\/www.europesays.com\/fr\/wp-json\/wp\/v2\/media?parent=549611"}],"wp:term":[{"taxonomy":"category","embeddable":true,"href":"https:\/\/www.europesays.com\/fr\/wp-json\/wp\/v2\/categories?post=549611"},{"taxonomy":"post_tag","embeddable":true,"href":"https:\/\/www.europesays.com\/fr\/wp-json\/wp\/v2\/tags?post=549611"}],"curies":[{"name":"wp","href":"https:\/\/api.w.org\/{rel}","templated":true}]}}