{"id":549613,"date":"2025-11-21T18:14:23","date_gmt":"2025-11-21T18:14:23","guid":{"rendered":"https:\/\/www.europesays.com\/fr\/549613\/"},"modified":"2025-11-21T18:14:23","modified_gmt":"2025-11-21T18:14:23","slug":"fonseca-lol-se-doit-detre-ambitieux-a-auxerre-olympique-lyonnais","status":"publish","type":"post","link":"https:\/\/www.europesays.com\/fr\/549613\/","title":{"rendered":"Fonseca : &quot;L&#039;OL se doit d&#039;\u00eatre ambitieux \u00e0 Auxerre&quot; &#8211; Olympique &amp; Lyonnais"},"content":{"rendered":"<ol>\n<li><a href=\"https:\/\/news.google.com\/rss\/articles\/CBMimwFBVV95cUxPRmlOWWJuWVYwYno3bW1XcFFyMHJiaTRJVTNGM04zSko2SnZ5ZS1zSC1fZXpxMkxkX3pqb3lqQ3gyLWRrQW1TZ3RXUHVoWU5YR2JaZ05DVFg5Q3pSRHNUcFFoQmh6d1Ewc1NiT1VwbWdic2lRZEdPMXNKM0x3NzVYLUt2UUxQQjRZeWRBbHdZRUpQd2R6dEFoMGNtVQ?oc=5\" target=\"_blank\" rel=\"nofollow noopener\">Fonseca : \u00ab\u00a0L&rsquo;OL se doit d&rsquo;\u00eatre ambitieux \u00e0 Auxerre\u00a0\u00bb<\/a>&nbsp;&nbsp;Olympique &amp; Lyonnais<\/li>\n<li><a href=\"https:\/\/news.google.com\/rss\/articles\/CBMiswFBVV95cUxNQVBGMFV4WTFsSzBjX181VVE3TGNha0ZqWGZHeEVBV3c2R0ktZnE1UHYxVGU4S1VQR0JQSmstYmR3NDBKRlR2VUtPUkpmVHFQX0FYa05rWTlFLWliaTJ6VE42bXRIcU8zelYtTE9hNDQtc3QzaDhoZ1daSUwtbE8tY0lrRHl1UFVoQklSZjR0T0c2R1VuamRreUdySG9VVHZSbjNFaFJRbml2bEtiNVBZMmhUb9IBsgFBVV95cUxOSGZramtGdzY5VWxDWkpMOF9jNXR6Yk5lT1I1OGdxRkJOZEZlMm0tSUpJS2JwODN4NXRrcE8xQXFvUy0xSEhJd3dRNkV0d0p4dEZJWXVLMFJUWjNUVHlLVG9iVG1EVzMwa3hKUlpyakxVOWYxclZRd0FmZFJneVBNMldoQmIwWlhjWlQzeXFsUFJxaXc3ZG5NMkE4RkNta3VnOXRKel9WX1dKRERQb1FYTmhB?oc=5\" target=\"_blank\" rel=\"nofollow noopener\">OL &#8211; Fonseca : \u00ab Nous avons beaucoup de probl\u00e8mes \u00bb : Sports &#8211; Orange<\/a>&nbsp;&nbsp;Sports &#8211; Orange<\/li>\n<li><a href=\"https:\/\/news.google.com\/rss\/articles\/CBMizgFBVV95cUxNcldPT0pzN3VWZ2Zxb1lBUWtPMWlUVEpXQ1FDNDd6eTdVZWx2MzJnaW5fZW1qMjQ1ei0zdEFEWW1WQXZJTGNpeUpvR2dKeEVGbTRrd2FxY0ZwVHpySzdQal9YdE0tSUJWang2SlU2STRLLVV0OTVGNXZVOEdLWXRGdTdfQjlYN1FRWGhMZDg2SmZSUDNVNzIxVFpnNF95NUdNZXMxcFRPN2hHSzJ0LU5NaXFjaDZscjlTUHVtN0RXVndZSnRvdG1PTnZtWUxFdw?oc=5\" target=\"_blank\" rel=\"nofollow noopener\">Football. Blessures, suspensions, retours de s\u00e9lections, le casse-t\u00eate de Paulo Fonseca avant Auxerre &#8211; OL<\/a>&nbsp;&nbsp;Le Progr\u00e8s<\/li>\n<li><a href=\"https:\/\/news.google.com\/rss\/articles\/CBMi3gFBVV95cUxQTmR6WUwtM3JJY2tyS0tkcE5qN241QUxuaU1MMDYwTktzV044dUZBdlUyWE5FMkQwV1ZHZTNWVFFSXzJUaHBCTWNjb2ZzWmNmSkhaLXdpOWRPR0RGUFY3SnBHUHg5UDBidDg4ZUdsS2RPY3U2WW56RlhSRlhTUUpjRE1uQ0Y0NV9zRzhXMlR4M2tBekF4dm91dW5qeEVpLW9IZGI2c0htSDVqaDNZdDZxdTRoS3ZhYXlrcTc0TUZ6NnRJRkl6UzJ4a0xfOThxc2JoSnBuTEktVnJJeEJPWmc?oc=5\" target=\"_blank\" rel=\"nofollow noopener\">Kluivert bless\u00e9, Maitland-Niles malade, Ghezzal incertain&#8230; L&rsquo;OL sera tr\u00e8s amoindri face \u00e0 Auxerre<\/a>&nbsp;&nbsp;L&rsquo;\u00c9quipe<\/li>\n<li><a href=\"https:\/\/news.google.com\/rss\/articles\/CBMijAFBVV95cUxNWjVXejE0bk5RNC1PM0RyTVhPR3h6ejNIbjU1QlJGUGZubjNaYUh5Zk1fYVZkdG1ic3EtcU1vOFg1UExmNHZDa2pNTFIyNDVJYUctUUsyeEVwVHdMcmhaZkxNdTlraTUyeWxZYTE0N1lBMWZwdWY1elhSSlR1SXBlaF9GckRPMXhhcVI5aA?oc=5\" target=\"_blank\" rel=\"nofollow noopener\">OL : 5 joueurs absents face \u00e0 Auxerre<\/a>&nbsp;&nbsp;Foot Mercato<\/li>\n<\/ol>\n","protected":false},"excerpt":{"rendered":"Fonseca : \u00ab\u00a0L&rsquo;OL se doit d&rsquo;\u00eatre ambitieux \u00e0 Auxerre\u00a0\u00bb&nbsp;&nbsp;Olympique &amp; Lyonnais OL &#8211; Fonseca : \u00ab Nous avons&hellip;\n","protected":false},"author":2,"featured_media":502470,"comment_status":"","ping_status":"","sticky":false,"template":"","format":"standard","meta":{"footnotes":""},"categories":[1410],"tags":[63,1011,27,66,241,978,60],"class_list":{"0":"post-549613","1":"post","2":"type-post","3":"status-publish","4":"format-standard","5":"has-post-thumbnail","7":"category-football","8":"tag-football","9":"tag-fr","10":"tag-france","11":"tag-ligue-1","12":"tag-ol","13":"tag-olympique-lyonnais","14":"tag-sports"},"share_on_mastodon":{"url":"https:\/\/pubeurope.com\/@fr\/115589052495896458","error":""},"_links":{"self":[{"href":"https:\/\/www.europesays.com\/fr\/wp-json\/wp\/v2\/posts\/549613","targetHints":{"allow":["GET"]}}],"collection":[{"href":"https:\/\/www.europesays.com\/fr\/wp-json\/wp\/v2\/posts"}],"about":[{"href":"https:\/\/www.europesays.com\/fr\/wp-json\/wp\/v2\/types\/post"}],"author":[{"embeddable":true,"href":"https:\/\/www.europesays.com\/fr\/wp-json\/wp\/v2\/users\/2"}],"replies":[{"embeddable":true,"href":"https:\/\/www.europesays.com\/fr\/wp-json\/wp\/v2\/comments?post=549613"}],"version-history":[{"count":0,"href":"https:\/\/www.europesays.com\/fr\/wp-json\/wp\/v2\/posts\/549613\/revisions"}],"wp:featuredmedia":[{"embeddable":true,"href":"https:\/\/www.europesays.com\/fr\/wp-json\/wp\/v2\/media\/502470"}],"wp:attachment":[{"href":"https:\/\/www.europesays.com\/fr\/wp-json\/wp\/v2\/media?parent=549613"}],"wp:term":[{"taxonomy":"category","embeddable":true,"href":"https:\/\/www.europesays.com\/fr\/wp-json\/wp\/v2\/categories?post=549613"},{"taxonomy":"post_tag","embeddable":true,"href":"https:\/\/www.europesays.com\/fr\/wp-json\/wp\/v2\/tags?post=549613"}],"curies":[{"name":"wp","href":"https:\/\/api.w.org\/{rel}","templated":true}]}}