{"id":549618,"date":"2025-11-21T18:18:18","date_gmt":"2025-11-21T18:18:18","guid":{"rendered":"https:\/\/www.europesays.com\/fr\/549618\/"},"modified":"2025-11-21T18:18:18","modified_gmt":"2025-11-21T18:18:18","slug":"bernard-montiel-repond-aux-critiques-de-sophie-davant-sur-sa-nouvelle-emission-de-france-3","status":"publish","type":"post","link":"https:\/\/www.europesays.com\/fr\/549618\/","title":{"rendered":"Bernard Montiel r\u00e9pond aux critiques de Sophie Davant sur sa nouvelle \u00e9mission de France 3"},"content":{"rendered":"<p>Ce jeudi 20 novembre 2025, Bernard Montiel \u00e9tait l&rsquo;invit\u00e9 de Buzz TV. Au cours de l&rsquo;interview, l&rsquo;animateur de 68 ans est notamment revenu sur les critiques de Sophie Davant concernant son nouveau programme sur France 3.<\/p>\n<p>Depuis le 9\u00a0novembre dernier, Bernard Montiel est de retour \u00e0 la t\u00e9l\u00e9vision avec une \u00e9mission in\u00e9dite. Baptis\u00e9 <a href=\"https:\/\/www.programme-tv.net\/news\/tv\/390377-retour-a-la-maison-bernard-montiel-emu-il-presente-sa-nouvelle-emission-sur-france-3\/\" data-api-deeplink=\"teleloisirs:\/\/news\/390377\" target=\"_blank\" rel=\"noopener\">Animalement v\u00f4tre<\/a>, le magazine, diffus\u00e9 chaque dimanche \u00e0 15h45 sur France 3, est d\u00e9di\u00e9 au bien-\u00eatre animal. Entour\u00e9 d&rsquo;une bande de chroniqueurs d&rsquo;experts, l&rsquo;animateur de 68 ans vous propose deux num\u00e9ros \u00e0 la suite de ce rendez-vous \u00e0 la fois divertissant, p\u00e9dagogique et engag\u00e9. Le programme reprend la case laiss\u00e9e vacante par<a href=\"https:\/\/www.programme-tv.net\/news\/tv\/369266-france-3-met-fin-a-lemission-de-sophie-davant-en-bonne-compagnie-apres-seulement-une-saison\/\" data-api-deeplink=\"teleloisirs:\/\/news\/369266\" target=\"_blank\" rel=\"noopener\"> En bonne compagnie<\/a>, l&rsquo;\u00e9mission \u00e9galement d\u00e9di\u00e9e aux animaux et incarn\u00e9e par Sophie Davant, dont l&rsquo;arr\u00eat avait \u00e9t\u00e9 annonc\u00e9 apr\u00e8s seulement un an d&rsquo;antenne, faute d&rsquo;audience.<\/p>\n<p>Invit\u00e9 de Buzz TV ce jeudi 20\u00a0novembre, Bernard Montiel a notamment \u00e9t\u00e9 interrog\u00e9 sur les propos tenus par Sophie Davant quelques jours plus t\u00f4t dans On refait la t\u00e9l\u00e9 sur RTL, et qui ne semblait pas avoir appr\u00e9ci\u00e9 d&rsquo;\u00eatre remplac\u00e9e. \u00ab\u00a0Je vois la m\u00eame \u00e9mission reprise \u00e0 la m\u00eame heure avec Bernard Montiel. J&rsquo;ai vu qu&rsquo;ils ont diffus\u00e9 deux num\u00e9ros \u00e0 la suite, esp\u00e9rant attirer probablement un peu plus de monde sur la deuxi\u00e8me\u00a0\u00bb, avait-elle indiqu\u00e9. Bernard Montiel s&rsquo;est dit surpris par cette prise de parole. \u00ab\u00a0Ce n&rsquo;est pas la m\u00eame \u00e9mission du tout. Je propose \u00e0 mon amie Sophie de la regarder (&#8230;) <b>J&rsquo;\u00e9tais un peu surpris qu&rsquo;elle r\u00e9agisse comme \u00e7a<\/b>. Je crois que Sophie Davant &#8211; que j&rsquo;aime beaucoup et avec laquelle j&rsquo;ai travaill\u00e9 sur Europe 1 encore r\u00e9cemment &#8211; ne d\u00e9col\u00e8re pas. Elle exprime sa col\u00e8re d&rsquo;une fa\u00e7on ou d&rsquo;une autre\u00a0\u00bb, a expliqu\u00e9 l&rsquo;animateur.<\/p>\n<p>                        \u00ab\u00a0Sophie Davant a eu tort\u00a0\u00bb\u00a0: Bernard Montiel donne son avis sur la d\u00e9cision prise par l&rsquo;animatrice concernant sa carri\u00e8re<\/p>\n<p>Suite aux propos de Sophie Davant, Bernard Montiel a r\u00e9v\u00e9l\u00e9 qu&rsquo;il avait eu l&rsquo;animatrice au t\u00e9l\u00e9phone pour avoir des explications. \u00ab\u00a0Je n&rsquo;en veux pas du tout \u00e0 Sophie Davant d&rsquo;avoir dit \u00e7a. Je l&rsquo;ai eue. On s&rsquo;est envoy\u00e9 des petits mots et je lui ai dit &lsquo;Mais qu&rsquo;est-ce qu&rsquo;il t&rsquo;arrive ? C&rsquo;est quoi l&rsquo;histoire&rsquo;, vous savez comment je suis\u00a0\u00bb, a fait savoir l&rsquo;animateur.<\/p>\n<p>Et d&rsquo;ajouter, pour \u00eatre rassurant\u00a0: \u00ab\u00a0Elle est contente. Elle fait <a href=\"https:\/\/www.programme-tv.net\/news\/tv\/387161-j-ai-envie-de-peter-les-scores-le-nom-de-la-marraine-de-la-39e-edition-du-telethon-devoile\/\" data-api-deeplink=\"teleloisirs:\/\/news\/387161\" target=\"_blank\" rel=\"noopener\">le T\u00e9l\u00e9thon<\/a>, tout va bien. Je crois qu&rsquo;elle ne d\u00e9col\u00e8re pas contre elle aussi d&rsquo;avoir un jour arr\u00eat\u00e9 volontairement <a href=\"https:\/\/www.programme-tv.net\/news\/tv\/392193-sophie-davant-se-confie-sur-le-succes-daudiences-daffaire-conclue-un-membre-de-lequipe-mavait-dit-lemission-ne-marchera-jamais\/\" data-api-deeplink=\"teleloisirs:\/\/news\/392193\" target=\"_blank\" rel=\"noopener\">Affaire conclue<\/a>. <b>Elle a eu tort. <\/b>Alors du coup, vous savez, dans ces cas-l\u00e0, quand on fait une connerie dans la vie &#8211; on en fait tous -, du coup on regrette et on cible ce qu&rsquo;on peut\u00a0\u00bb, a conclu Bernard Montiel.<\/p>\n","protected":false},"excerpt":{"rendered":"Ce jeudi 20 novembre 2025, Bernard Montiel \u00e9tait l&rsquo;invit\u00e9 de Buzz TV. Au cours de l&rsquo;interview, l&rsquo;animateur de&hellip;\n","protected":false},"author":2,"featured_media":549619,"comment_status":"","ping_status":"","sticky":false,"template":"","format":"standard","meta":{"footnotes":""},"categories":[1356],"tags":[66709,3720,244,58,59,18287,1011,27,876,32401,252,1364],"class_list":{"0":"post-549618","1":"post","2":"type-post","3":"status-publish","4":"format-standard","5":"has-post-thumbnail","7":"category-television","8":"tag-animalement-vu00f4tre","9":"tag-bernard-montiel","10":"tag-commentaire","11":"tag-divertissement","12":"tag-entertainment","13":"tag-extraits","14":"tag-fr","15":"tag-france","16":"tag-france-3","17":"tag-sophie-davant","18":"tag-television","19":"tag-tv"},"share_on_mastodon":{"url":"","error":""},"_links":{"self":[{"href":"https:\/\/www.europesays.com\/fr\/wp-json\/wp\/v2\/posts\/549618","targetHints":{"allow":["GET"]}}],"collection":[{"href":"https:\/\/www.europesays.com\/fr\/wp-json\/wp\/v2\/posts"}],"about":[{"href":"https:\/\/www.europesays.com\/fr\/wp-json\/wp\/v2\/types\/post"}],"author":[{"embeddable":true,"href":"https:\/\/www.europesays.com\/fr\/wp-json\/wp\/v2\/users\/2"}],"replies":[{"embeddable":true,"href":"https:\/\/www.europesays.com\/fr\/wp-json\/wp\/v2\/comments?post=549618"}],"version-history":[{"count":0,"href":"https:\/\/www.europesays.com\/fr\/wp-json\/wp\/v2\/posts\/549618\/revisions"}],"wp:featuredmedia":[{"embeddable":true,"href":"https:\/\/www.europesays.com\/fr\/wp-json\/wp\/v2\/media\/549619"}],"wp:attachment":[{"href":"https:\/\/www.europesays.com\/fr\/wp-json\/wp\/v2\/media?parent=549618"}],"wp:term":[{"taxonomy":"category","embeddable":true,"href":"https:\/\/www.europesays.com\/fr\/wp-json\/wp\/v2\/categories?post=549618"},{"taxonomy":"post_tag","embeddable":true,"href":"https:\/\/www.europesays.com\/fr\/wp-json\/wp\/v2\/tags?post=549618"}],"curies":[{"name":"wp","href":"https:\/\/api.w.org\/{rel}","templated":true}]}}