{"id":549620,"date":"2025-11-21T18:19:17","date_gmt":"2025-11-21T18:19:17","guid":{"rendered":"https:\/\/www.europesays.com\/fr\/549620\/"},"modified":"2025-11-21T18:19:17","modified_gmt":"2025-11-21T18:19:17","slug":"timothee-chalamet-se-cache-t-il-derriere-le-rappeur-masque-esdeekid","status":"publish","type":"post","link":"https:\/\/www.europesays.com\/fr\/549620\/","title":{"rendered":"Timoth\u00e9e Chalamet se cache-t-il derri\u00e8re le rappeur masqu\u00e9 EsDeeKid\u00a0?"},"content":{"rendered":"<p>Mais qui se cache derri\u00e8re le masque d\u2019EsDeeKid, ce jeune rappeur britannique qui cartonne outre-Manche sans jamais avoir d\u00e9voil\u00e9 son identit\u00e9\u00a0? Pour certains fans, il ne fait aucun doute qu\u2019il s\u2019agit de\u2026 <a href=\"https:\/\/www.20minutes.fr\/arts-stars\/people\/4138817-20250216-wonka-dune-parfait-inconnu-timothee-chalamet-amuse-diversite-roles\" target=\"_blank\" class=\"c-link c-link--is-underlined\" rel=\"noopener\">Timoth\u00e9e Chalamet<\/a>\u00a0! Ces sp\u00e9culations vont bon train sur les r\u00e9seaux sociaux, o\u00f9 EsDeeKid laisse seulement <a href=\"https:\/\/www.instagram.com\/p\/DPhVWGPiHsx\/?hl=en&amp;img_index=2\" rel=\"nofollow noopener\" target=\"_blank\" class=\"c-link c-link--is-underlined\">apercevoir ses yeux<\/a> sur son <a href=\"https:\/\/www.instagram.com\/esdeekid\/\" rel=\"nofollow noopener\" target=\"_blank\" class=\"c-link c-link--is-underlined\">compte Instagram<\/a> qui compte plus de 412.000 abonn\u00e9s. Pour de nombreux internautes, il aurait exactement le m\u00eame regard que la star de Dune.<\/p>\n<p>Une utilisatrice de TikTok, KJ. Freeman, a \u00e9t\u00e9 l\u2019une des premi\u00e8res \u00e0 d\u00e9fendre cette hypoth\u00e8se, expliquant son raisonnement dans une <a href=\"https:\/\/www.tiktok.com\/@gothauntie0\/video\/7571541288286162207\" rel=\"nofollow noopener\" target=\"_blank\" class=\"c-link c-link--is-underlined\">vid\u00e9o<\/a> ayant d\u00e9j\u00e0 \u00e9t\u00e9 vue plus d\u2019un million de fois sur le r\u00e9seau social chinois.<\/p>\n<p>\u00ab\u00a0Je n\u2019ai pas de preuve r\u00e9elle l\u00e0-dessus\u00a0\u00bb, a-t-elle pr\u00e9venu, avant de rappeler une apparition r\u00e9cente de l\u2019acteur dans le public d\u2019un concert londonien du rappeur Fakemink, avec qui EsDeeKid a collabor\u00e9 cette ann\u00e9e pour le tube <a href=\"https:\/\/www.youtube.com\/watch?v=K6QjQeKfmUs&amp;t=108s\" rel=\"nofollow noopener\" target=\"_blank\" class=\"c-link c-link--is-underlined\">LV Sandals<\/a>. \u00ab\u00a0C\u2019est un acteur tr\u00e8s c\u00e9l\u00e8bre\u00a0\u00bb, a-t-elle soulign\u00e9. \u00ab\u00a0Il est tr\u00e8s occup\u00e9 [\u2026] pourquoi prendrait-il le temps d\u2019aller \u00e0 un concert comme celui-l\u00e0\u00a0?\u00a0\u00bb<\/p>\n<p>Un autre \u00ab\u00a0Timmy\u00a0\u00bb\u00a0?<\/p>\n<p>De plus, <a href=\"https:\/\/www.20minutes.fr\/arts-stars\/people\/4184235-20251107-maya-hawke-pleurs-tournage-stranger-things-prince-harry-presente-excuses-canada\" target=\"_blank\" class=\"c-link c-link--is-underlined\" rel=\"noopener\">Timoth\u00e9e Chalamet<\/a> a d\u00e9j\u00e0 manifest\u00e9 son int\u00e9r\u00eat pour le rap par le pass\u00e9, notamment dans une vid\u00e9o de ses ann\u00e9es lyc\u00e9e o\u00f9 on le voit se mettre en sc\u00e8ne sous le pseudonyme \u00ab\u00a0Timmy Tim\u00a0\u00bb. Plus r\u00e9cemment, l\u2019acteur de Wonka a fait une apparition dans un clip de rap humoristique pour <a href=\"https:\/\/www.youtube.com\/watch?v=d64K_QJkLbk\" rel=\"nofollow noopener\" target=\"_blank\" class=\"c-link c-link--is-underlined\">un \u00e9pisode<\/a> de Saturday Night Live diffus\u00e9 en\u00a02021.<\/p>\n<p>Quant \u00e0 l\u2019accent d\u2019EsDeeKid, qui serait originaire de Liverpool, KJ. Freeman a soulign\u00e9 qu\u2019il \u00e9tait \u00ab\u00a0dans l\u2019ADN\u00a0\u00bb de Timoth\u00e9e Chalamet de \u00ab\u00a0faire ce genre de chose\u00a0\u00bb, autrement dit, d\u2019adopter un accent du nord de l\u2019Angleterre pour tromper le public.<\/p>\n<p>Le magazine <a href=\"https:\/\/www.rollingstone.com\/music\/music-features\/timothee-chalamet-uk-rapper-esdeekid-explained-1235468243\/\" rel=\"nofollow noopener\" target=\"_blank\" class=\"c-link c-link--is-underlined\">Rolling Stone<\/a> a lui aussi \u00e9tudi\u00e9 la question, sans pouvoir trancher d\u00e9finitivement. Aucun des deux artistes n\u2019a comment\u00e9 cette rumeur pour l\u2019instant. EsDeeKid a en tout cas annonc\u00e9 quelques concerts pour le d\u00e9but de l\u2019ann\u00e9e\u00a02026. Il sera alors temps de comparer leurs emplois du temps, si le rappeur persiste \u00e0 garder son masque en public\u2026<\/p>\n<p><script async src=\"\/\/www.instagram.com\/embed.js\"><\/script><script async src=\"\/\/www.tiktok.com\/embed.js\"><\/script><\/p>\n","protected":false},"excerpt":{"rendered":"Mais qui se cache derri\u00e8re le masque d\u2019EsDeeKid, ce jeune rappeur britannique qui cartonne outre-Manche sans jamais avoir&hellip;\n","protected":false},"author":2,"featured_media":549621,"comment_status":"","ping_status":"","sticky":false,"template":"","format":"standard","meta":{"footnotes":""},"categories":[1355],"tags":[58,59,1011,27,19295,1361,873,973,3616,6198,13427],"class_list":{"0":"post-549620","1":"post","2":"type-post","3":"status-publish","4":"format-standard","5":"has-post-thumbnail","7":"category-musique","8":"tag-divertissement","9":"tag-entertainment","10":"tag-fr","11":"tag-france","12":"tag-kylie-jenner","13":"tag-music","14":"tag-musique","15":"tag-people","16":"tag-rap","17":"tag-rappeur","18":"tag-timothee-chalamet"},"share_on_mastodon":{"url":"https:\/\/pubeurope.com\/@fr\/115589072041102161","error":""},"_links":{"self":[{"href":"https:\/\/www.europesays.com\/fr\/wp-json\/wp\/v2\/posts\/549620","targetHints":{"allow":["GET"]}}],"collection":[{"href":"https:\/\/www.europesays.com\/fr\/wp-json\/wp\/v2\/posts"}],"about":[{"href":"https:\/\/www.europesays.com\/fr\/wp-json\/wp\/v2\/types\/post"}],"author":[{"embeddable":true,"href":"https:\/\/www.europesays.com\/fr\/wp-json\/wp\/v2\/users\/2"}],"replies":[{"embeddable":true,"href":"https:\/\/www.europesays.com\/fr\/wp-json\/wp\/v2\/comments?post=549620"}],"version-history":[{"count":0,"href":"https:\/\/www.europesays.com\/fr\/wp-json\/wp\/v2\/posts\/549620\/revisions"}],"wp:featuredmedia":[{"embeddable":true,"href":"https:\/\/www.europesays.com\/fr\/wp-json\/wp\/v2\/media\/549621"}],"wp:attachment":[{"href":"https:\/\/www.europesays.com\/fr\/wp-json\/wp\/v2\/media?parent=549620"}],"wp:term":[{"taxonomy":"category","embeddable":true,"href":"https:\/\/www.europesays.com\/fr\/wp-json\/wp\/v2\/categories?post=549620"},{"taxonomy":"post_tag","embeddable":true,"href":"https:\/\/www.europesays.com\/fr\/wp-json\/wp\/v2\/tags?post=549620"}],"curies":[{"name":"wp","href":"https:\/\/api.w.org\/{rel}","templated":true}]}}