{"id":549631,"date":"2025-11-21T18:26:14","date_gmt":"2025-11-21T18:26:14","guid":{"rendered":"https:\/\/www.europesays.com\/fr\/549631\/"},"modified":"2025-11-21T18:26:14","modified_gmt":"2025-11-21T18:26:14","slug":"ou-est-passe-le-milliard-deuros-du-fonds-demmanuel-macron-pour-la-transformation-de-laction-publique","status":"publish","type":"post","link":"https:\/\/www.europesays.com\/fr\/549631\/","title":{"rendered":"O\u00f9 est pass\u00e9 le milliard d&rsquo;euros du fonds d&rsquo;Emmanuel Macron pour la transformation de l\u2019action publique ?"},"content":{"rendered":"<p>\n    Lanc\u00e9 en 2017 avec une enveloppe de 700 millions d\u2019euros, le Fonds pour la transformation de l\u2019action publique (FTAP) s\u2019est peu \u00e0 peu \u00e9toff\u00e9 pour atteindre 1,1 milliard d\u2019euros entre 2017 et 2025. Un investissement dont la Cour des comptes peine aujourd&rsquo;hui \u00e0 cerner les r\u00e9sultats concrets.<\/p>\n<p class=\"fig-paragraph\">Alors que l\u2019examen du projet de loi de finances pour 2026 se poursuit \u00e0 l\u2019Assembl\u00e9e nationale, l\u2019ex\u00e9cutif se demande comment sortir par le haut de\u00a0<a href=\"http:\/\/www.lefigaro.fr\/politique\/on-y-va-tout-droit-pourquoi-le-scenario-de-la-loi-speciale-semble-se-profiler-pour-faire-face-a-l-impasse-budgetaire-au-parlement-20251119\" data-fig-type=\"Article\" data-gtm-custom-categorie=\"navigation\" data-gtm-custom-action=\"crossclick\" data-gtm-custom-label=\"Contextuel\" data-gtm-event=\"customEventSPE\" data-fig-domain=\"LEFIGARO\" target=\"_blank\" rel=\"noopener\">l\u2019impasse budg\u00e9taire<\/a>. D\u2019autant que certaines promesses embl\u00e9matiques n\u2019ont pas \u00e9t\u00e9 tenues, au premier rang desquelles la\u00a0<a href=\"http:\/\/www.lefigaro.fr\/conjoncture\/comment-le-gouvernement-a-fait-croire-qu-il-allait-baisser-les-effectifs-de-fonctionnaires-20251024\" data-fig-type=\"Article\" data-gtm-custom-categorie=\"navigation\" data-gtm-custom-action=\"crossclick\" data-gtm-custom-label=\"Contextuel\" data-gtm-event=\"customEventSPE\" data-fig-domain=\"LEFIGARO\" target=\"_blank\" rel=\"noopener\">suppression de 3000 emplois dans la fonction publique d\u2019\u00c9tat<\/a>, r\u00e9clam\u00e9 par Fran\u00e7ois Bayrou en avril dernier. Alors m\u00eame que Bercy assurait encore cet \u00e9t\u00e9 vouloir mettre fin \u00e0 la croissance des effectifs publics &#8211; un million de nouveaux agents en vingt-cinq ans -, la Cour des comptes pointe le r\u00e9sultat d\u00e9cevant du Fonds pour la transformation de l\u2019action publique (FTAP), dans un rapport publi\u00e9 mi-novembre. Un programme \u00e0 1,1 milliard d\u2019euros qui devait justement permettre d\u2019\u00e9conomiser certains postes de fonctionnaires.<\/p>\n<p class=\"fig-paragraph\">Cr\u00e9\u00e9 en 2017 comme une des composantes du\u00a0<a href=\"https:\/\/www.lefigaro.fr\/conjoncture\/investissement-le-grand-plan-a-57-milliards-de-macron-totalement-enlise-20191011\" data-fig-type=\"Article\" data-gtm-custom-categorie=\"navigation\" data-gtm-custom-action=\"crossclick\" data-gtm-custom-label=\"Contextuel\" data-gtm-event=\"customEventSPE\" data-fig-domain=\"LEFIGARO\" target=\"_blank\" rel=\"noopener\">\u00abgrand plan d\u2019investissement\u00bb promis par Emmanuel Macron\u00a0<\/a>pendant sa campagne, le dispositif promettait monts et merveilles\u00a0: \u00abun euro d\u2019\u00e9conomie pour un euro investi\u2026<\/p>\n<p class=\"fig-premium-paywall__infos\">\n        Cet article est r\u00e9serv\u00e9 aux abonn\u00e9s.        Il vous reste 79% \u00e0 d\u00e9couvrir.\n    <\/p>\n<p>                <img  data- alt=\"Le Figaro\" class=\"fig-img--complete fig-img\"\/><\/p>\n<p class=\"fig-premium-paywall__title\">Black Friday<\/p>\n<p class=\"fig-premium-paywall__subtitle\">-70% sur l&rsquo;abonnement num\u00e9rique<\/p>\n<p class=\"fig-premium-paywall__connect\">\n                D\u00e9j\u00e0 abonn\u00e9\u00a0?                <a class=\"fig-premium-paywall__connect-link\" href=\"https:\/\/connect.lefigaro.fr\/login?client=horizon_web&amp;type=main&amp;redirect_uri=https%3A%2F%2Fwww.lefigaro.fr%2Fconjoncture%2Fun-bilan-insaisissable-ou-est-passe-le-milliard-d-euros-du-fonds-d-emmanuel-macron-pour-la-transformation-de-l-action-publique-20251121\" data-js-gtm=\"{&quot;customCategorie&quot;: &quot;conversion&quot;, &quot;customAction&quot;: &quot;before_Landing_Connexion_paywall_auto&quot;, &quot;customLabel&quot;: &quot;bGVmaWdhcm8uZnJfXzFmMGM2YzVjLTNkYmQtNmI5Mi1hOTkxLWZmNzI5YzE5MDI1N19fQXJ0aWNsZQ==_\u00abUn bilan insaisissable\u00bb\u00a0: O\u00f9 est pass\u00e9 le milliard d&#039;euros du fonds d&#039;Emmanuel Macron pour la transformation de l\u2019action publique\u00a0?_210&quot;, &quot;customIDSPE&quot;: &quot;bGVmaWdhcm8uZnJfXzFmMGM2YzVjLTNkYmQtNmI5Mi1hOTkxLWZmNzI5YzE5MDI1N19fQXJ0aWNsZQ==&quot;, &quot;event&quot;: &quot;customEventSPE&quot;}\" target=\"_blank\" rel=\"noopener\"><br \/>\n                    Connectez-vous<br \/>\n                <\/a>\n            <\/p>\n","protected":false},"excerpt":{"rendered":"Lanc\u00e9 en 2017 avec une enveloppe de 700 millions d\u2019euros, le Fonds pour la transformation de l\u2019action publique&hellip;\n","protected":false},"author":2,"featured_media":549632,"comment_status":"","ping_status":"","sticky":false,"template":"","format":"standard","meta":{"footnotes":""},"categories":[6],"tags":[1003,35,15721,33,34,1273,1011,27],"class_list":{"0":"post-549631","1":"post","2":"type-post","3":"status-publish","4":"format-standard","5":"has-post-thumbnail","7":"category-economie","8":"tag-budget","9":"tag-business","10":"tag-cour-des-comptes","11":"tag-economie","12":"tag-economy","13":"tag-fonctionnaires","14":"tag-fr","15":"tag-france"},"share_on_mastodon":{"url":"https:\/\/pubeurope.com\/@fr\/115589099500585418","error":""},"_links":{"self":[{"href":"https:\/\/www.europesays.com\/fr\/wp-json\/wp\/v2\/posts\/549631","targetHints":{"allow":["GET"]}}],"collection":[{"href":"https:\/\/www.europesays.com\/fr\/wp-json\/wp\/v2\/posts"}],"about":[{"href":"https:\/\/www.europesays.com\/fr\/wp-json\/wp\/v2\/types\/post"}],"author":[{"embeddable":true,"href":"https:\/\/www.europesays.com\/fr\/wp-json\/wp\/v2\/users\/2"}],"replies":[{"embeddable":true,"href":"https:\/\/www.europesays.com\/fr\/wp-json\/wp\/v2\/comments?post=549631"}],"version-history":[{"count":0,"href":"https:\/\/www.europesays.com\/fr\/wp-json\/wp\/v2\/posts\/549631\/revisions"}],"wp:featuredmedia":[{"embeddable":true,"href":"https:\/\/www.europesays.com\/fr\/wp-json\/wp\/v2\/media\/549632"}],"wp:attachment":[{"href":"https:\/\/www.europesays.com\/fr\/wp-json\/wp\/v2\/media?parent=549631"}],"wp:term":[{"taxonomy":"category","embeddable":true,"href":"https:\/\/www.europesays.com\/fr\/wp-json\/wp\/v2\/categories?post=549631"},{"taxonomy":"post_tag","embeddable":true,"href":"https:\/\/www.europesays.com\/fr\/wp-json\/wp\/v2\/tags?post=549631"}],"curies":[{"name":"wp","href":"https:\/\/api.w.org\/{rel}","templated":true}]}}