{"id":549633,"date":"2025-11-21T18:27:15","date_gmt":"2025-11-21T18:27:15","guid":{"rendered":"https:\/\/www.europesays.com\/fr\/549633\/"},"modified":"2025-11-21T18:27:15","modified_gmt":"2025-11-21T18:27:15","slug":"a-la-cop30-la-colere-de-la-france-avant-les-ultimes-negociations","status":"publish","type":"post","link":"https:\/\/www.europesays.com\/fr\/549633\/","title":{"rendered":"\u00e0 la COP30, la col\u00e8re de la France avant les ultimes n\u00e9gociations"},"content":{"rendered":"<p>        <img decoding=\"async\" loading=\"lazy\" src=\"https:\/\/www.europesays.com\/fr\/wp-content\/uploads\/2025\/11\/f4f4091_upload-1-4lmjzcq6pjed-afp-20251121-84qb4e8-v1-midres-brazilclimatecop30un.jpg\"  width=\"728\" height=\"409\" alt=\"La ministre fran\u00e7aise de la Transition \u00e9cologique, Monique Barbut, s\u2019entretient avec des journalistes lors de la COP30, \u00e0 Bel\u00e9m, au Br\u00e9sil, le 21\u00a0novembre 2025.\"\/>  <\/p>\n<p>PABLO PORCIUNCULA \/ AFP<\/p>\n<p>La ministre fran\u00e7aise de la Transition \u00e9cologique, Monique Barbut, s\u2019entretient avec des journalistes lors de la COP30, \u00e0 Bel\u00e9m, au Br\u00e9sil, le 21\u00a0novembre 2025.<\/p>\n<p>      <strong>EN BREF<\/strong> <strong>\u2022 <\/strong>La France et l\u2019Union europ\u00e9enne critiquent l\u2019absence de mention des \u00e9nergies fossiles dans le projet d\u2019accord de la COP30.<br \/><strong>\u2022 <\/strong>La ministre Monique Barbut pointe la Russie, l\u2019Inde et l\u2019Arabie saoudite qui bloquent les progr\u00e8s.<br \/><strong>\u2022 <\/strong>La COP30 risque de se terminer sans accord, ce qui serait un \u00e9chec pour le Br\u00e9sil, pays h\u00f4te du sommet.                         <\/p>\n<p class=\"asset asset-text\">\u00c0 quelques heures de la fin,<a href=\"https:\/\/www.huffingtonpost.fr\/environnement\/article\/cop30-cette-annonce-des-etats-unis-est-un-tres-mauvais-signal_256671.html\" target=\"_blank\" rel=\"noopener\"> les n\u00e9gociations climatiques de la COP30 <\/a>tournent au chaos, ce vendredi 21\u00a0novembre. \u00ab\u00a0Au stade o\u00f9 on en est, on n\u2019a plus rien\u00a0!\u00a0\u00bb, s\u2019est indign\u00e9e la ministre fran\u00e7aise de la Transition \u00e9cologique, <a href=\"https:\/\/www.huffingtonpost.fr\/politique\/article\/cop30-dix-ans-apres-l-accord-de-paris-emmanuel-macron-face-a-l-insuffisance-de-sa-credibilite-ecolo_256800.html\" target=\"_blank\" rel=\"noopener\">Monique Barbut<\/a>, devant un groupe de journalistes. L\u2019Union europ\u00e9enne \u00e9voque d\u00e9sormais ouvertement la perspective d\u2019une COP30 \u00ab\u00a0sans accord\u00a0\u00bb, ce qui repr\u00e9senterait un \u00e9chec humiliant pour le Br\u00e9sil, pays h\u00f4te du sommet.<\/p>\n<p class=\"asset asset-text\">Concr\u00e8tement, la France s\u2019indigne que la pr\u00e9sidence br\u00e9silienne du sommet ait pr\u00e9sent\u00e9 un projet de texte comportant une omission de taille\u00a0: il n\u2019y est fait <a href=\"https:\/\/www.huffingtonpost.fr\/environnement\/article\/cop30-il-manque-un-point-cle-dans-le-projet-d-accord-et-ces-pays-refusent-de-le-signer_257370.html\" target=\"_blank\" rel=\"noopener\">aucune mention des \u00e9nergies\u00a0fossiles<\/a>. Or la r\u00e9duction du p\u00e9trole, du gaz et du charbon est absolument essentielle pour freiner la progression du changement climatique. \u00ab\u00a0La feuille de route pour sortir des <a href=\"https:\/\/www.huffingtonpost.fr\/environnement\/article\/ce-rapport-pointe-l-hypocrisie-des-pays-producteurs-d-energies-fossiles-sur-leurs-objectifs-climatiques_255098.html\" target=\"_blank\" rel=\"noopener\">\u00e9nergies fossiles\u00a0<\/a>? Elle n\u2019existe plus l\u00e0\u00a0!\u00a0\u00bb, a d\u00e9plor\u00e9 Monique Barbut en milieu d\u2019apr\u00e8s-midi.<\/p>\n<p class=\"asset asset-text\">\u00ab\u00a0On attend qu\u2019il y ait un mot reconnaissant le fait que les \u00e9nergies fossiles sont en partie responsables du r\u00e9chauffement climatique. On attend aussi qu\u2019on dise que les contributions nationales, qui sont une obligation de l\u2019accord de Paris, doivent \u00eatre renforc\u00e9es et montrer qu\u2019elles s\u2019inscrivent dans un objectif de trajectoire de + 1,5\u00a0\u00b0C. Ce sont les deux choses qu\u2019on demande, pas plus, juste une mention\u00a0\u00bb, a insist\u00e9 la ministre.<\/p>\n<p> La lecture de ce contenu est susceptible d\u2019entra\u00eener un d\u00e9p\u00f4t de cookies de la part de l\u2019op\u00e9rateur tiers qui l\u2019h\u00e9berge. Compte-tenu des choix que vous avez exprim\u00e9s en mati\u00e8re de d\u00e9p\u00f4t de cookies, nous avons bloqu\u00e9 l\u2019affichage de ce contenu. Si vous souhaitez y acc\u00e9der, vous devez accepter la cat\u00e9gorie de cookies \u201cContenus tiers\u201d en cliquant sur le bouton ci-dessous. <\/p>\n<p> Lire la Vid\u00e9o        <\/p>\n<p class=\"asset asset-text\">Derri\u00e8re cette revendication, Paris d\u00e9signe clairement les \u00c9tats qui bloquent. La France pointe du doigt la Russie, l\u2019Inde et l\u2019Arabie saoudite, accus\u00e9s d\u2019emp\u00eacher tout progr\u00e8s vers une sortie des \u00e9nergies fossiles. \u00ab\u00a0Ceux qui bloquent le plus\u00a0? On les conna\u00eet tous. Ce sont les pays p\u00e9troliers, bien \u00e9videmment. La Russie, l\u2019Inde, l\u2019Arabie saoudite. Mais rejoints par beaucoup de pays \u00e9mergents\u00a0\u00bb, a rappel\u00e9 Monique Barbut.<\/p>\n<p>    La COP30\u00a0pourrait se terminer sans accord    <\/p>\n<p class=\"asset asset-text\">La tension est d\u2019autant plus forte que les d\u00e9l\u00e9gations <a href=\"https:\/\/www.huffingtonpost.fr\/environnement\/video\/cop29-a-bakou-pourquoi-les-cop-se-finissent-toujours-par-des-nuits-blanches_242478.html\" target=\"_blank\" rel=\"noopener\">doivent d\u00e9sormais entrer en pl\u00e9ni\u00e8re<\/a>, o\u00f9 le projet de texte sera pr\u00e9sent\u00e9 et discut\u00e9 devant l\u2019ensemble des pays. Pour les Europ\u00e9ens, il s\u2019agira de signifier officiellement que le document actuel est inacceptable. Cette s\u00e9ance s\u2019annonce d\u00e9cisive\u00a0: si aucun compromis n\u2019\u00e9merge, la COP pourrait s\u2019achever sans accord.<\/p>\n<p class=\"asset asset-text\">Ce constat partag\u00e9 par l\u2019Allemagne. \u00ab\u00a0Le texte ne peut pas rester tel qu\u2019il est\u00a0\u00bb, a affirm\u00e9 le ministre allemand de l\u2019Environnement Carsten Schneider dans une d\u00e9claration transmise \u00e0 l\u2019AFP, pr\u00e9venant que \u00ab\u00a0les n\u00e9gociations seront difficiles\u00a0\u00bb. \u00ab\u00a0Ce qui est actuellement sur la table est inacceptable\u00a0\u00bb, a \u00e9galement d\u00e9clar\u00e9 le commissaire au climat, Wopke Hoestra, \u00e0 des journalistes. \u00ab\u00a0C\u2019est malheureux \u00e0 dire, mais nous sommes vraiment face \u00e0 un sc\u00e9nario sans accord\u00a0\u00bb.<\/p>\n<p class=\"asset asset-text\">Pour la ministre colombienne de l\u2019Environnement Irene Velez Torres, la COP30 \u00ab\u00a0ne peut se terminer sans feuille de route pour abandonner les combustibles fossiles\u00a0\u00bb. Le projet a aussi imm\u00e9diatement \u00e9t\u00e9 rejet\u00e9 par des ONG. \u00ab\u00a0C\u2019est comme une page blanche, il y a si peu pour combler le manque d\u2019ambition pour en rester \u00e0 1,5\u00a0\u00b0C de r\u00e9chauffement, ou pousser les pays \u00e0 acc\u00e9l\u00e9rer l\u2019action\u00a0\u00bb, a r\u00e9agi Tracy Carty de Greenpeace. Il est \u00ab\u00a0extr\u00eamement d\u00e9cevant\u00a0\u00bb selon WWF.<\/p>\n<p class=\"asset asset-text\">Pour de nombreux pays europ\u00e9ens et latino-am\u00e9ricains, l\u2019absence de toute r\u00e9f\u00e9rence explicite aux combustibles fossiles revient \u00e0 vider le texte de son sens\u00a0: sans nommer les sources d\u2019\u00e9missions, aucun engagement cr\u00e9dible ne peut \u00eatre inscrit dans l\u2019accord final, rendant impossible d\u2019exiger des efforts concrets ou de mesurer les avanc\u00e9es dans les prochaines ann\u00e9es.<\/p>\n","protected":false},"excerpt":{"rendered":"PABLO PORCIUNCULA \/ AFP La ministre fran\u00e7aise de la Transition \u00e9cologique, Monique Barbut, s\u2019entretient avec des journalistes lors&hellip;\n","protected":false},"author":2,"featured_media":549634,"comment_status":"","ping_status":"","sticky":false,"template":"","format":"standard","meta":{"footnotes":""},"categories":[5],"tags":[11,4734,1129,53082,436,1011,27,14,12,316,28],"class_list":{"0":"post-549633","1":"post","2":"type-post","3":"status-publish","4":"format-standard","5":"has-post-thumbnail","7":"category-international","8":"tag-actualites","9":"tag-changement-climatique","10":"tag-climat","11":"tag-cop30","12":"tag-environnement","13":"tag-fr","14":"tag-france","15":"tag-international","16":"tag-news","17":"tag-politique","18":"tag-world"},"share_on_mastodon":{"url":"https:\/\/pubeurope.com\/@fr\/115589104904537449","error":""},"_links":{"self":[{"href":"https:\/\/www.europesays.com\/fr\/wp-json\/wp\/v2\/posts\/549633","targetHints":{"allow":["GET"]}}],"collection":[{"href":"https:\/\/www.europesays.com\/fr\/wp-json\/wp\/v2\/posts"}],"about":[{"href":"https:\/\/www.europesays.com\/fr\/wp-json\/wp\/v2\/types\/post"}],"author":[{"embeddable":true,"href":"https:\/\/www.europesays.com\/fr\/wp-json\/wp\/v2\/users\/2"}],"replies":[{"embeddable":true,"href":"https:\/\/www.europesays.com\/fr\/wp-json\/wp\/v2\/comments?post=549633"}],"version-history":[{"count":0,"href":"https:\/\/www.europesays.com\/fr\/wp-json\/wp\/v2\/posts\/549633\/revisions"}],"wp:featuredmedia":[{"embeddable":true,"href":"https:\/\/www.europesays.com\/fr\/wp-json\/wp\/v2\/media\/549634"}],"wp:attachment":[{"href":"https:\/\/www.europesays.com\/fr\/wp-json\/wp\/v2\/media?parent=549633"}],"wp:term":[{"taxonomy":"category","embeddable":true,"href":"https:\/\/www.europesays.com\/fr\/wp-json\/wp\/v2\/categories?post=549633"},{"taxonomy":"post_tag","embeddable":true,"href":"https:\/\/www.europesays.com\/fr\/wp-json\/wp\/v2\/tags?post=549633"}],"curies":[{"name":"wp","href":"https:\/\/api.w.org\/{rel}","templated":true}]}}