{"id":549635,"date":"2025-11-21T18:28:15","date_gmt":"2025-11-21T18:28:15","guid":{"rendered":"https:\/\/www.europesays.com\/fr\/549635\/"},"modified":"2025-11-21T18:28:15","modified_gmt":"2025-11-21T18:28:15","slug":"mort-de-tommy-recco-jattends-ce-moment-depuis-tant-dannees-reagit-guy-maurel-lepoux-dune-des-trois-victimes-de-beziers-en-1979","status":"publish","type":"post","link":"https:\/\/www.europesays.com\/fr\/549635\/","title":{"rendered":"Mort de Tommy Recco\u00a0: \u00ab\u00a0J\u2019attends ce moment depuis tant d\u2019ann\u00e9es\u00a0\u00bb, r\u00e9agit Guy Maurel, l\u2019\u00e9poux d\u2019une des trois victimes de B\u00e9ziers en 1979"},"content":{"rendered":"<p>\n                                                                Tommy Recco, l\u2019assassin de trois employ\u00e9es du Mammouth de B\u00e9ziers, en d\u00e9cembre\u00a01979, est d\u00e9c\u00e9d\u00e9 dans la nuit de jeudi \u00e0 vendredi 21\u00a0novembre \u00e0 l\u2019\u00e2ge de 91 ans. Il \u00e9tait incarc\u00e9r\u00e9 depuis 1980 et \u00e9tait le plus ancien d\u00e9tenu de France. Guy Maurel, le mari d\u2019une des trois victimes de B\u00e9ziers, qui a vou\u00e9 sa vie au combat contre Recco, r\u00e9agit.\n                            <\/p>\n<p>\u00ab\u00a0Recco est mort.\u00a0\u00bb\u00a0<a href=\"https:\/\/www.midilibre.fr\/2025\/11\/21\/mort-de-tommy-recco-ces-dernieres-semaines-il-avait-demande-a-voir-un-pretre-confie-lavocat-du-criminel-13065992.php\" target=\"_self\" rel=\"nofollow noopener\">Malgr\u00e9 la maladie qui l\u2019a beaucoup affaibli<\/a>, on sent, dans ces quelques mots, une forme de jubilation de la part du <a href=\"https:\/\/www.midilibre.fr\/2023\/05\/14\/guy-maurel-si-un-jour-tommy-recco-sort-de-prison-je-lattendrai-de-pied-ferme-11191936.php\" target=\"_self\" rel=\"nofollow noopener\">Biterrois\u00a0Guy Maurel<\/a>. \u00c0 un mois pr\u00e8s, cela fera 26 ans que Recco a assassin\u00e9 son \u00e9pouse, Sylvette (27 ans), <a href=\"https:\/\/www.midilibre.fr\/2017\/05\/10\/beziers-pour-guy-maurel-recco-doit-purger-sa-peine-jusqu-a-la-mort,1504821.php\" target=\"_self\" rel=\"nofollow noopener\">d\u2019une balle dans la t\u00eate, le\u00a020\u00a0d\u00e9cembre 1979 dans le Mammouth de\u00a0B\u00e9ziers<\/a>.\u00a0Tommy <a href=\"https:\/\/www.midilibre.fr\/2025\/11\/21\/tommy-recco-le-plus-vieux-prisonnier-de-france-est-decede-13065681.php\" target=\"_self\" rel=\"nofollow noopener\">Recco est\u00a0d\u00e9c\u00e9d\u00e9 dans la nuit de ce jeudi \u00e0 vendredi 21\u00a0novembre<\/a>, \u00e0 Salon-de-Provence. Il avait \u00e9t\u00e9 transf\u00e9r\u00e9 de sa prison de Borgo au mois de septembre dernier pour raison de sant\u00e9 et Guy Maurel redoutait qu\u2019il soit lib\u00e9r\u00e9.<\/p>\n<p>\u00ab\u00a0Oui, c\u2019est une satisfaction de savoir qu\u2019il n\u2019est pas mort libre. Oui, je suis content, mais peut-on se r\u00e9jouir de la mort de quelqu\u2019un\u00a0? Et a contrario j\u2019ai un regret. Je n\u2019ai jamais pu le rencontrer. J\u2019aurais tant aim\u00e9 qu\u2019il me dise comment il avait fait rentrer ma femme dans cette pi\u00e8ce o\u00f9 il les a tu\u00e9es toutes les trois. Je crois que j\u2019aurai pu l\u2019agresser pour le lui faire avouer. Vous savez, quand j\u2019ai su qu\u2019il \u00e9tait hospitalis\u00e9, j\u2019ai m\u00eame imagin\u00e9 me d\u00e9guiser en m\u00e9decin pour aller le voir sur son lit d\u2019h\u00f4pital\u00a0\u00bb, ressasse Guy Maurel.\u00a0Un Guy Maurel qui a toujours dit que si Recco sortait, il lui r\u00e9glerait son compte, quitte \u00e0 aller en prison \u00e0 son tour\u00a0: \u00ab\u00a0cela me fait plaisir qu\u2019il soit mort. Cela m\u2019\u00e9vite d\u2019aller le foutre en l\u2019air s\u2019il avait \u00e9t\u00e9 lib\u00e9r\u00e9 pour cause de maladie\u2026 C\u2019est terrible, mais j\u2019ai le sentiment d\u2019avoir \u00e9t\u00e9 toute ma vie\u00a0prisonnier de ce drame. Sa mort m\u2019a enlev\u00e9 la possibilit\u00e9 de lui parler.\u00a0\u00bb<\/p>\n<blockquote>\n<p>Quand j\u2019ai su qu\u2019il \u00e9tait hospitalis\u00e9, j\u2019ai m\u00eame imagin\u00e9 me d\u00e9guiser en m\u00e9decin pour aller le voir sur son lit d\u2019h\u00f4pital.<\/p>\n<\/blockquote>\n<p>Aux c\u00f4t\u00e9s de Guy Maurel, son fr\u00e8re, Serge, mais aussi sa fille, Sylvie. Elle avait six ans le jour du drame. \u00ab\u00a0Vous vous rendez compte que si la grand-m\u00e8re de la petite n\u2019avait pas oubli\u00e9 son portefeuille, elle serait morte, elle aussi. Elle avait pour habitude de rejoindre sa m\u00e8re, avec sa grand-m\u00e8re, en fin de journ\u00e9e et allait toujours avec elle remettre sa caisse \u00e0 la salle des coffres.\u00a0\u00bb La voix du septuag\u00e9naire s\u2019\u00e9trangle. Et il r\u00e9p\u00e8te\u00a0: \u00ab\u00a0il me manque de savoir comment elle s\u2019est retrouv\u00e9e l\u00e0 ce jour-l\u00e0. J\u2019ai l\u2019impression qu\u2019on ne m\u2019a jamais dit la v\u00e9rit\u00e9.\u00a0\u00bb<\/p>\n<p>\u00ab\u00a0Maman a toujours \u00e9t\u00e9 l\u00e0 avec nous\u00a0\u00bb<\/p>\n<p>Guy Maurel prend une profonde respiration\u00a0: \u00ab\u00a0la derni\u00e8re fois que j\u2019ai vu ma femme, c\u2019\u00e9tait sur Midi Libre. Vous aviez publi\u00e9 une photo des trois victimes, face au sol, allong\u00e9es dans la salle des coffres. C\u2019\u00e9tait en 1979.\u00a0\u00bb\u00a0Sylvie\u00a0prend le relais. Elle est, elle aussi, tr\u00e8s \u00e9mue et a les yeux pleins de larmes\u00a0: \u00ab\u00a0papa a toujours \u00e9t\u00e9 l\u00e0 pour moi. Mais ce n\u2019est pas \u00e9vident de vivre avec une telle histoire. Il s\u2019est remari\u00e9, j\u2019ai eu un fr\u00e8re, mais maman a toujours \u00e9t\u00e9 l\u00e0 avec nous. Il s\u2019est battu pour moi quand une psy a d\u00e9cid\u00e9 de me placer. Il leur a dit \u00ab\u00a0J\u2019ai perdu ma femme et vous voulez m\u2019enlever ma fille. Jamais.\u00a0\u00bb Et je suis rest\u00e9e avec lui.<\/p>\n<p>\u00ab\u00a0Ce matin, en apprenant la mort de Recco, j\u2019ai pleur\u00e9 et m\u00eame mon fr\u00e8re qui n\u2019a pas connu maman. Je n\u2019avais jamais imagin\u00e9 que cette histoire l\u2019avait touch\u00e9 autant. Recco, \u00e7a a \u00e9t\u00e9 le combat de sa vie. Il s\u2019est battu comme personne pour qu\u2019il reste enferm\u00e9 jusqu\u2019au bout.\u00a0\u00bb Et Sylvie Maurel de rappeler\u00a0:\u00a0\u00bbdans cette affaire, on a oubli\u00e9 beaucoup de monde, mon oncle, mes grands-parents. Ils ont tant souffert de tout \u00e7a. Aujourd\u2019hui, c\u2019est termin\u00e9.\u00a0\u00bb<\/p>\n<p>Tr\u00e8s proche de la famille des autres victimes de Recco<\/p>\n<p>Depuis 1979, tous les dimanches, Guy Maurel va au\u00a0cimeti\u00e8re Neuf de B\u00e9ziers, sur la tombe de son \u00e9pouse. Il a aussi tiss\u00e9 des liens tr\u00e8s forts avec les familles des deux autres victimes, <a href=\"https:\/\/www.midilibre.fr\/2019\/02\/21\/justice-tueur-de-trois-femmes-a-beziers-tommy-recco-demande-encore-a-sortir-de-prison,8028515.php\" target=\"_self\" rel=\"nofollow noopener\">Ren\u00e9e Chamaillou, morte \u00e0 28 ans, et Josette Alcaraz, \u00e0 27 ans<\/a>. Henriette Alcaraz, la m\u00e8re de Josette, est d\u00e9c\u00e9d\u00e9e le 19\u00a0septembre dernier, \u00e0 l\u2019\u00e2ge de 102 ans et quelques mois. Elle allait tous les jours voir sa fille au cimeti\u00e8re de Poilhes. \u00ab\u00a0Il ne reste plus que moi.\u00a0\u00bb Guy Maurel s\u2019adresse \u00e0 son fr\u00e8re\u00a0: \u00a0\u00bb Nous allons aller les voir, tous, au cimeti\u00e8re, \u00e0 Poilhes et \u00e0 Sauvian, je vais aller leur dire que c\u2019est termin\u00e9, qu\u2019il est mort.\u00a0\u00bb Et \u00e0 sa fille\u00a0:\u00a0\u00bbOn va aller la voir tout \u00e0 l\u2019heure (ce vendredi) pour le lui dire.\u00a0\u00bb<\/p>\n<p>Guy Maurel n\u2019est pas en forme, mais il est toujours combatif. Et dans ses yeux bleu acier, on peut encore deviner cette rage qui l\u2019anime\u00a0et qui l\u2019a aid\u00e9 toute sa vie. \u00ab\u00a0J\u2019ai un souhait. <a href=\"https:\/\/www.midilibre.fr\/2024\/10\/11\/pourquoi-le-tueur-en-serie-tommy-recco-incarcere-depuis-44-ans-a-ete-transfere-de-corse-dans-une-prison-du-sud-de-la-france-12254627.php\" target=\"_self\" rel=\"nofollow noopener\">Je veux aller \u00e0 Propriano, sur la tombe de Recco. <\/a>Pas pour les obs\u00e8ques, plus tard. Je veux voir\u00a0la photo de ce mec avec tous les siens, \u00eatre certain qu\u2019il est bien l\u00e0. Je lui cracherai dessus. \u00c7a mettra peut-\u00eatre un point final \u00e0 cette torture.\u00a0\u00bb<\/p>\n","protected":false},"excerpt":{"rendered":"Tommy Recco, l\u2019assassin de trois employ\u00e9es du Mammouth de B\u00e9ziers, en d\u00e9cembre\u00a01979, est d\u00e9c\u00e9d\u00e9 dans la nuit de&hellip;\n","protected":false},"author":2,"featured_media":549636,"comment_status":"","ping_status":"","sticky":false,"template":"","format":"standard","meta":{"footnotes":""},"categories":[4],"tags":[11,1011,27,12,25],"class_list":{"0":"post-549635","1":"post","2":"type-post","3":"status-publish","4":"format-standard","5":"has-post-thumbnail","7":"category-france","8":"tag-actualites","9":"tag-fr","10":"tag-france","11":"tag-news","12":"tag-republique-francaise"},"share_on_mastodon":{"url":"https:\/\/pubeurope.com\/@fr\/115589107128741215","error":""},"_links":{"self":[{"href":"https:\/\/www.europesays.com\/fr\/wp-json\/wp\/v2\/posts\/549635","targetHints":{"allow":["GET"]}}],"collection":[{"href":"https:\/\/www.europesays.com\/fr\/wp-json\/wp\/v2\/posts"}],"about":[{"href":"https:\/\/www.europesays.com\/fr\/wp-json\/wp\/v2\/types\/post"}],"author":[{"embeddable":true,"href":"https:\/\/www.europesays.com\/fr\/wp-json\/wp\/v2\/users\/2"}],"replies":[{"embeddable":true,"href":"https:\/\/www.europesays.com\/fr\/wp-json\/wp\/v2\/comments?post=549635"}],"version-history":[{"count":0,"href":"https:\/\/www.europesays.com\/fr\/wp-json\/wp\/v2\/posts\/549635\/revisions"}],"wp:featuredmedia":[{"embeddable":true,"href":"https:\/\/www.europesays.com\/fr\/wp-json\/wp\/v2\/media\/549636"}],"wp:attachment":[{"href":"https:\/\/www.europesays.com\/fr\/wp-json\/wp\/v2\/media?parent=549635"}],"wp:term":[{"taxonomy":"category","embeddable":true,"href":"https:\/\/www.europesays.com\/fr\/wp-json\/wp\/v2\/categories?post=549635"},{"taxonomy":"post_tag","embeddable":true,"href":"https:\/\/www.europesays.com\/fr\/wp-json\/wp\/v2\/tags?post=549635"}],"curies":[{"name":"wp","href":"https:\/\/api.w.org\/{rel}","templated":true}]}}