{"id":549659,"date":"2025-11-21T18:43:34","date_gmt":"2025-11-21T18:43:34","guid":{"rendered":"https:\/\/www.europesays.com\/fr\/549659\/"},"modified":"2025-11-21T18:43:34","modified_gmt":"2025-11-21T18:43:34","slug":"grenoble-pourquoi-des-familles-ont-ete-expulsees-a-la-villeneuve-en-pleine-treve-hivernale","status":"publish","type":"post","link":"https:\/\/www.europesays.com\/fr\/549659\/","title":{"rendered":"Grenoble. Pourquoi des familles ont \u00e9t\u00e9 expuls\u00e9es \u00e0 la Villeneuve en pleine tr\u00eave hivernale"},"content":{"rendered":"<p>                    Par<br \/>\n        <strong><br \/>\n            <a href=\"https:\/\/actu.fr\/auteur\/lisa-rodrigues\" title=\"Consulter tous les articles de Lisa Rodrigues\" target=\"_blank\" rel=\"noopener\">Lisa Rodrigues<\/a><br \/>\n                    <\/strong><\/p>\n<p>        Publi\u00e9 le<\/p>\n<p>            21 nov. 2025 \u00e0 17h54        <\/p>\n<p>Depuis trois jours, collectifs et associations pour le droit au logement occupent le si\u00e8ge de la M\u00e9tropole de <a href=\"https:\/\/actu.fr\/auvergne-rhone-alpes\/grenoble_38185\" target=\"_blank\" rel=\"noopener\">Grenoble<\/a>. La raison de leur mobilisation\u2009? Ces associations d\u00e9noncent \u00ab\u2009des <strong>expulsions \u00e0 r\u00e9p\u00e9tition dans le quartier de la Villeneuve<\/strong> par Actis\u2009\u00bb, un bailleur social public, dont la derni\u00e8re vague remonte au 18\u00a0novembre, en pleine tr\u00eave hivernale.<\/p>\n<p>    <a href=\"https:\/\/www.facebook.com\/plugins\/video.php?height=476&amp;href=https%3A%2F%2Fwww.facebook.com%2Freel%2F857545416733862%2F&amp;show_text=false&amp;width=350&amp;t=0\" title=\"Ouvrie le lien\" target=\"_blank\" rel=\"noopener\">Cliquez ici pour visualiser le contenu<\/a><\/p>\n<p class=\" wall-content\">D\u2019apr\u00e8s ces associations, ce sont des <strong>familles tr\u00e8s pr\u00e9caires<\/strong>, avec pour beaucoup des enfants, qui sont concern\u00e9es et qui se retrouvent aujourd\u2019hui \u00e0 la rue, sans solution d\u2019h\u00e9bergement d\u2019urgence.<\/p>\n<p>Pr\u00e8s de 30 logements \u00e9vacu\u00e9s depuis le d\u00e9but de l\u2019ann\u00e9e<\/p>\n<p class=\" wall-content\">Contact\u00e9 par la r\u00e9daction, Actis indique par voie de communiqu\u00e9 que \u00ab\u2009depuis plusieurs mois, [ces] logements sont occup\u00e9s ill\u00e9galement\u2009\u00bb \u2013 et <strong>sont donc squatt\u00e9s<\/strong> \u2013 dans les secteurs des G\u00e9ants et de l\u2019Arlequin. La loi autorise en effet\u00a0\u00e0 expulser les squatteurs d\u2019un logement pendant la tr\u00eave hivernale.<\/p>\n<p class=\" wall-content\">En lien avec les services sociaux, le bailleur assure avoir rencontr\u00e9 \u00ab\u2009\u00e0 plusieurs reprises les squatteurs\u2009\u00bb pour exposer la situation et \u00ab<strong>\u2009faciliter leur orientation vers les services comp\u00e9tents<\/strong> afin de trouver une solution d\u2019h\u00e9bergement d\u2019urgence\u2009\u00bb.<\/p>\n<blockquote class=\"ac-article-quote wall-content\">\n<p>En parall\u00e8le, Actis, propri\u00e9taire et gestionnaire de ces b\u00e2timents a l\u2019obligation de faire constater imm\u00e9diatement l\u2019occupation ill\u00e9gale par voie d\u2019huissier et de saisir la justice ou les services de la Pr\u00e9fecture de l\u2019Is\u00e8re.<\/p>\n<p>    <strong>Actis<\/strong><br \/>\n        Bailleur social    <\/p><\/blockquote>\n<p class=\" wall-content\">Actis indique que depuis le d\u00e9but de l\u2019ann\u00e9e, \u00ab\u200928 logements squatt\u00e9s ont \u00e9t\u00e9 repris avec le concours de la force publique. Certains \u00e9taient vides d\u2019occupants.\u2009\u00bb<\/p>\n<p>Votre r\u00e9gion, votre actu !<\/p>\n<p>Recevez chaque jour les infos qui comptent pour vous.<\/p>\n<p>\t<a href=\"https:\/\/actu.fr\/newsletter\" class=\"ac-btn ac-btn--corner ac-btn--medium ac-btn--blue800\" target=\"_blank\" rel=\"noopener\">S&rsquo;incrire<\/a><br \/>\nDes squats g\u00e9r\u00e9s par des \u00ab\u2009marchands de sommeil\u2009\u00bb<\/p>\n<p class=\" wall-content\">D\u2019apr\u00e8s le bailleur, <a href=\"https:\/\/actu.fr\/auvergne-rhone-alpes\/grenoble_38185\/grenoble-le-squat-de-la-rue-jean-mace-evacue-39-personnes-relogees-selon-la-ville_43482379.html\" target=\"_blank\" rel=\"noopener\">ces squats<\/a> ont entra\u00een\u00e9 diverses d\u00e9gradations commises \u00ab\u2009directement par les squatteurs, soit par des tiers faisant payer ces entr\u00e9es\u2009\u00bb.<\/p>\n<p class=\" wall-content\">Ces \u00ab\u2009tiers\u2009\u00bb sont d\u00e9sign\u00e9s par les associations de droit au logement comme des \u00ab\u2009marchands de sommeil\u2009\u00bb li\u00e9s aux \u00ab\u2009mafias qui rackettent, violentent et menacent de mort\u2009\u00bb les occupants pr\u00e9caires des lieux.<\/p>\n<p class=\" wall-content\">Sans solution de secours, les collectifs ont donc install\u00e9 pour la nuit les familles au si\u00e8ge de la M\u00e9tropole. \u00ab\u2009L\u2019occupation, port\u00e9e par un fort \u00e9lan de solidarit\u00e9, est <strong>pr\u00e9vue pour durer le temps qu\u2019il faudra<\/strong>, tant que des solutions satisfaisantes n\u2019ont pas \u00e9t\u00e9 trouv\u00e9es\u2009\u00bb, assure l\u2019association Droit au Logement 38 par voie de communiqu\u00e9.<\/p>\n<p>Des \u00ab\u2009milliers de logements vacants\u2009\u00bb<\/p>\n<p class=\" wall-content\">La question du<strong> manque d\u2019h\u00e9bergements d\u2019urgence<\/strong> n\u2019est pas nouvelle sur Grenoble. Il y a quelques semaines, <a href=\"https:\/\/actu.fr\/tag\/eric-piolle\" target=\"_blank\" rel=\"noopener\">\u00c9ric Piolle<\/a> avait promis de <a href=\"https:\/\/actu.fr\/auvergne-rhone-alpes\/grenoble_38185\/grenoble-pour-aider-les-familles-sans-logement-la-mairie-passe-a-l-etape-superieure_62667310.html\" target=\"_blank\" rel=\"noopener\">r\u00e9quisitionner des logements vacants<\/a> en ce sens. Une promesse que rappellent les associations en appelant \u00e0 la r\u00e9quisition \u00ab\u2009par l\u2019\u00c9tat ou les mairies\u2009\u00bb des \u00ab\u2009milliers de logements vacants dans l\u2019agglom\u00e9ration\u2009\u00bb.<\/p>\n<p class=\" wall-content\">Elles demandent \u00e9galement \u00e0 <a href=\"https:\/\/actu.fr\/tag\/grenoble-alpes-metropole\" target=\"_blank\" rel=\"noopener\">Grenoble-Alpes M\u00e9tropole<\/a> de mettre \u00e0 disposition les \u00ab\u2009nombreux immeubles vides\u2009\u00bb g\u00e9r\u00e9s par son \u00e9tablissement public foncier. Des rencontres entre les services m\u00e9tropolitains, le bailleur et les associations ont eu lieu ces derniers jours pour tenter de trouver des solutions, sans succ\u00e8s pour le moment.<\/p>\n<p class=\" wall-content\">Contact\u00e9e, la M\u00e9tropole n\u2019a pas donn\u00e9 suite aux sollicitations de la r\u00e9daction sur le sujet.<\/p>\n<p class=\" wall-content\">Personnalisez votre actualit\u00e9 en ajoutant vos villes et m\u00e9dias en favori avec <a href=\"https:\/\/moncompte.actu.fr\" title=\"D\u00e9couvez Mon Actu\" rel=\"nofollow noopener\" data-trk=\"{&quot;cta&quot;:{&quot;action&quot;:&quot;https:\\\/\\\/moncompte.actu.fr&quot;,&quot;category&quot;:&quot;mon compte&quot;,&quot;from&quot;:&quot;article footer&quot;,&quot;name&quot;:&quot;Mon actu&quot;,&quot;type&quot;:&quot;cta&quot;}}\" target=\"_blank\">Mon Actu<\/a>.<\/p>\n","protected":false},"excerpt":{"rendered":"Par Lisa Rodrigues Publi\u00e9 le 21 nov. 2025 \u00e0 17h54 Depuis trois jours, collectifs et associations pour le&hellip;\n","protected":false},"author":2,"featured_media":549660,"comment_status":"","ping_status":"","sticky":false,"template":"","format":"standard","meta":{"footnotes":""},"categories":[9566],"tags":[1111,11,2430,1777,674,1011,27,2731,19692,6459,12,25,104],"class_list":{"0":"post-549659","1":"post","2":"type-post","3":"status-publish","4":"format-standard","5":"has-post-thumbnail","7":"category-grenoble","8":"tag-actu","9":"tag-actualites","10":"tag-auvergne-rhone-alpes","11":"tag-eu","12":"tag-europe","13":"tag-fr","14":"tag-france","15":"tag-grenoble","16":"tag-grenoble-alpes-metropole","17":"tag-logements-sociaux","18":"tag-news","19":"tag-republique-francaise","20":"tag-societe"},"share_on_mastodon":{"url":"https:\/\/pubeurope.com\/@fr\/115589166234186281","error":""},"_links":{"self":[{"href":"https:\/\/www.europesays.com\/fr\/wp-json\/wp\/v2\/posts\/549659","targetHints":{"allow":["GET"]}}],"collection":[{"href":"https:\/\/www.europesays.com\/fr\/wp-json\/wp\/v2\/posts"}],"about":[{"href":"https:\/\/www.europesays.com\/fr\/wp-json\/wp\/v2\/types\/post"}],"author":[{"embeddable":true,"href":"https:\/\/www.europesays.com\/fr\/wp-json\/wp\/v2\/users\/2"}],"replies":[{"embeddable":true,"href":"https:\/\/www.europesays.com\/fr\/wp-json\/wp\/v2\/comments?post=549659"}],"version-history":[{"count":0,"href":"https:\/\/www.europesays.com\/fr\/wp-json\/wp\/v2\/posts\/549659\/revisions"}],"wp:featuredmedia":[{"embeddable":true,"href":"https:\/\/www.europesays.com\/fr\/wp-json\/wp\/v2\/media\/549660"}],"wp:attachment":[{"href":"https:\/\/www.europesays.com\/fr\/wp-json\/wp\/v2\/media?parent=549659"}],"wp:term":[{"taxonomy":"category","embeddable":true,"href":"https:\/\/www.europesays.com\/fr\/wp-json\/wp\/v2\/categories?post=549659"},{"taxonomy":"post_tag","embeddable":true,"href":"https:\/\/www.europesays.com\/fr\/wp-json\/wp\/v2\/tags?post=549659"}],"curies":[{"name":"wp","href":"https:\/\/api.w.org\/{rel}","templated":true}]}}