{"id":549661,"date":"2025-11-21T18:44:20","date_gmt":"2025-11-21T18:44:20","guid":{"rendered":"https:\/\/www.europesays.com\/fr\/549661\/"},"modified":"2025-11-21T18:44:20","modified_gmt":"2025-11-21T18:44:20","slug":"grenoble-malgre-la-neige-ces-habitues-ont-fait-louverture-du-marche-de-noel","status":"publish","type":"post","link":"https:\/\/www.europesays.com\/fr\/549661\/","title":{"rendered":"Grenoble. Malgr\u00e9 la neige, ces habitu\u00e9s ont fait l\u2019ouverture du march\u00e9 de No\u00ebl"},"content":{"rendered":"<p>Il faisait un froid piquant, de celui qui rosit les joues et saisit les doigts m\u00eame \u00e0 travers les gants. La neige tombait intens\u00e9ment, comme si elle avait d\u00e9cid\u00e9 d\u2019ajouter, juste \u00e0 temps, une couche de magie pour l\u2019ouverture du march\u00e9 de No\u00ebl.<\/p>\n<p>Plusieurs dizaines de visiteurs, emmitoufl\u00e9s dans leurs manteaux les plus chauds, bonnets viss\u00e9s sur la t\u00eate et mains serr\u00e9es autour d\u2019un&#8230;<\/p>\n","protected":false},"excerpt":{"rendered":"Il faisait un froid piquant, de celui qui rosit les joues et saisit les doigts m\u00eame \u00e0 travers&hellip;\n","protected":false},"author":2,"featured_media":549662,"comment_status":"","ping_status":"","sticky":false,"template":"","format":"standard","meta":{"footnotes":""},"categories":[9566],"tags":[1111,11,2430,4406,130,1687,112,1777,674,1011,27,2731,108,2089,12,25],"class_list":{"0":"post-549661","1":"post","2":"type-post","3":"status-publish","4":"format-standard","5":"has-post-thumbnail","7":"category-grenoble","8":"tag-actu","9":"tag-actualites","10":"tag-auvergne-rhone-alpes","11":"tag-commerce-et-services","12":"tag-consommation","13":"tag-culture-loisirs","14":"tag-edition-grenoble-agglomeration","15":"tag-eu","16":"tag-europe","17":"tag-fr","18":"tag-france","19":"tag-grenoble","20":"tag-isere","21":"tag-marche","22":"tag-news","23":"tag-republique-francaise"},"share_on_mastodon":{"url":"https:\/\/pubeurope.com\/@fr\/115589170172355698","error":""},"_links":{"self":[{"href":"https:\/\/www.europesays.com\/fr\/wp-json\/wp\/v2\/posts\/549661","targetHints":{"allow":["GET"]}}],"collection":[{"href":"https:\/\/www.europesays.com\/fr\/wp-json\/wp\/v2\/posts"}],"about":[{"href":"https:\/\/www.europesays.com\/fr\/wp-json\/wp\/v2\/types\/post"}],"author":[{"embeddable":true,"href":"https:\/\/www.europesays.com\/fr\/wp-json\/wp\/v2\/users\/2"}],"replies":[{"embeddable":true,"href":"https:\/\/www.europesays.com\/fr\/wp-json\/wp\/v2\/comments?post=549661"}],"version-history":[{"count":0,"href":"https:\/\/www.europesays.com\/fr\/wp-json\/wp\/v2\/posts\/549661\/revisions"}],"wp:featuredmedia":[{"embeddable":true,"href":"https:\/\/www.europesays.com\/fr\/wp-json\/wp\/v2\/media\/549662"}],"wp:attachment":[{"href":"https:\/\/www.europesays.com\/fr\/wp-json\/wp\/v2\/media?parent=549661"}],"wp:term":[{"taxonomy":"category","embeddable":true,"href":"https:\/\/www.europesays.com\/fr\/wp-json\/wp\/v2\/categories?post=549661"},{"taxonomy":"post_tag","embeddable":true,"href":"https:\/\/www.europesays.com\/fr\/wp-json\/wp\/v2\/tags?post=549661"}],"curies":[{"name":"wp","href":"https:\/\/api.w.org\/{rel}","templated":true}]}}