{"id":549671,"date":"2025-11-21T18:52:21","date_gmt":"2025-11-21T18:52:21","guid":{"rendered":"https:\/\/www.europesays.com\/fr\/549671\/"},"modified":"2025-11-21T18:52:21","modified_gmt":"2025-11-21T18:52:21","slug":"en-plein-conflit-social-departs-et-arret-de-travail-a-la-direction-de-transdev","status":"publish","type":"post","link":"https:\/\/www.europesays.com\/fr\/549671\/","title":{"rendered":"en plein conflit social, d\u00e9parts et arr\u00eat de travail \u00e0 la direction de Transdev"},"content":{"rendered":"<p>La directrice g\u00e9n\u00e9rale adjointe de Transdev RSI, Sandrine Trojani, quitte ainsi la compagnie, et la responsable des ressources humaines rejoint \u00ab\u00a0la direction ferroviaire\u00a0\u00bb au si\u00e8ge de Transdev. Quant au patron, <a href=\"https:\/\/www.laprovence.com\/article\/region\/81541476800013\/face-aux-polemiques-le-patron-de-transdev-rail-sud-reagit-dans-le-ferroviaire-il-y-a-forcement-des-perturbations\" target=\"_blank\" rel=\"noopener\">Gwendal Gicquel<\/a>, il est actuellement en arr\u00eat de travail. \u00ab\u00a0Les bruits de couloir disent qu\u2019il ne reviendra pas\u00a0\u00bb, soufflent des sources internes.<\/p>\n<p>Des retards, incidents et une gr\u00e8ve depuis 5 mois<\/p>\n<p>Depuis cette date, les d\u00e9boires s\u2019accumulent. En ao\u00fbt, nous r\u00e9v\u00e9lions que la ponctualit\u00e9 de Transdev \u00e9tait de 84% toutes causes confondues, voire 75% selon nos calculs. Loin des 97% promus par la R\u00e9gion Provence-Alpes-C\u00f4te d&rsquo;Azur.<\/p>\n<p>Des incidents se sont multipli\u00e9s, avec le franchissement d\u2019au moins un \u00ab\u00a0feu rouge\u00a0\u00bb ferroviaire, ou encore, le 1er novembre, la suppression du train Marseille-Nice de 21\u00a0h\u00a057,&#8230;<\/p>\n","protected":false},"excerpt":{"rendered":"La directrice g\u00e9n\u00e9rale adjointe de Transdev RSI, Sandrine Trojani, quitte ainsi la compagnie, et la responsable des ressources&hellip;\n","protected":false},"author":2,"featured_media":549672,"comment_status":"","ping_status":"","sticky":false,"template":"","format":"standard","meta":{"footnotes":""},"categories":[2819],"tags":[17,1111,11,2120,16162,1777,674,1011,27,3052,21723,12,2401,11388,882,25,801,104,6472],"class_list":{"0":"post-549671","1":"post","2":"type-post","3":"status-publish","4":"format-standard","5":"has-post-thumbnail","7":"category-nice","8":"tag-17","9":"tag-actu","10":"tag-actualites","11":"tag-conflit","12":"tag-departs","13":"tag-eu","14":"tag-europe","15":"tag-fr","16":"tag-france","17":"tag-ligne","18":"tag-marseille-nice","19":"tag-news","20":"tag-nice","21":"tag-plein","22":"tag-provence-alpes-cote-dazur","23":"tag-republique-francaise","24":"tag-social","25":"tag-societe","26":"tag-ter"},"share_on_mastodon":{"url":"https:\/\/pubeurope.com\/@fr\/115589201472625276","error":""},"_links":{"self":[{"href":"https:\/\/www.europesays.com\/fr\/wp-json\/wp\/v2\/posts\/549671","targetHints":{"allow":["GET"]}}],"collection":[{"href":"https:\/\/www.europesays.com\/fr\/wp-json\/wp\/v2\/posts"}],"about":[{"href":"https:\/\/www.europesays.com\/fr\/wp-json\/wp\/v2\/types\/post"}],"author":[{"embeddable":true,"href":"https:\/\/www.europesays.com\/fr\/wp-json\/wp\/v2\/users\/2"}],"replies":[{"embeddable":true,"href":"https:\/\/www.europesays.com\/fr\/wp-json\/wp\/v2\/comments?post=549671"}],"version-history":[{"count":0,"href":"https:\/\/www.europesays.com\/fr\/wp-json\/wp\/v2\/posts\/549671\/revisions"}],"wp:featuredmedia":[{"embeddable":true,"href":"https:\/\/www.europesays.com\/fr\/wp-json\/wp\/v2\/media\/549672"}],"wp:attachment":[{"href":"https:\/\/www.europesays.com\/fr\/wp-json\/wp\/v2\/media?parent=549671"}],"wp:term":[{"taxonomy":"category","embeddable":true,"href":"https:\/\/www.europesays.com\/fr\/wp-json\/wp\/v2\/categories?post=549671"},{"taxonomy":"post_tag","embeddable":true,"href":"https:\/\/www.europesays.com\/fr\/wp-json\/wp\/v2\/tags?post=549671"}],"curies":[{"name":"wp","href":"https:\/\/api.w.org\/{rel}","templated":true}]}}