{"id":549675,"date":"2025-11-21T18:55:27","date_gmt":"2025-11-21T18:55:27","guid":{"rendered":"https:\/\/www.europesays.com\/fr\/549675\/"},"modified":"2025-11-21T18:55:27","modified_gmt":"2025-11-21T18:55:27","slug":"degagement-de-fumees-dans-une-micro-creche-trois-jeunes-enfants-pris-en-charge-en","status":"publish","type":"post","link":"https:\/\/www.europesays.com\/fr\/549675\/","title":{"rendered":"D\u00e9gagement de fum\u00e9es dans une micro-cr\u00e8che\u00a0: trois jeunes enfants pris en charge en"},"content":{"rendered":"<p>D\u2019inqui\u00e9tantes fum\u00e9es se sont \u00e9chapp\u00e9es dans une micro-cr\u00e8che, \u00e0 <a href=\"https:\/\/nantes.maville.com\/pays-de-la-loire\/loire-atlantique\/petit-mars\/\" target=\"_blank\" rel=\"noopener\">Petit-Mars<\/a> ce vendredi matin 21\u00a0novembre, vers 8\u00a0h\u00a030.<\/p>\n<p>Par s\u00e9curit\u00e9, six engins et quinze sapeurs-pompiers ont \u00e9t\u00e9 envoy\u00e9s sur les lieux, rue Fran\u00e7ois-Rortais.<\/p>\n<p>Un dysfonctionnement de s\u00e8che-linge<\/p>\n<p>Les secours ont pris en charge quatre personnes incommod\u00e9es par les fum\u00e9es\u00a0: une jeune femme de 25\u00a0ans et trois b\u00e9b\u00e9s, \u00e2g\u00e9s de un an. Tous ont \u00e9t\u00e9 transport\u00e9s au CHU de Nantes, et notamment aux urgences p\u00e9diatriques.<\/p>\n<p>Un dysfonctionnement de s\u00e8che-linge serait l\u2019origine de ce d\u00e9gagement, selon les informations transmises par le Service d\u00e9partemental d\u2019incendie et de secours de Loire-Atlantique (SDIS 44).<\/p>\n<p>La gendarmerie et un \u00e9lu se sont \u00e9galement rendus sur place.<\/p>\n<p>\u00a0<\/p>\n","protected":false},"excerpt":{"rendered":"D\u2019inqui\u00e9tantes fum\u00e9es se sont \u00e9chapp\u00e9es dans une micro-cr\u00e8che, \u00e0 Petit-Mars ce vendredi matin 21\u00a0novembre, vers 8\u00a0h\u00a030. Par s\u00e9curit\u00e9,&hellip;\n","protected":false},"author":2,"featured_media":549676,"comment_status":"","ping_status":"","sticky":false,"template":"","format":"standard","meta":{"footnotes":""},"categories":[2818],"tags":[1111,11,17070,53677,1719,1777,674,1011,27,25905,4074,3047,66710,766,12,2636,17907,25],"class_list":{"0":"post-549675","1":"post","2":"type-post","3":"status-publish","4":"format-standard","5":"has-post-thumbnail","7":"category-nantes","8":"tag-actu","9":"tag-actualites","10":"tag-charge","11":"tag-degagement","12":"tag-enfants","13":"tag-eu","14":"tag-europe","15":"tag-fr","16":"tag-france","17":"tag-fumees","18":"tag-jeunes","19":"tag-loire-atlantique","20":"tag-micro-creche","21":"tag-nantes","22":"tag-news","23":"tag-pays-de-la-loire","24":"tag-pris","25":"tag-republique-francaise"},"share_on_mastodon":{"url":"https:\/\/pubeurope.com\/@fr\/115589213421672702","error":""},"_links":{"self":[{"href":"https:\/\/www.europesays.com\/fr\/wp-json\/wp\/v2\/posts\/549675","targetHints":{"allow":["GET"]}}],"collection":[{"href":"https:\/\/www.europesays.com\/fr\/wp-json\/wp\/v2\/posts"}],"about":[{"href":"https:\/\/www.europesays.com\/fr\/wp-json\/wp\/v2\/types\/post"}],"author":[{"embeddable":true,"href":"https:\/\/www.europesays.com\/fr\/wp-json\/wp\/v2\/users\/2"}],"replies":[{"embeddable":true,"href":"https:\/\/www.europesays.com\/fr\/wp-json\/wp\/v2\/comments?post=549675"}],"version-history":[{"count":0,"href":"https:\/\/www.europesays.com\/fr\/wp-json\/wp\/v2\/posts\/549675\/revisions"}],"wp:featuredmedia":[{"embeddable":true,"href":"https:\/\/www.europesays.com\/fr\/wp-json\/wp\/v2\/media\/549676"}],"wp:attachment":[{"href":"https:\/\/www.europesays.com\/fr\/wp-json\/wp\/v2\/media?parent=549675"}],"wp:term":[{"taxonomy":"category","embeddable":true,"href":"https:\/\/www.europesays.com\/fr\/wp-json\/wp\/v2\/categories?post=549675"},{"taxonomy":"post_tag","embeddable":true,"href":"https:\/\/www.europesays.com\/fr\/wp-json\/wp\/v2\/tags?post=549675"}],"curies":[{"name":"wp","href":"https:\/\/api.w.org\/{rel}","templated":true}]}}