{"id":549711,"date":"2025-11-21T19:18:14","date_gmt":"2025-11-21T19:18:14","guid":{"rendered":"https:\/\/www.europesays.com\/fr\/549711\/"},"modified":"2025-11-21T19:18:14","modified_gmt":"2025-11-21T19:18:14","slug":"equipe-de-france-les-bleus-en-tournee-en-mars-aux-etats-unis-pour-affronter-le-bresil-et-la-colombie","status":"publish","type":"post","link":"https:\/\/www.europesays.com\/fr\/549711\/","title":{"rendered":"\u00c9quipe de France\u00a0: les Bleus en tourn\u00e9e en mars aux Etats-Unis pour affronter le Br\u00e9sil et la Colombie"},"content":{"rendered":"<p class=\"paragraph text_align_left lp-f-body-02\">Les affiches sont all\u00e9chantes m\u00eame si le timing va peut-\u00eatre faire tousser les clubs des joueurs de <a href=\"https:\/\/www.leparisien.fr\/sports\/football\/equipe-de-france\/\" target=\"_blank\" rel=\"noreferrer noopener\">l\u2019\u00e9quipe de France. <\/a>Qualifi\u00e9s pour le <a href=\"https:\/\/www.leparisien.fr\/sports\/football\/coupe-du-monde\/\" target=\"_blank\" rel=\"noreferrer noopener\">Mondial 2026 <\/a>aux \u00c9tats-Unis, Canada et Mexique, les Bleus devraient affronter la Colombie et le Br\u00e9sil en mars prochain lors de la fen\u00eatre internationale du 23 au 31. Ils se rendront sur le territoire am\u00e9ricain avec l\u2019objectif de se faire au mieux une id\u00e9e du d\u00e9calage horaire et de la temp\u00e9rature, m\u00eame si la Coupe du monde a lieu trois mois plus tard.<\/p>\n<p class=\"paragraph text_align_left lp-f-body-02\">Les hommes de<a href=\"https:\/\/www.leparisien.fr\/sports\/football\/didier-deschamps\/\" target=\"_blank\" rel=\"noreferrer noopener\"> Didier Deschamps <\/a>seraient d\u2019abord oppos\u00e9s \u00e0 Miami, en Floride, \u00e0 la Colombie, 3e des \u00e9liminatoires de la zone Amsud, avant d\u2019affronter le Br\u00e9sil de Carlo Ancelotti, quintuples champions du monde, \u00e0 Boston (Massachusetts). Une belle mise en bouche donc avant le Mondial. Toutefois, rien ne sera act\u00e9 avant le tirage au sort de la Coupe du monde le 5 d\u00e9cembre. Si la France et le Br\u00e9sil n\u2019ont aucune chance de se retrouver dans le m\u00eame groupe car ils sont t\u00eates de s\u00e9rie, les Bleus pourraient tomber dans la m\u00eame poule que celle de la Colombie. Et si c\u2019\u00e9tait le cas, l\u2019une des deux \u00e9quipes pourrait avoir l\u2019id\u00e9e d\u2019annuler le match.<\/p>\n<p>\u00ab Une bonne occasion de fouler le territoire avec deux adversaires de prestige \u00bb<\/p>\n<p class=\"paragraph text_align_left lp-f-body-02\">\u00ab Les documents ne sont pas sign\u00e9s mais l\u2019affaire est en bonne voie pour pouvoir respirer l\u2019air am\u00e9ricain au mois de mars, annonce <a href=\"https:\/\/www.leparisien.fr\/sports\/football\/equipe-de-france\/une-forme-de-harcelement-sur-sa-vie-privee-le-president-de-la-fff-defend-kylian-mbappe-apres-son-voyage-a-dubai-19-11-2025-IIMTSJPP6BD7XEON6EJXGNYY34.php\" target=\"_blank\" rel=\"noreferrer noopener\">Philippe Diallo,<\/a> le pr\u00e9sident de la FFF. Comme la Coupe du monde se d\u00e9roule aux \u00c9tats-Unis, c\u2019est une bonne occasion de fouler le territoire avec deux adversaires de prestige. \u00bb <\/p>\n<p class=\"paragraph text_align_left lp-f-body-02\">Pas s\u00fbr que les clubs fran\u00e7ais et \u00e9trangers comptant des joueurs au sein des Bleus soient du m\u00eame avis avec un voyage de 7 heures entre la France et les \u00c9tats-Unis plus 5 de d\u00e9calage horaire. En outre, la date des deux rencontres se situe une semaine apr\u00e8s les 8es de finale retour de la Ligue des champions et une semaine avant les quarts de finale aller.<\/p>\n","protected":false},"excerpt":{"rendered":"Les affiches sont all\u00e9chantes m\u00eame si le timing va peut-\u00eatre faire tousser les clubs des joueurs de l\u2019\u00e9quipe&hellip;\n","protected":false},"author":2,"featured_media":549712,"comment_status":"","ping_status":"","sticky":false,"template":"","format":"standard","meta":{"footnotes":""},"categories":[1589],"tags":[11,27345,73,1866,63,12,60,1864,1865,1863,308],"class_list":{"0":"post-549711","1":"post","2":"type-post","3":"status-publish","4":"format-standard","5":"has-post-thumbnail","7":"category-etats-unis","8":"tag-actualites","9":"tag-equipe_france_foot","10":"tag-etats-unis","11":"tag-etats-unis-damerique","12":"tag-football","13":"tag-news","14":"tag-sports","15":"tag-united-states","16":"tag-united-states-of-america","17":"tag-us","18":"tag-usa"},"share_on_mastodon":{"url":"https:\/\/pubeurope.com\/@fr\/115589303824504236","error":""},"_links":{"self":[{"href":"https:\/\/www.europesays.com\/fr\/wp-json\/wp\/v2\/posts\/549711","targetHints":{"allow":["GET"]}}],"collection":[{"href":"https:\/\/www.europesays.com\/fr\/wp-json\/wp\/v2\/posts"}],"about":[{"href":"https:\/\/www.europesays.com\/fr\/wp-json\/wp\/v2\/types\/post"}],"author":[{"embeddable":true,"href":"https:\/\/www.europesays.com\/fr\/wp-json\/wp\/v2\/users\/2"}],"replies":[{"embeddable":true,"href":"https:\/\/www.europesays.com\/fr\/wp-json\/wp\/v2\/comments?post=549711"}],"version-history":[{"count":0,"href":"https:\/\/www.europesays.com\/fr\/wp-json\/wp\/v2\/posts\/549711\/revisions"}],"wp:featuredmedia":[{"embeddable":true,"href":"https:\/\/www.europesays.com\/fr\/wp-json\/wp\/v2\/media\/549712"}],"wp:attachment":[{"href":"https:\/\/www.europesays.com\/fr\/wp-json\/wp\/v2\/media?parent=549711"}],"wp:term":[{"taxonomy":"category","embeddable":true,"href":"https:\/\/www.europesays.com\/fr\/wp-json\/wp\/v2\/categories?post=549711"},{"taxonomy":"post_tag","embeddable":true,"href":"https:\/\/www.europesays.com\/fr\/wp-json\/wp\/v2\/tags?post=549711"}],"curies":[{"name":"wp","href":"https:\/\/api.w.org\/{rel}","templated":true}]}}