{"id":549715,"date":"2025-11-21T19:21:17","date_gmt":"2025-11-21T19:21:17","guid":{"rendered":"https:\/\/www.europesays.com\/fr\/549715\/"},"modified":"2025-11-21T19:21:17","modified_gmt":"2025-11-21T19:21:17","slug":"tennis-coupe-davis-espagne-allemagne-ce-samedi-22-novembre-horaires-et-diffusion-tv","status":"publish","type":"post","link":"https:\/\/www.europesays.com\/fr\/549715\/","title":{"rendered":"Tennis. Coupe Davis &#8211; Espagne-Allemagne ce samedi 22 novembre : horaires et diffusion TV"},"content":{"rendered":"<p>La deuxi\u00e8me demi-finale de la <a href=\"https:\/\/www.tennisactu.net\/..\/\" target=\"_blank\" rel=\"noopener\"><strong>Coupe Davis<\/strong> <\/a>opposera <strong>l&rsquo;Espagne <\/strong>\u00e0 <strong>l&rsquo;Allemagne<\/strong>, ce samedi 22 novembre, du c\u00f4t\u00e9 de <strong>Bologne <\/strong>et\u00a0\u00e0 partir de 12 heures. D&rsquo;un c\u00f4t\u00e9,\u00a0<strong>l&rsquo;Espagne <\/strong>pourrait retrouver la finale pour la premi\u00e8re fois depuis l&rsquo;\u00e9dition 2019, pendant que <strong>l&rsquo;Allemagne <\/strong>va chercher \u00e0 mettre fin \u00e0 une disette longue de plus de 30 ans en cas de sacre.\u00a0<\/p>\n<p>Vid\u00e9o &#8211; Alexander Zverev sur le nouveau format de la Coupe Davis Lire la suite de l&rsquo;article&#13;<\/p>\n<p>\u00a0<\/p>\n<p>&#13;<br \/>\nL&rsquo;Espagne priv\u00e9e de son roi&#13;<\/p>\n<p>Priv\u00e9e du num\u00e9ro un mondial, <strong>Carlos Alcaraz<\/strong>, <strong>l&rsquo;Espagne <\/strong>a d\u00fb batailler pour se d\u00e9faire de la <strong>R\u00e9publique tch\u00e8que<\/strong> lors de son entr\u00e9e en lice. Pour autant, <strong>David Ferrer<\/strong> et ses hommes, notamment <strong><a href=\"https:\/\/www.tennisactu.net\/..\/news-coupe-davis-jaume-munar-avec-ou-sans-alcaraz-j-ai-pleinement-confiance-120388.html\" target=\"_blank\" rel=\"noopener\">Jaume Munar<\/a>,<\/strong> n&rsquo;ont pas manqu\u00e9 de souligner leur alchimie suite \u00e0 leur succ\u00e8s. En face, <strong>l&rsquo;Allemagne <\/strong>pourra bien compter sur sa t\u00eate d&rsquo;affiche. Malgr\u00e9 de vives critiques sur le format actuel ou l&rsquo;ambiance durant les rencontres, <strong><a href=\"https:\/\/www.tennisactu.net\/..\/news-coupe-davis-alexander-zverev-a-deplore-les-tribunes-vides-pendant-son-quart-120395.html\" target=\"_blank\" rel=\"noopener\">Alexander Zverev<\/a> <\/strong>sera bien de la partie pour tenter de porter sa nation jusqu&rsquo;au sacre, potentiellement le premier depuis l&rsquo;\u00e9dition 1993. Une date qui correspond \u00e9galement \u00e0 leur derni\u00e8re apparition en finale.\u00a0<\/p>\n<p>&#13;<\/p>\n<p>\u00a0<\/p>\n<p>&#13;<br \/>\nO\u00f9 suivre et quand regarder la Coupe Davis ce samedi 22 novembre ?&#13;<\/p>\n<p>La demi-finale\u00a0<strong>Italie-Belgique<\/strong>\u00a0sera diffus\u00e9e int\u00e9gralement en direct sur\u00a0<strong>beIN SPORTS 3<\/strong>\u00a0d\u00e8s 12h ce vendredi 21 novembre.<\/p>\n<p>&#13;<\/p>\n<p>\u00a0<\/p>\n<p>&#13;<br \/>\nProgramme du Final 8\u00a0&#13;<\/p>\n<p><strong>Quarts de finale<\/strong><\/p>\n<p>&#13;<\/p>\n<ul>&#13;<\/p>\n<li>&#13;\n<p>Mardi 18 novembre (16h00) :\u00a0<strong>France \u2013 Belgique 0-2<\/strong><\/p>\n<p>&#13;\n<\/li>\n<p>&#13;<\/p>\n<li>&#13;\n<p>Mercredi 19 novembre (16h00) :\u00a0<strong>Italie \u2013 Autriche 2-0<\/strong><\/p>\n<p>&#13;\n<\/li>\n<p>&#13;<\/p>\n<li>&#13;\n<p>Jeudi 20 novembre (10h00) :\u00a0<strong>Espagne \u2013 Tch\u00e9quie 2-1<\/strong><\/p>\n<p>&#13;\n<\/li>\n<p>&#13;<\/p>\n<li>&#13;\n<p>Jeudi 20 novembre (pas avant 17h00) :\u00a0<strong>Argentine \u2013 Allemagne<\/strong><\/p>\n<p>&#13;\n<\/li>\n<p>&#13;\n<\/ul>\n<p>&#13;<\/p>\n<p><strong>Demi-finales<\/strong><\/p>\n<p>&#13;<br \/>\n&#13;<\/p>\n<p><strong>Finale<\/strong><\/p>\n<p>&#13;<br \/>\n&#13;<\/p>\n<p>\u00a0<\/p>\n<p>&#13;<br \/>\nLes effectifs du Final 8&#13;<\/p>\n<p><strong>ARGENTINE<\/strong><\/p>\n<p>&#13;<\/p>\n<p><strong>Joueurs :<\/strong><\/p>\n<p>&#13;<br \/>\n&#13;<\/p>\n<p><strong>Capitaine :<\/strong>\u00a0Javier Frana<\/p>\n<p>&#13;<\/p>\n<p>\u00a0<\/p>\n<p>&#13;<\/p>\n<p><strong>BELGIQUE<\/strong><\/p>\n<p>&#13;<\/p>\n<p><strong>Joueurs :<\/strong><\/p>\n<p>&#13;<\/p>\n<ul>&#13;<\/p>\n<li>&#13;\n<p>Zizou Bergs<\/p>\n<p>&#13;\n<\/li>\n<p>&#13;<\/p>\n<li>&#13;\n<p>Rapha\u00ebl Collignon<\/p>\n<p>&#13;\n<\/li>\n<p>&#13;<\/p>\n<li>&#13;\n<p>Alexander Blockx<\/p>\n<p>&#13;\n<\/li>\n<p>&#13;<\/p>\n<li>&#13;\n<p>Sander Gille<\/p>\n<p>&#13;\n<\/li>\n<p>&#13;<\/p>\n<li>&#13;\n<p>Joran Vliegen<\/p>\n<p>&#13;\n<\/li>\n<p>&#13;\n<\/ul>\n<p>&#13;<\/p>\n<p><strong>Capitaine :<\/strong>\u00a0Steve Darcis<\/p>\n<p>&#13;<\/p>\n<p>\u00a0<\/p>\n<p>&#13;<\/p>\n<p><strong>ALLEMAGNE<\/strong><\/p>\n<p>&#13;<\/p>\n<p><strong>Joueurs :<\/strong><\/p>\n<p>&#13;<\/p>\n<ul>&#13;<\/p>\n<li>&#13;\n<p>Alexander Zverev<\/p>\n<p>&#13;\n<\/li>\n<p>&#13;<\/p>\n<li>&#13;\n<p>Jan-Lennard Struff<\/p>\n<p>&#13;\n<\/li>\n<p>&#13;<\/p>\n<li>&#13;\n<p>Yannick Hanfmann<\/p>\n<p>&#13;\n<\/li>\n<p>&#13;<\/p>\n<li>&#13;\n<p>Kevin Krawietz<\/p>\n<p>&#13;\n<\/li>\n<p>&#13;<\/p>\n<li>&#13;\n<p>Tim Puetz<\/p>\n<p>&#13;\n<\/li>\n<p>&#13;\n<\/ul>\n<p>&#13;<\/p>\n<p><strong>Capitaine :<\/strong>\u00a0Michael Kohlmann<\/p>\n<p>&#13;<\/p>\n<p>\u00a0<\/p>\n<p>&#13;<\/p>\n<p><strong>ITALIE<\/strong><\/p>\n<p>&#13;<\/p>\n<p><strong>Joueurs :<\/strong><\/p>\n<p>&#13;<\/p>\n<ul>&#13;<\/p>\n<li>&#13;\n<p>Flavio Cobolli<\/p>\n<p>&#13;\n<\/li>\n<p>&#13;<\/p>\n<li>&#13;\n<p>Lorenzo Sonego<\/p>\n<p>&#13;\n<\/li>\n<p>&#13;<\/p>\n<li>&#13;\n<p>Matteo Berrettini<\/p>\n<p>&#13;\n<\/li>\n<p>&#13;<\/p>\n<li>&#13;\n<p>Andrea Vavassori<\/p>\n<p>&#13;\n<\/li>\n<p>&#13;<\/p>\n<li>&#13;\n<p>Simone Bolelli<\/p>\n<p>&#13;\n<\/li>\n<p>&#13;\n<\/ul>\n<p>&#13;<\/p>\n<p><strong>Capitaine :<\/strong>\u00a0Filippo Volandri<\/p>\n<p>&#13;<\/p>\n<p>\u00a0<\/p>\n<p>&#13;<\/p>\n<p><strong>ESPAGNE<\/strong><\/p>\n<p>&#13;<\/p>\n<p><strong>Joueurs :<\/strong><\/p>\n<p>&#13;<\/p>\n<ul>&#13;<\/p>\n<li>&#13;\n<p>Carlos Alcaraz<\/p>\n<p>&#13;\n<\/li>\n<p>&#13;<\/p>\n<li>&#13;\n<p>Jaume Munar<\/p>\n<p>&#13;\n<\/li>\n<p>&#13;<\/p>\n<li>&#13;\n<p>Pablo Carre\u00f1o Busta<\/p>\n<p>&#13;\n<\/li>\n<p>&#13;<\/p>\n<li>&#13;\n<p>Pedro Mart\u00ednez<\/p>\n<p>&#13;\n<\/li>\n<p>&#13;<\/p>\n<li>&#13;\n<p>Marcel Granollers<\/p>\n<p>&#13;\n<\/li>\n<p>&#13;\n<\/ul>\n<p>&#13;<\/p>\n<p><strong>Capitaine :<\/strong>\u00a0David Ferrer<\/p>\n<p>&#13;<\/p>\n<p>\u00a0<\/p>\n<p>&#13;<br \/>\nPrize money par \u00e9quipe (ne prend pas en compte les primes vers\u00e9es par les f\u00e9d\u00e9rations)&#13;<\/p>\n<ul>&#13;<\/p>\n<li>&#13;\n<p><strong>Champions du monde :<\/strong>\u00a02 000 000 $<\/p>\n<p>&#13;\n<\/li>\n<p>&#13;<\/p>\n<li>&#13;\n<p><strong>Finalistes :<\/strong>\u00a01 500 000 $<\/p>\n<p>&#13;\n<\/li>\n<p>&#13;<\/p>\n<li>&#13;\n<p><strong>Demi-finalistes :<\/strong>\u00a0750 000 $<\/p>\n<p>&#13;\n<\/li>\n<p>&#13;<\/p>\n<li>&#13;\n<p><strong>Quarts de finalistes :<\/strong>\u00a0500 000 $<\/p>\n<p>&#13;\n<\/li>\n<p>&#13;\n<\/ul>\n","protected":false},"excerpt":{"rendered":"La deuxi\u00e8me demi-finale de la Coupe Davis opposera l&rsquo;Espagne \u00e0 l&rsquo;Allemagne, ce samedi 22 novembre, du c\u00f4t\u00e9 de&hellip;\n","protected":false},"author":2,"featured_media":549716,"comment_status":"","ping_status":"","sticky":false,"template":"","format":"standard","meta":{"footnotes":""},"categories":[1587],"tags":[47,11,672,4169,1804,4178,1805,1803,1777,674,1801,955,12,1802,1467,4170],"class_list":{"0":"post-549715","1":"post","2":"type-post","3":"status-publish","4":"format-standard","5":"has-post-thumbnail","7":"category-allemagne","8":"tag-actualite","9":"tag-actualites","10":"tag-allemagne","11":"tag-atp","12":"tag-bundesrepublik-deutschland","13":"tag-coupe-davis","14":"tag-de","15":"tag-deutschland","16":"tag-eu","17":"tag-europe","18":"tag-germany","19":"tag-match","20":"tag-news","21":"tag-republique-federale-dallemagne","22":"tag-tennis","23":"tag-wta"},"share_on_mastodon":{"url":"https:\/\/pubeurope.com\/@fr\/115589315623319369","error":""},"_links":{"self":[{"href":"https:\/\/www.europesays.com\/fr\/wp-json\/wp\/v2\/posts\/549715","targetHints":{"allow":["GET"]}}],"collection":[{"href":"https:\/\/www.europesays.com\/fr\/wp-json\/wp\/v2\/posts"}],"about":[{"href":"https:\/\/www.europesays.com\/fr\/wp-json\/wp\/v2\/types\/post"}],"author":[{"embeddable":true,"href":"https:\/\/www.europesays.com\/fr\/wp-json\/wp\/v2\/users\/2"}],"replies":[{"embeddable":true,"href":"https:\/\/www.europesays.com\/fr\/wp-json\/wp\/v2\/comments?post=549715"}],"version-history":[{"count":0,"href":"https:\/\/www.europesays.com\/fr\/wp-json\/wp\/v2\/posts\/549715\/revisions"}],"wp:featuredmedia":[{"embeddable":true,"href":"https:\/\/www.europesays.com\/fr\/wp-json\/wp\/v2\/media\/549716"}],"wp:attachment":[{"href":"https:\/\/www.europesays.com\/fr\/wp-json\/wp\/v2\/media?parent=549715"}],"wp:term":[{"taxonomy":"category","embeddable":true,"href":"https:\/\/www.europesays.com\/fr\/wp-json\/wp\/v2\/categories?post=549715"},{"taxonomy":"post_tag","embeddable":true,"href":"https:\/\/www.europesays.com\/fr\/wp-json\/wp\/v2\/tags?post=549715"}],"curies":[{"name":"wp","href":"https:\/\/api.w.org\/{rel}","templated":true}]}}