{"id":549719,"date":"2025-11-21T19:23:14","date_gmt":"2025-11-21T19:23:14","guid":{"rendered":"https:\/\/www.europesays.com\/fr\/549719\/"},"modified":"2025-11-21T19:23:14","modified_gmt":"2025-11-21T19:23:14","slug":"lue-lance-une-procedure-dinfraction-contre-la-slovaquie-pour-des-changements-constitutionnels-lexpress","status":"publish","type":"post","link":"https:\/\/www.europesays.com\/fr\/549719\/","title":{"rendered":"L&rsquo;UE lance une proc\u00e9dure d&rsquo;infraction contre la Slovaquie pour des changements constitutionnels \u2013 L&rsquo;Express"},"content":{"rendered":"<p class=\"paragraph article-body-paragraph article__item   article-body-paragraph--first \">La Commission europ\u00e9enne a annonc\u00e9 vendredi 21 novembre lancer une proc\u00e9dure d&rsquo;infraction contre la <a href=\"https:\/\/www.lexpress.fr\/monde\/europe\/otan-la-slovaquie-pourrait-elle-quitter-lalliance-atlantique-NFB7O5CBGREM3JAF375FES5X3A\/\" target=\"_self\" rel=\"nofollow noopener\" title=\"https:\/\/www.lexpress.fr\/monde\/europe\/otan-la-slovaquie-pourrait-elle-quitter-lalliance-atlantique-NFB7O5CBGREM3JAF375FES5X3A\/\">Slovaquie<\/a> apr\u00e8s des changements constitutionnels visant \u00e0 faire primer le droit national sur le droit europ\u00e9en.<\/p>\n<p class=\"paragraph article-body-paragraph article__item   \">Adopt\u00e9s en septembre, ces amendements stipulent entre autres que \u00ab\u00a0la Slovaquie conserve sa souverainet\u00e9 en mati\u00e8re d&rsquo;identit\u00e9 nationale (&#8230;), de sant\u00e9, de science, d&rsquo;\u00e9ducation\u00a0\u00bb ou \u00ab\u00a0d&rsquo;\u00e9tat civil\u00a0\u00bb et restreignent les droits des couples de m\u00eame sexe. Autant de modifications qui avaient \u00e9t\u00e9 pr\u00e9sent\u00e9es comme une \u00ab\u00a0\u00e9tape historique\u00a0\u00bb pour le Premier ministre nationaliste, <a href=\"https:\/\/www.lexpress.fr\/monde\/europe\/slovaquie-robert-fico-le-nouvel-homme-fort-du-pays-qui-prepare-un-virage-pro-russe-UHK24VN5XRBWXBHCY6INWE4L2Q\/\" target=\"_self\" rel=\"nofollow noopener\" title=\"https:\/\/www.lexpress.fr\/monde\/europe\/slovaquie-robert-fico-le-nouvel-homme-fort-du-pays-qui-prepare-un-virage-pro-russe-UHK24VN5XRBWXBHCY6INWE4L2Q\/\">Robert Fico<\/a>. Mais la Commission les juge contraires \u00ab\u00a0au principe de primaut\u00e9 du droit europ\u00e9en\u00a0\u00bb.<\/p>\n<p>Robert Fico n&rsquo;envisage pas de modifier l&rsquo;amendement<\/p>\n<p class=\"paragraph article-body-paragraph article__item   \">L&rsquo;ex\u00e9cutif europ\u00e9en assure avoir fait part de ses pr\u00e9occupations aupr\u00e8s de autorit\u00e9s slovaques \u00ab\u00a0avant l&rsquo;adoption des amendements\u00a0\u00bb et regrette qu&rsquo;elles \u00ab\u00a0n&rsquo;aient pas \u00e9t\u00e9 prises en compte\u00a0\u00bb.<\/p>\n<p><strong class=\"article-body-link-list__item text-gray-800 article-body-link-list__item--one-item\">LIRE AUSSI : <a class=\"article-body-link-list__item-link\" href=\"https:\/\/www.lexpress.fr\/monde\/europe\/la-democratie-liberale-est-un-accident-de-lhistoire-lanalyse-decapante-divan-krastev-V2L362BRNZAVTFJV2KXZ62G7JQ\/\" rel=\"nofollow noopener\" target=\"_blank\">\u00ab\u00a0En Europe, l\u2019extr\u00eame droite sera bient\u00f4t confront\u00e9e \u00e0 son probl\u00e8me majeur&#8230;\u00a0\u00bb : les pr\u00e9dictions d&rsquo;Ivan Krastev<\/a><\/strong><\/p>\n<p class=\"paragraph article-body-paragraph article__item   \">La <a href=\"https:\/\/www.lexpress.fr\/monde\/europe\/otan-la-slovaquie-pourrait-elle-quitter-lalliance-atlantique-NFB7O5CBGREM3JAF375FES5X3A\/\" target=\"_self\" rel=\"nofollow noopener\" title=\"https:\/\/www.lexpress.fr\/monde\/europe\/otan-la-slovaquie-pourrait-elle-quitter-lalliance-atlantique-NFB7O5CBGREM3JAF375FES5X3A\/\">Slovaquie<\/a> dispose d\u00e9sormais de deux mois pour r\u00e9pondre aux pr\u00e9occupations soulev\u00e9es par la <a href=\"https:\/\/www.lexpress.fr\/economie\/politique-economique\/dette-publique-la-commission-europeenne-suspend-le-deficit-excessif-de-la-france-BJORSL6XPVCSLFRXO2M2WX6TAQ\/\" target=\"_self\" rel=\"nofollow noopener\" title=\"https:\/\/www.lexpress.fr\/economie\/politique-economique\/dette-publique-la-commission-europeenne-suspend-le-deficit-excessif-de-la-france-BJORSL6XPVCSLFRXO2M2WX6TAQ\/\">Commission<\/a>, mais Robert Fico a d&rsquo;ores et d\u00e9j\u00e0 affirm\u00e9 vendredi qu&rsquo;il n&rsquo;envisageait pas de modifier l&rsquo;amendement. \u00ab\u00a0Je peux confirmer \u00e0 cent pour cent qu&rsquo;il n&rsquo;y aura aucun changement\u00a0\u00bb, a-t-il d\u00e9clar\u00e9 aux journalistes.<\/p>\n<p class=\"paragraph article-body-paragraph article__item    article__text__endpicto\">La Hongrie voisine de <a href=\"https:\/\/www.lexpress.fr\/monde\/europe\/viktor-orban-a-la-presidence-de-lue-la-voie-etroite-du-roi-de-la-provoc-FBBTCNFTHJACJEPHCSNOQXXKYI\/\" target=\"_self\" rel=\"nofollow noopener\" title=\"https:\/\/www.lexpress.fr\/monde\/europe\/viktor-orban-a-la-presidence-de-lue-la-voie-etroite-du-roi-de-la-provoc-FBBTCNFTHJACJEPHCSNOQXXKYI\/\">Viktor Orban<\/a> a adopt\u00e9 des mesures similaires et fait aussi l&rsquo;objet d&rsquo;une proc\u00e9dure d&rsquo;infraction de l&rsquo;Union europ\u00e9enne. Par le pass\u00e9, la primaut\u00e9 du droit europ\u00e9en avait d\u00e9j\u00e0 \u00e9t\u00e9 remise en cause en 2021 par la Pologne en violation des trait\u00e9s, selon Bruxelles.<\/p>\n","protected":false},"excerpt":{"rendered":"La Commission europ\u00e9enne a annonc\u00e9 vendredi 21 novembre lancer une proc\u00e9dure d&rsquo;infraction contre la Slovaquie apr\u00e8s des changements&hellip;\n","protected":false},"author":2,"featured_media":549720,"comment_status":"","ping_status":"","sticky":false,"template":"","format":"standard","meta":{"footnotes":""},"categories":[1586],"tags":[11,1777,674,1779,1011,27,74,12,25,1778,364],"class_list":{"0":"post-549719","1":"post","2":"type-post","3":"status-publish","4":"format-standard","5":"has-post-thumbnail","7":"category-europe","8":"tag-actualites","9":"tag-eu","10":"tag-europe","11":"tag-european-union","12":"tag-fr","13":"tag-france","14":"tag-monde","15":"tag-news","16":"tag-republique-francaise","17":"tag-ue","18":"tag-union-europeenne"},"share_on_mastodon":{"url":"https:\/\/pubeurope.com\/@fr\/115589323582721579","error":""},"_links":{"self":[{"href":"https:\/\/www.europesays.com\/fr\/wp-json\/wp\/v2\/posts\/549719","targetHints":{"allow":["GET"]}}],"collection":[{"href":"https:\/\/www.europesays.com\/fr\/wp-json\/wp\/v2\/posts"}],"about":[{"href":"https:\/\/www.europesays.com\/fr\/wp-json\/wp\/v2\/types\/post"}],"author":[{"embeddable":true,"href":"https:\/\/www.europesays.com\/fr\/wp-json\/wp\/v2\/users\/2"}],"replies":[{"embeddable":true,"href":"https:\/\/www.europesays.com\/fr\/wp-json\/wp\/v2\/comments?post=549719"}],"version-history":[{"count":0,"href":"https:\/\/www.europesays.com\/fr\/wp-json\/wp\/v2\/posts\/549719\/revisions"}],"wp:featuredmedia":[{"embeddable":true,"href":"https:\/\/www.europesays.com\/fr\/wp-json\/wp\/v2\/media\/549720"}],"wp:attachment":[{"href":"https:\/\/www.europesays.com\/fr\/wp-json\/wp\/v2\/media?parent=549719"}],"wp:term":[{"taxonomy":"category","embeddable":true,"href":"https:\/\/www.europesays.com\/fr\/wp-json\/wp\/v2\/categories?post=549719"},{"taxonomy":"post_tag","embeddable":true,"href":"https:\/\/www.europesays.com\/fr\/wp-json\/wp\/v2\/tags?post=549719"}],"curies":[{"name":"wp","href":"https:\/\/api.w.org\/{rel}","templated":true}]}}