{"id":549725,"date":"2025-11-21T19:27:11","date_gmt":"2025-11-21T19:27:11","guid":{"rendered":"https:\/\/www.europesays.com\/fr\/549725\/"},"modified":"2025-11-21T19:27:11","modified_gmt":"2025-11-21T19:27:11","slug":"la-gouvernance-de-cci-france-epinglee-par-la-cour-des-comptes","status":"publish","type":"post","link":"https:\/\/www.europesays.com\/fr\/549725\/","title":{"rendered":"la gouvernance de CCI France \u00e9pingl\u00e9e par la Cour des comptes"},"content":{"rendered":"<p>CCI France emploie 107 \u00e9quivalents temps plein pour un budget de 24 millions d&rsquo;euros.<\/p>\n<p>La Cour des comptes rel\u00e8ve vendredi plusieurs \u00ab\u00a0dysfonctionnements\u00a0\u00bb dans la gouvernance et la gestion de CCI France, l&rsquo;\u00e9tablissement public qui chapeaute le r\u00e9seau des chambres de commerce et d&rsquo;industrie (CCI) sur l&rsquo;ensemble du territoire fran\u00e7ais.<\/p>\n<p>Le rapport ne traite pas de la strat\u00e9gie et de l&rsquo;activit\u00e9 de CCI France, qui emploie 107 \u00e9quivalents temps plein pour un budget de 24 millions d&rsquo;euros, contre 13.542 collaborateurs et un budget total de 2,3 milliards d&rsquo;euros pour les chambres du r\u00e9seau national.<\/p>\n<p>Alors que CCI France a \u00e9t\u00e9 renforc\u00e9e dans ses missions de t\u00eate de r\u00e9seau consulaire par la loi Pacte de 2019, la Cour des comptes lui reproche \u00ab\u00a0des faiblesses dans sa gouvernance\u00a0\u00bb, comme l&rsquo;absence de mise en place d&rsquo;une commission de pr\u00e9vention des conflits d&rsquo;int\u00e9r\u00eats avant juin dernier, ou \u00ab\u00a0des d\u00e9clarations d&rsquo;int\u00e9r\u00eats manquantes, incompl\u00e8tes ou \u00e9tablies tardivement\u00a0\u00bb.<\/p>\n<p>Elle remarque aussi que des r\u00e9organisations intervenues en 2023 ont \u00e9t\u00e9 \u00ab\u00a0source d&rsquo;incompr\u00e9hension et de risques psychosociaux\u00a0\u00bb avec de nombreux d\u00e9parts de collaborateurs en 2023-2024.<\/p>\n<p>Des hautes r\u00e9mun\u00e9rations restent \u00e0 un \u00ab\u00a0niveau \u00e9lev\u00e9\u00a0\u00bb<\/p>\n<p>Elle souligne que \u00ab\u00a0les plus hautes r\u00e9mun\u00e9rations restent \u00e0 un niveau \u00e9lev\u00e9\u00a0\u00bb.<\/p>\n<p>Selon elle, \u00ab\u00a0les r\u00e8gles de remboursement des frais professionnels doivent \u00eatre mieux suivies, et le r\u00e9gime juridique applicable au logement de fonction du pr\u00e9sident\u00a0\u00bb avantage en nature ou pas, \u00ab\u00a0clarifi\u00e9\u00a0\u00bb.<\/p>\n<p>La Cour des comptes remarque enfin \u00ab\u00a0des insuffisances \u00e0 plusieurs niveaux\u00a0\u00bb quant \u00e0 la commande publique au sein de CCI France.<\/p>\n<p>Elle pointe \u00ab\u00a0trois march\u00e9s montrant un besoin de renforcement des proc\u00e9dures\u00a0\u00bb. Ainsi elle s&rsquo;interroge sur les deux march\u00e9s conclus en \u00ab\u00a0moins de six mois\u00a0\u00bb aupr\u00e8s du m\u00eame cabinet de conseil pour des montants juste inf\u00e9rieurs au seuil \u00e0 partir duquel le recours \u00e0 une proc\u00e9dure formalis\u00e9e est obligatoire (140.000 euros hors taxe), et au recrutement par CCI France dans la m\u00eame p\u00e9riode de deux anciens collaborateurs du cabinet s\u00e9lectionn\u00e9.<\/p>\n<p>Elle pointe \u00e9galement du doigt la d\u00e9signation d&rsquo;une agence de communication par une proc\u00e9dure \u00ab\u00a0qui donnait peu de chances \u00e0 ses concurrents\u00a0\u00bb.<\/p>\n<p>Elle juge enfin \u00ab\u00a0insuffisants\u00a0\u00bb les outils de gestion et les ressources internes consacr\u00e9s aux march\u00e9s publics pass\u00e9s par CCI France, pour son propre compte ou celui du r\u00e9seau, au vu \u00ab\u00a0de leur nombre et de leur volume\u00a0\u00bb.<\/p>\n<p>Dans une r\u00e9ponse de son pr\u00e9sident, Alain di Crescenzo, \u00e0 la Cour, exp\u00e9di\u00e9e le 12 novembre, CCI France prend acte des observations formul\u00e9es, et remarque que plusieurs r\u00e9formes ont d\u00e9j\u00e0 \u00e9t\u00e9 engag\u00e9es.<\/p>\n","protected":false},"excerpt":{"rendered":"CCI France emploie 107 \u00e9quivalents temps plein pour un budget de 24 millions d&rsquo;euros. La Cour des comptes&hellip;\n","protected":false},"author":2,"featured_media":549726,"comment_status":"","ping_status":"","sticky":false,"template":"","format":"standard","meta":{"footnotes":""},"categories":[4],"tags":[11,1011,27,12,25],"class_list":{"0":"post-549725","1":"post","2":"type-post","3":"status-publish","4":"format-standard","5":"has-post-thumbnail","7":"category-france","8":"tag-actualites","9":"tag-fr","10":"tag-france","11":"tag-news","12":"tag-republique-francaise"},"share_on_mastodon":{"url":"https:\/\/pubeurope.com\/@fr\/115589339192058208","error":""},"_links":{"self":[{"href":"https:\/\/www.europesays.com\/fr\/wp-json\/wp\/v2\/posts\/549725","targetHints":{"allow":["GET"]}}],"collection":[{"href":"https:\/\/www.europesays.com\/fr\/wp-json\/wp\/v2\/posts"}],"about":[{"href":"https:\/\/www.europesays.com\/fr\/wp-json\/wp\/v2\/types\/post"}],"author":[{"embeddable":true,"href":"https:\/\/www.europesays.com\/fr\/wp-json\/wp\/v2\/users\/2"}],"replies":[{"embeddable":true,"href":"https:\/\/www.europesays.com\/fr\/wp-json\/wp\/v2\/comments?post=549725"}],"version-history":[{"count":0,"href":"https:\/\/www.europesays.com\/fr\/wp-json\/wp\/v2\/posts\/549725\/revisions"}],"wp:featuredmedia":[{"embeddable":true,"href":"https:\/\/www.europesays.com\/fr\/wp-json\/wp\/v2\/media\/549726"}],"wp:attachment":[{"href":"https:\/\/www.europesays.com\/fr\/wp-json\/wp\/v2\/media?parent=549725"}],"wp:term":[{"taxonomy":"category","embeddable":true,"href":"https:\/\/www.europesays.com\/fr\/wp-json\/wp\/v2\/categories?post=549725"},{"taxonomy":"post_tag","embeddable":true,"href":"https:\/\/www.europesays.com\/fr\/wp-json\/wp\/v2\/tags?post=549725"}],"curies":[{"name":"wp","href":"https:\/\/api.w.org\/{rel}","templated":true}]}}