{"id":549731,"date":"2025-11-21T19:30:16","date_gmt":"2025-11-21T19:30:16","guid":{"rendered":"https:\/\/www.europesays.com\/fr\/549731\/"},"modified":"2025-11-21T19:30:16","modified_gmt":"2025-11-21T19:30:16","slug":"je-suis-francais-et-fier-de-letre","status":"publish","type":"post","link":"https:\/\/www.europesays.com\/fr\/549731\/","title":{"rendered":"\u00ab\u00a0Je suis Fran\u00e7ais et fier de l&rsquo;\u00eatre\u00a0\u00bb"},"content":{"rendered":"\n<p>Avec le XV de France, Emmanuel Meafou retrouve l&rsquo;Australie, pays o\u00f9 il a grandi\u00a0: \u00ab\u00a0Je suis Fran\u00e7ais et fier de l&rsquo;\u00eatre\u00a0\u00bb<\/p>\n<p>Emmanuel Meafou, le deuxi\u00e8me-ligne surpuissant de l&rsquo;\u00e9quipe de France et du Stade Toulousain, affrontera pour la premi\u00e8re fois le pays o\u00f9 il a grandi, l&rsquo;Australie, samedi (21h10), au Stade de France. Avec beaucoup d&rsquo;excitation et d&rsquo;\u00e9motion. Mais sans regret.<\/p>\n","protected":false},"excerpt":{"rendered":"Avec le XV de France, Emmanuel Meafou retrouve l&rsquo;Australie, pays o\u00f9 il a grandi\u00a0: \u00ab\u00a0Je suis Fran\u00e7ais et&hellip;\n","protected":false},"author":2,"featured_media":549732,"comment_status":"","ping_status":"","sticky":false,"template":"","format":"standard","meta":{"footnotes":""},"categories":[1416],"tags":[1011,27,479,1468,60],"class_list":{"0":"post-549731","1":"post","2":"type-post","3":"status-publish","4":"format-standard","5":"has-post-thumbnail","7":"category-rugby","8":"tag-fr","9":"tag-france","10":"tag-rugby","11":"tag-rugby-football","12":"tag-sports"},"share_on_mastodon":{"url":"https:\/\/pubeurope.com\/@fr\/115589350910442600","error":""},"_links":{"self":[{"href":"https:\/\/www.europesays.com\/fr\/wp-json\/wp\/v2\/posts\/549731","targetHints":{"allow":["GET"]}}],"collection":[{"href":"https:\/\/www.europesays.com\/fr\/wp-json\/wp\/v2\/posts"}],"about":[{"href":"https:\/\/www.europesays.com\/fr\/wp-json\/wp\/v2\/types\/post"}],"author":[{"embeddable":true,"href":"https:\/\/www.europesays.com\/fr\/wp-json\/wp\/v2\/users\/2"}],"replies":[{"embeddable":true,"href":"https:\/\/www.europesays.com\/fr\/wp-json\/wp\/v2\/comments?post=549731"}],"version-history":[{"count":0,"href":"https:\/\/www.europesays.com\/fr\/wp-json\/wp\/v2\/posts\/549731\/revisions"}],"wp:featuredmedia":[{"embeddable":true,"href":"https:\/\/www.europesays.com\/fr\/wp-json\/wp\/v2\/media\/549732"}],"wp:attachment":[{"href":"https:\/\/www.europesays.com\/fr\/wp-json\/wp\/v2\/media?parent=549731"}],"wp:term":[{"taxonomy":"category","embeddable":true,"href":"https:\/\/www.europesays.com\/fr\/wp-json\/wp\/v2\/categories?post=549731"},{"taxonomy":"post_tag","embeddable":true,"href":"https:\/\/www.europesays.com\/fr\/wp-json\/wp\/v2\/tags?post=549731"}],"curies":[{"name":"wp","href":"https:\/\/api.w.org\/{rel}","templated":true}]}}