{"id":549733,"date":"2025-11-21T19:32:16","date_gmt":"2025-11-21T19:32:16","guid":{"rendered":"https:\/\/www.europesays.com\/fr\/549733\/"},"modified":"2025-11-21T19:32:16","modified_gmt":"2025-11-21T19:32:16","slug":"atp-mouratoglou-le-pere-de-djokovic-etait-extremement-implique-a-ses-debuts-a-un-moment-donne-novak-a-du-lui-dire-sil-te-plait-eloigne-toi-jai-besoin-de-me-construire-en-tant-que-personn","status":"publish","type":"post","link":"https:\/\/www.europesays.com\/fr\/549733\/","title":{"rendered":"ATP > Mouratoglou : \u00ab\u00a0Le p\u00e8re de Djokovic \u00e9tait extr\u00eamement impliqu\u00e9 \u00e0 ses d\u00e9buts. \u00c0 un moment donn\u00e9, Novak a d\u00fb lui dire : &lsquo;S&rsquo;il te pla\u00eet, \u00e9loigne-toi. J&rsquo;ai besoin de me construire en tant que personne. J&rsquo;ai besoin de toi en tant que p\u00e8re, pas en tant que coach'\u00a0\u00bb"},"content":{"rendered":"<p>Dans une publi\u00adca\u00adtion sur <a href=\"https:\/\/www.linkedin.com\/posts\/patrickmouratoglou_djokovic-parentinginsport-sportsparenting-activity-7396859857607319552-T-_o?utm_source=share&amp;utm_medium=member_ios&amp;rcm=ACoAACTLaQEB2vsHnLl2-4ye5zRUwo1ZU9M-1us\" data-wpel-link=\"external\" target=\"_blank\" rel=\"nofollow external noopener\">son compte Linkedin<\/a>, Patrick Mouratoglou est revenu sur les r\u00e9cents propos de Novak Djokovic concer\u00adnant son fils, Stefan, et sa passion pour le tennis. Et apr\u00e8s avoir <a href=\"https:\/\/www.welovetennis.fr\/atp\/patrick-mouratoglou-si-je-devais-donner-un-conseil-au-fils-de-novak-djokovic-je-lui-dirais-de-ne-jamais-essayer-de-devenir-joueur-de-tennis-professionnel-non-pas-parce-quil-na-pas-de-talent\" data-wpel-link=\"internal\" rel=\"nofollow noopener\" target=\"_blank\">donn\u00e9 un conseil \u00e0 ce dernier<\/a>, l\u2019en\u00adtra\u00ee\u00adneur fran\u00ad\u00e7ais a expliqu\u00e9 pour\u00adquoi il \u00e9tait diffi\u00adcile pour un p\u00e8re d\u2019\u00eatre \u00e9gale\u00adment coach de son enfant.\u00a0<\/p>\n<p><strong>\u00ab\u202fC\u2019est la mission de tous les parents. Car coacher, ce n\u2019est pas \u00ab\u202fsoutenir\u202f\u00bb. Coacher, c\u2019est entrer soi\u2010m\u00eame dans l\u2019ar\u00e8ne. La plupart des parents qui coachent leur enfant ne le font pas pour lui, mais parce qu\u2019ils veulent faire partie de l\u2019his\u00adtoire. Mais ils ne sont pas form\u00e9s pour cela. Ils n\u2019ont pas la distance, l\u2019ex\u00adp\u00e9\u00adrience ou la s\u00e9pa\u00adra\u00adtion \u00e9motion\u00adnelle n\u00e9ces\u00adsaires. Novak le sait mieux que quiconque. Son p\u00e8re \u00e9tait extr\u00ea\u00adme\u00adment impliqu\u00e9 dans ses d\u00e9buts. \u00c0 un moment donn\u00e9, Novak a d\u00fb lui dire\u00a0: \u00ab\u202fS\u2019il te pla\u00eet, \u00e9loigne\u2010toi. J\u2019ai besoin de me construire en tant que personne. J\u2019ai besoin de toi en tant que p\u00e8re, pas en tant que coach. Et c\u2019est pour\u00adquoi cela peut devenir dange\u00adreux. Lorsqu\u2019un joueur perd, ce qui arrive tout le temps, la n\u00e9ga\u00adti\u00advit\u00e9 \u00e9motion\u00adnelle devient partag\u00e9e. Il n\u2019y a pas de tampon. Cela nuit \u00e0 la rela\u00adtion au quoti\u00addien. Et le lien entre un parent et un enfant est infi\u00adni\u00adment plus impor\u00adtant que n\u2019im\u00adporte quel r\u00e9sultat au tennis.\u202f\u00bb<\/strong><\/p>\n<p class=\"post-published-date\" style=\"color: silver; font-size: 75%; text-align: left;\">Publi\u00e9 le vendredi 21 novembre 2025 \u00e0 15:45<\/p>\n","protected":false},"excerpt":{"rendered":"Dans une publi\u00adca\u00adtion sur son compte Linkedin, Patrick Mouratoglou est revenu sur les r\u00e9cents propos de Novak Djokovic&hellip;\n","protected":false},"author":2,"featured_media":549734,"comment_status":"","ping_status":"","sticky":false,"template":"","format":"standard","meta":{"footnotes":""},"categories":[1415],"tags":[105,1011,27,60,1467],"class_list":{"0":"post-549733","1":"post","2":"type-post","3":"status-publish","4":"format-standard","5":"has-post-thumbnail","7":"category-tennis","8":"tag-djokovic","9":"tag-fr","10":"tag-france","11":"tag-sports","12":"tag-tennis"},"share_on_mastodon":{"url":"https:\/\/pubeurope.com\/@fr\/115589358685719189","error":""},"_links":{"self":[{"href":"https:\/\/www.europesays.com\/fr\/wp-json\/wp\/v2\/posts\/549733","targetHints":{"allow":["GET"]}}],"collection":[{"href":"https:\/\/www.europesays.com\/fr\/wp-json\/wp\/v2\/posts"}],"about":[{"href":"https:\/\/www.europesays.com\/fr\/wp-json\/wp\/v2\/types\/post"}],"author":[{"embeddable":true,"href":"https:\/\/www.europesays.com\/fr\/wp-json\/wp\/v2\/users\/2"}],"replies":[{"embeddable":true,"href":"https:\/\/www.europesays.com\/fr\/wp-json\/wp\/v2\/comments?post=549733"}],"version-history":[{"count":0,"href":"https:\/\/www.europesays.com\/fr\/wp-json\/wp\/v2\/posts\/549733\/revisions"}],"wp:featuredmedia":[{"embeddable":true,"href":"https:\/\/www.europesays.com\/fr\/wp-json\/wp\/v2\/media\/549734"}],"wp:attachment":[{"href":"https:\/\/www.europesays.com\/fr\/wp-json\/wp\/v2\/media?parent=549733"}],"wp:term":[{"taxonomy":"category","embeddable":true,"href":"https:\/\/www.europesays.com\/fr\/wp-json\/wp\/v2\/categories?post=549733"},{"taxonomy":"post_tag","embeddable":true,"href":"https:\/\/www.europesays.com\/fr\/wp-json\/wp\/v2\/tags?post=549733"}],"curies":[{"name":"wp","href":"https:\/\/api.w.org\/{rel}","templated":true}]}}