{"id":549735,"date":"2025-11-21T19:36:23","date_gmt":"2025-11-21T19:36:23","guid":{"rendered":"https:\/\/www.europesays.com\/fr\/549735\/"},"modified":"2025-11-21T19:36:23","modified_gmt":"2025-11-21T19:36:23","slug":"cyclisme-analyse-les-10-plus-grands-talents-a-suivre-de-la-generation-2008","status":"publish","type":"post","link":"https:\/\/www.europesays.com\/fr\/549735\/","title":{"rendered":"Cyclisme. Analyse &#8211; Les 10 plus grands talents \u00e0 suivre de la g\u00e9n\u00e9ration 2008"},"content":{"rendered":"<p> Lire la suite de l&rsquo;article&#13;<\/p>\n<p>\u00a0<\/p>\n<p>&#13;<br \/>\n10. Malthe Risbjerg&#13;<\/p>\n<p><strong>JEGG-SKIL-DJR Visma | Lease a Bike (CeramicSpeed AF Herning CK en 2025)\u00a0<\/strong><strong>&#8211; Danemark &#8211; 07\/03\/2008<\/strong><\/p>\n<p>&#13;<\/p>\n<p>Alors qu&rsquo;il \u00e9voluait simplement pour une modeste \u00e9quipe danoise en  2025, Malthe Risbjerg s&rsquo;est impos\u00e9 comme l&rsquo;un des meilleurs coureurs de sa  g\u00e9n\u00e9ration. Le Danois a brill\u00e9 sur un peu tous les terrains cette ann\u00e9e, et a notamment \u00e9t\u00e9 chercher plusieurs victoires sur le circuit national, ce qui lui a permis de taper dans les yeux de la Visma | Lease a Bike, qui l&rsquo;a engag\u00e9 via son \u00e9quipe Juniors\u00a0JEGG-SKIL-DJR.<\/p>\n<p>&#13;<\/p>\n<p>\u00a0<\/p>\n<p>&#13;<br \/>\n9. Marek Stiblik&#13;<\/p>\n<p><strong>Roman Kreuziger Cycling Academy\u00a0<\/strong><strong>&#8211; R\u00e9publique Tch\u00e8que &#8211; 11\/01\/2008<\/strong><\/p>\n<p>&#13;<\/p>\n<p>Marek Stiblik est le seul coureur de notre classement \u00e0 ne pas encore \u00eatre affili\u00e9 \u00e0 une \u00e9quipe WorldTour. Une exception qui ne fait pas pour autant de lui un coureur \u00e0 ne pas surveiller. 4e du Giro della Lunigiana, 5e de l&rsquo;Aubel-Thimister-Stavelot&#8230; le Tch\u00e8que a montr\u00e9 qu&rsquo;il avait le talent pour \u00eatre dans ce classement et devrait rapidement trouver une \u00e9quipe WorldTour.<\/p>\n<p>&#13;<\/p>\n<p>\u00a0<\/p>\n<p>&#13;<br \/>\n8. Elias W\u00e4ndel&#13;<\/p>\n<p><strong>JEGG-SKIL-DJR Visma | Lease a Bike (Svealand Cycling Team en 2025)\u00a0<\/strong><strong>&#8211; Su\u00e8de &#8211; 31\/03\/2008<\/strong><\/p>\n<p>&#13;<\/p>\n<p>Comme Risbjerg, W\u00e4ndel \u00e9voluait pour une modeste \u00e9quipe su\u00e9doise en 2025, mais s&rsquo;est tout de m\u00eame impos\u00e9 comme l&rsquo;un des meilleurs coureurs de sa g\u00e9n\u00e9ration. Capable de briller en contre-la-montre, en montagne ou sur les pav\u00e9s, le Su\u00e9dois poss\u00e8de un profil tr\u00e8s complet et un talent ind\u00e9niable, ce qui lui a permis de signer pour\u00a0JEGG-SKIL-DJR, l&rsquo;\u00e9quipe Juniors de la Visma | Lease a Bike.<\/p>\n<p>&#13;<\/p>\n<p>\u00a0<\/p>\n<p>&#13;<br \/>\n7. Mikolaj Legiec&#13;<\/p>\n<p><strong>Cannibal Bahrain Victorious\u00a0<\/strong><strong>&#8211; Pologne &#8211; 22\/04\/2008<\/strong><\/p>\n<p>&#13;<\/p>\n<p>Le Polonais Mikolaj Legiec a lui un profil bien plus clair. En effet, le coureur de la Cannibal B Victorious a d\u00e9montr\u00e9 tous ses talents sur les courses pour classicmen et sprinteurs. Gros gabarit, il a notamment brill\u00e9 en 2025 sur des courses difficiles en Belgique ou encore sur Paris-Roubaix Juniors. Il poss\u00e8de \u00e9galement un gros moteur, qui lui permet de s&rsquo;exprimer sur les contre-la-montre.<\/p>\n<p>&#13;<\/p>\n<p>\u00a0<\/p>\n<p>&#13;<br \/>\n6. Maks Matyasik&#13;<\/p>\n<p><strong>Soudal Quick-Step U19\u00a0<\/strong><strong>&#8211; Pologne &#8211; 21\/02\/2008<\/strong><\/p>\n<p>&#13;<\/p>\n<p>Apr\u00e8s Mikolaj Legiec, un autre Polonais fait partie de ce top 10, en la pr\u00e9sence de Maks Matyasik. Ce dernier \u00e9volue au sein de la Soudal Quick-Step U19. Matyasik poss\u00e8de un profil de puncheur, avec un gros \u00ab\u00a0kick\u00a0\u00bb, capable \u00e9galement de briller sur les classiques. Notamment vainqueur de la C\u00f4te d&rsquo;Or Classic, il compte bien continuer son \u00e9volution au sein du Wolfpack.<\/p>\n<p>&#13;<\/p>\n<p>\u00a0<\/p>\n<p>&#13;<br \/>\n5. Georgs Tjumins&#13;<\/p>\n<p><strong>GRENKE-Auto Eder Red Bull-BORA-hansgrohe\u00a0<\/strong><strong>&#8211; Lettonie &#8211; 22\/04\/2008<\/strong><\/p>\n<p>&#13;<\/p>\n<p>Georgs Tjumins repr\u00e9sente l&rsquo;avenir du cyclisme letton. Membre de  la\u00a0GRENKE-Auto Eder, \u00e9quipe Juniors de la Red Bull-BORA-hansgrohe,  Tjumins a r\u00e9alis\u00e9 une excellente 1\u00e8re saison chez les U19. 2e du Tour  des Flandres Juniors, 3e du GP R\u00fcebliland, 10e des Championnats  d&rsquo;Europe&#8230; le Letton poss\u00e8de sur le papier un profil de grimpeur, mais est capable \u00e9galement de briller sur d&rsquo;autres terrains.<\/p>\n<p>&#13;<\/p>\n<p>\u00a0<\/p>\n<p>&#13;<br \/>\n4. Kristian Haugetun&#13;<\/p>\n<p><strong>Uno-X Mobility Junior Team (<\/strong><strong>JEGG-SKIL-DJR Visma | Lease a Bike en 2025)<\/strong><strong>\u00a0<\/strong><strong>&#8211; Norv\u00e8ge &#8211; 05\/10\/2008<\/strong><\/p>\n<p>&#13;<\/p>\n<p>Nous entrons dans une nouvelle cat\u00e9gorie avec cette 4e place, celle des coureurs avec un potentiel \u00ab\u00a0g\u00e9n\u00e9rationnel\u00a0\u00bb. En effet, les 4 premi\u00e8res positions sont occup\u00e9es par des coureurs consid\u00e9r\u00e9s comme de tr\u00e8s grands talents. A commencer par Kristian Haugetun. Pour sa premi\u00e8re ann\u00e9e chez les Juniors, le Norv\u00e9gien a d\u00e9montr\u00e9 qu&rsquo;il faisait partie des tout meilleurs grimpeurs de sa g\u00e9n\u00e9ration. Une bataille a eu lieu en interne entre Visma | Lease a Bike, son \u00e9quipe actuelle, et Uno-X Mobility&#8230; finalement remport\u00e9e par l&rsquo;\u00e9quipe norv\u00e9gienne, avec qui Haugetun \u00e9voluera \u00e0 partir de 2026.<\/p>\n<p>&#13;<\/p>\n<blockquote class=\"twitter-tweet\" style=\"width:100%!important;max-width:550px!important;min-width:250px;height:500px;\"><p>&#13;<\/p>\n<p dir=\"ltr\" lang=\"fr\">Transfert &#8211; Uno-X Mobility a piqu\u00e9 une p\u00e9pite de 16 ans \u00e0 la Visma | Lease a Bike <a href=\"https:\/\/twitter.com\/hashtag\/MercatoVELO?src=hash&amp;ref_src=twsrc%5Etfw\" target=\"_blank\" rel=\"noopener\">#MercatoVELO<\/a> <a href=\"https:\/\/twitter.com\/hashtag\/Mercato?src=hash&amp;ref_src=twsrc%5Etfw\" target=\"_blank\" rel=\"noopener\">#Mercato<\/a> <a href=\"https:\/\/twitter.com\/hashtag\/Haugetun?src=hash&amp;ref_src=twsrc%5Etfw\" target=\"_blank\" rel=\"noopener\">#Haugetun<\/a> <a href=\"https:\/\/twitter.com\/hashtag\/UnoX?src=hash&amp;ref_src=twsrc%5Etfw\" target=\"_blank\" rel=\"noopener\">#UnoX<\/a> <a href=\"https:\/\/twitter.com\/hashtag\/Visma?src=hash&amp;ref_src=twsrc%5Etfw\" target=\"_blank\" rel=\"noopener\">#Visma<\/a> <a href=\"https:\/\/t.co\/7p2TlzEfI2\">https:\/\/t.co\/7p2TlzEfI2<\/a><\/p>\n<p>&#13;<br \/>\n\u2014 Cyclism&rsquo;Actu (@cyclismactu) <a href=\"https:\/\/twitter.com\/cyclismactu\/status\/1967481096045560238?ref_src=twsrc%5Etfw\" target=\"_blank\" rel=\"noopener\">September 15, 2025<\/a><\/p><\/blockquote>\n<p>&#13;<br \/>\n&#13;<\/p>\n<p>\u00a0<\/p>\n<p>&#13;<br \/>\n3. Karl Herzog&#13;<\/p>\n<p><strong>GRENKE-Auto Eder Red Bull-BORA-hansgrohe<\/strong><strong>\u00a0<\/strong><strong>&#8211; Allemagne &#8211; 01\/11\/2008<\/strong><\/p>\n<p>&#13;<\/p>\n<p>Les coureurs aux trois premi\u00e8res positions sont interchangeables, tellement leurs saisons 2025 ont \u00e9t\u00e9 exceptionnelles. Et \u00e0 la 3e position, nous retrouvons Karl Herzog, le nouveau champion d&rsquo;Europe Juniors. L&rsquo;Allemand de la\u00a0GRENKE-Auto Eder (\u00e9quipe Juniors de la\u00a0Red Bull-BORA-hansgrohe) a \u00e9galement termin\u00e9 2e de l&rsquo;Ain Bugey Valromey Tour ou encore 2e de la Course de la Paix. Coureur tr\u00e8s solide, puncheur-grimpeur, tout semble indiquer que Herzog a un grand avenir notamment sur les courses par \u00e9tapes, en esp\u00e9rant qu&rsquo;il ne connaisse pas les m\u00eames difficult\u00e9s que son fr\u00e8re Emil.<\/p>\n<p>&#13;<\/p>\n<p>\u00a0<\/p>\n<p>&#13;<br \/>\n2. Seff Van Kerckhove&#13;<\/p>\n<p><strong>Decathlon CMA CGM<\/strong><strong>\u00a0<\/strong><strong>U19 &#8211; Belgique &#8211; 02\/03\/2008<\/strong><\/p>\n<p>&#13;<\/p>\n<p>Seff Van Kerckhove est-il le nouveau Paul Seixas de l&rsquo;\u00e9quipe Decathlon CMA CGM ? Malgr\u00e9 son grand gabarit (1,90 m), le Belge a d\u00e9montr\u00e9 tous ses talents de grimpeur en 2025. Successeur de Seixas au palmar\u00e8s du Giro della Lunigiana, 4e de\u00a0l&rsquo;Ain Bugey Valromey Tour, vainqueur du LVM Saarland Trofeo, 3e aux Mondiaux de contre-la-montre, champion de Belgique du chrono&#8230; Van Kerckhove a \u00e9clabouss\u00e9 la saison 2025 de son talent et compte bien continuer sa progression.<\/p>\n<p>&#13;<\/p>\n<p>\u00a0<\/p>\n<p>&#13;<br \/>\n1. Benjamin Noval&#13;<\/p>\n<p><strong>MMR Academy (rejoindra la WorldTour INEOS Grenadiers en 2027)<\/strong><strong>\u00a0<\/strong><strong>&#8211; Espagne &#8211; 04\/10\/2008<\/strong><\/p>\n<p>&#13;<\/p>\n<p>Avec Haugetun, Bejamin Noval est le seul coureur de cette liste \u00e0 avoir d\u00e9j\u00e0 un contrat WorldTour. En effet, l&rsquo;Espagnol de 17 ans a sign\u00e9 avec INEOS Grenadiers \u00e0 partir de 2027. Si vous ne connaissez pas Noval, il est le fils et homonyme de Benjamin Noval, ancien coureur pro, et a tout \u00e9cras\u00e9 sur le circuit Juniors espagnol (et pas que) cette ann\u00e9e. Avec un style de grimpeur tr\u00e8s explosif, l&rsquo;Asturien devrait faire les beaux jours des fans espagnols et d&rsquo;INEOS Grenadiers dans les prochaines ann\u00e9es.<\/p>\n<p>&#13;<\/p>\n<p>\u00a0<\/p>\n<p>&#13;<br \/>\nMentions Honorables&#13;<\/p>\n<p>Parmi les coureurs que nous aurions pu citer dans cette liste, mais      qui, par raison de concurrence, ne sont pas rentr\u00e9s dedans, nous    pouvons  nommer les Fran\u00e7ais <strong>Soen Le Pann<\/strong> (Decathlon CMA CGM U19) et <strong>Simon Defrance <\/strong>(Soudal Quick-Step U19), ou encore l&rsquo;Autrichien <strong>Michael Hettegger <\/strong>(SK Vo\u00ebst Racing), le Danois<strong> Julius Lovstrub Birkedal <\/strong>(GRENKE-Auto Eder Red Bull-BORA-hansgrohe) et le Tch\u00e8que <strong>Daniel Kubena<\/strong> (Roman Kreuziger Academy).<\/p>\n<p><script async src=\"https:\/\/platform.twitter.com\/widgets.js\" charset=\"utf-8\"><\/script><\/p>\n","protected":false},"excerpt":{"rendered":"Lire la suite de l&rsquo;article&#13; \u00a0 &#13; 10. Malthe Risbjerg&#13; JEGG-SKIL-DJR Visma | Lease a Bike (CeramicSpeed AF&hellip;\n","protected":false},"author":2,"featured_media":549736,"comment_status":"","ping_status":"","sticky":false,"template":"","format":"standard","meta":{"footnotes":""},"categories":[1411],"tags":[1020,1154,207,211,1011,27,209,60,210,212,208,213],"class_list":{"0":"post-549735","1":"post","2":"type-post","3":"status-publish","4":"format-standard","5":"has-post-thumbnail","7":"category-cyclisme","8":"tag-analyse","9":"tag-cycling","10":"tag-cyclisme","11":"tag-ffc","12":"tag-fr","13":"tag-france","14":"tag-route","15":"tag-sports","16":"tag-tour-de-france","17":"tag-uci","18":"tag-velo","19":"tag-world-tour"},"share_on_mastodon":{"url":"https:\/\/pubeurope.com\/@fr\/115589374555209461","error":""},"_links":{"self":[{"href":"https:\/\/www.europesays.com\/fr\/wp-json\/wp\/v2\/posts\/549735","targetHints":{"allow":["GET"]}}],"collection":[{"href":"https:\/\/www.europesays.com\/fr\/wp-json\/wp\/v2\/posts"}],"about":[{"href":"https:\/\/www.europesays.com\/fr\/wp-json\/wp\/v2\/types\/post"}],"author":[{"embeddable":true,"href":"https:\/\/www.europesays.com\/fr\/wp-json\/wp\/v2\/users\/2"}],"replies":[{"embeddable":true,"href":"https:\/\/www.europesays.com\/fr\/wp-json\/wp\/v2\/comments?post=549735"}],"version-history":[{"count":0,"href":"https:\/\/www.europesays.com\/fr\/wp-json\/wp\/v2\/posts\/549735\/revisions"}],"wp:featuredmedia":[{"embeddable":true,"href":"https:\/\/www.europesays.com\/fr\/wp-json\/wp\/v2\/media\/549736"}],"wp:attachment":[{"href":"https:\/\/www.europesays.com\/fr\/wp-json\/wp\/v2\/media?parent=549735"}],"wp:term":[{"taxonomy":"category","embeddable":true,"href":"https:\/\/www.europesays.com\/fr\/wp-json\/wp\/v2\/categories?post=549735"},{"taxonomy":"post_tag","embeddable":true,"href":"https:\/\/www.europesays.com\/fr\/wp-json\/wp\/v2\/tags?post=549735"}],"curies":[{"name":"wp","href":"https:\/\/api.w.org\/{rel}","templated":true}]}}