{"id":549737,"date":"2025-11-21T19:37:16","date_gmt":"2025-11-21T19:37:16","guid":{"rendered":"https:\/\/www.europesays.com\/fr\/549737\/"},"modified":"2025-11-21T19:37:16","modified_gmt":"2025-11-21T19:37:16","slug":"le-futur-stade-prend-forme-le-psg-annonce","status":"publish","type":"post","link":"https:\/\/www.europesays.com\/fr\/549737\/","title":{"rendered":"Le futur stade prend forme, le PSG annonce\u00a0!"},"content":{"rendered":"<p>Le <a href=\"https:\/\/www.onzemondial.com\/france\/psg.html\" rel=\"nofollow noopener\" target=\"_blank\">PSG<\/a>, dans l&rsquo;impasse pour continuer d&rsquo;\u00e9voluer \u00e0 terme au Parc des Princes en raison de discussions bloqu\u00e9es avec la mairie de Paris, poursuit ses \u00e9tudes pour son futur stade et franchit de nouvelles \u00e9tapes. Ce jeudi, la commune de Massy, candidate avec Poissy pour accueillir l\u2019enceinte, a accueilli le deuxi\u00e8me Comit\u00e9 de Pilotage consacr\u00e9 au projet.<\/p>\n<p>Lors de cette r\u00e9union, le club de la capitale a pr\u00e9sent\u00e9 \u00ab l\u2019\u00e9tat d\u2019avancement de son programme d\u2019\u00e9tudes \u00bb, pour la premi\u00e8re fois depuis le point d\u2019\u00e9tape de septembre, devant \u00ab un panel compos\u00e9 d\u2019\u00e9lus, ma\u00eetres d\u2019ouvrage et parties prenantes locales \u00bb, pr\u00e9cise le communiqu\u00e9 officiel. L\u2019objectif : partager l\u2019avanc\u00e9e des \u00e9tudes de pr\u00e9faisabilit\u00e9 et recueillir les observations des acteurs locaux.<\/p>\n<p>A lire aussi :Massy prend de l&rsquo;avance pour le nouveau stade ?<\/p>\n<p>Le PSG souligne de son communiqu\u00e9 que \u00ab les d\u00e9bats ont notamment permis de pr\u00e9ciser les \u00e9l\u00e9ments techniques \u00e0 approfondir et de confirmer les priorit\u00e9s communes : \u00e9valuation des capacit\u00e9s d\u2019accueil, coh\u00e9rence avec les r\u00e9seaux de transport actuels et futurs, articulation avec les projets d\u2019am\u00e9nagement en cours et conditions d\u2019insertion du futur stade dans les dynamiques locales \u00bb.<\/p>\n<p>Le club a par ailleurs insist\u00e9 sur la dimension collaborative du projet : les comit\u00e9s de pilotage \u00ab garantissent un suivi partag\u00e9 du projet, permettent de confronter les analyses et assurent la prise en compte des enjeux territoriaux essentiels : mobilit\u00e9s, int\u00e9gration urbaine, environnement, d\u00e9veloppement \u00e9conomique et qualit\u00e9 des usages \u00bb.<\/p>\n<p>De quoi permettre \u00e0 la piste Massy d&rsquo;avancer encore un peu plus concr\u00e8tement\u00a0? Une chose est s\u00fbre, la pression est plus que jamais mise sur la mairie de Paris pour le Parc. A moins que les \u00e9lections municipales de 2026 rebattent totalement les cartes&#8230;<\/p>\n<p>   Partagez cette info avec vos amis et vos proches en cliquant ici<br \/> Pour r\u00e9sumer<\/p>\n<p>Le PSG avance dans son projet de nouveau stade. Ce jeudi \u00e0 Massy, le deuxi\u00e8me Comit\u00e9 de Pilotage a pr\u00e9sent\u00e9 l\u2019\u00e9tat des \u00e9tudes, abordant capacit\u00e9s d\u2019accueil, transports et int\u00e9gration urbaine. Les \u00e9lus et habitants ont particip\u00e9 aux \u00e9changes, soulignant l\u2019importance d\u2019une d\u00e9marche collective et structur\u00e9e pour concr\u00e9tiser le futur stade.<\/p>\n<p>R\u00e9dacteur<\/p>\n<p><img decoding=\"async\" width=\"76\" height=\"76\" loading=\"lazy\" src=\"https:\/\/www.europesays.com\/fr\/wp-content\/uploads\/2025\/04\/logo-julien-pedebos.jpg\" alt=\"Julien P\u00e9debos\"\/><\/p>\n","protected":false},"excerpt":{"rendered":"Le PSG, dans l&rsquo;impasse pour continuer d&rsquo;\u00e9voluer \u00e0 terme au Parc des Princes en raison de discussions bloqu\u00e9es&hellip;\n","protected":false},"author":2,"featured_media":549738,"comment_status":"","ping_status":"","sticky":false,"template":"","format":"standard","meta":{"footnotes":""},"categories":[1410],"tags":[63,1011,27,66,93,60],"class_list":{"0":"post-549737","1":"post","2":"type-post","3":"status-publish","4":"format-standard","5":"has-post-thumbnail","7":"category-football","8":"tag-football","9":"tag-fr","10":"tag-france","11":"tag-ligue-1","12":"tag-psg","13":"tag-sports"},"share_on_mastodon":{"url":"https:\/\/pubeurope.com\/@fr\/115589379159099463","error":""},"_links":{"self":[{"href":"https:\/\/www.europesays.com\/fr\/wp-json\/wp\/v2\/posts\/549737","targetHints":{"allow":["GET"]}}],"collection":[{"href":"https:\/\/www.europesays.com\/fr\/wp-json\/wp\/v2\/posts"}],"about":[{"href":"https:\/\/www.europesays.com\/fr\/wp-json\/wp\/v2\/types\/post"}],"author":[{"embeddable":true,"href":"https:\/\/www.europesays.com\/fr\/wp-json\/wp\/v2\/users\/2"}],"replies":[{"embeddable":true,"href":"https:\/\/www.europesays.com\/fr\/wp-json\/wp\/v2\/comments?post=549737"}],"version-history":[{"count":0,"href":"https:\/\/www.europesays.com\/fr\/wp-json\/wp\/v2\/posts\/549737\/revisions"}],"wp:featuredmedia":[{"embeddable":true,"href":"https:\/\/www.europesays.com\/fr\/wp-json\/wp\/v2\/media\/549738"}],"wp:attachment":[{"href":"https:\/\/www.europesays.com\/fr\/wp-json\/wp\/v2\/media?parent=549737"}],"wp:term":[{"taxonomy":"category","embeddable":true,"href":"https:\/\/www.europesays.com\/fr\/wp-json\/wp\/v2\/categories?post=549737"},{"taxonomy":"post_tag","embeddable":true,"href":"https:\/\/www.europesays.com\/fr\/wp-json\/wp\/v2\/tags?post=549737"}],"curies":[{"name":"wp","href":"https:\/\/api.w.org\/{rel}","templated":true}]}}