{"id":549739,"date":"2025-11-21T19:38:17","date_gmt":"2025-11-21T19:38:17","guid":{"rendered":"https:\/\/www.europesays.com\/fr\/549739\/"},"modified":"2025-11-21T19:38:17","modified_gmt":"2025-11-21T19:38:17","slug":"quatre-condamnations-jusqua-dix-mois-ferme-2","status":"publish","type":"post","link":"https:\/\/www.europesays.com\/fr\/549739\/","title":{"rendered":"quatre condamnations, jusqu&rsquo;\u00e0 dix mois ferme"},"content":{"rendered":"<p>\n    Condamn\u00e9s pour avoir harcel\u00e9 en ligne la musicienne ouvertement lesbienne apr\u00e8s la c\u00e9r\u00e9monie d\u2019ouverture des Jeux olympiques de Paris, quatre hommes ont \u00e9cop\u00e9 de peines allant de quatre mois avec sursis \u00e0 dix mois ferme.<\/p>\n<p class=\"fig-paragraph\">Quatre hommes ont \u00e9t\u00e9 condamn\u00e9s vendredi \u00e0 des peines de quatre mois d&#8217;emprisonnement avec sursis \u00e0 dix mois ferme pour avoir cyberharcel\u00e9 la DJ fran\u00e7aise Barbara Butch apr\u00e8s sa participation \u00e0 la c\u00e9r\u00e9monie d&rsquo;ouverture des Jeux olympiques de Paris. Les quatre pr\u00e9venus ont \u00e9t\u00e9 condamn\u00e9s pour harc\u00e8lement en ligne et menaces de violences, les peines prononc\u00e9es \u00e9tant globalement conformes aux r\u00e9quisitions du parquet.<\/p>\n<p class=\"fig-paragraph\">Le tribunal correctionnel de Paris a en revanche relax\u00e9 un cinqui\u00e8me homme, estimant que les \u00e9l\u00e9ments constitutifs des infractions n&rsquo;\u00e9taient pas r\u00e9unis le concernant. Les messages haineux avaient d\u00e9ferl\u00e9 sur l&rsquo;artiste dans la foul\u00e9e de la\u00a0<a href=\"http:\/\/www.lefigaro.fr\/musique\/la-dj-barbara-butch-qui-a-participe-a-la-ceremonie-d-ouverture-des-jo-de-paris-va-se-produire-devant-la-cathedrale-de-rouen-20240808\" data-fig-type=\"NewsFlash\" data-gtm-custom-categorie=\"navigation\" data-gtm-custom-action=\"crossclick\" data-gtm-custom-label=\"Contextuel\" data-gtm-event=\"customEventSPE\" data-fig-domain=\"LEFIGARO\" target=\"_blank\" rel=\"noopener\">c\u00e9r\u00e9monie d&rsquo;ouverture des Jeux<\/a>, le 26 juillet 2024.<\/p>\n<p>                                    <a class=\"fig-a11y-skip a11y-hidden\" href=\"#fig-a11y-skip-main-inarticle\"><br \/>\n        Passer la publicit\u00e9<br \/>\n    <\/a><\/p>\n<p class=\"fig-paragraph\">Sur la passerelle Debilly qui enjambe la Seine, Barbara Butch &#8211; un nom de sc\u00e8ne &#8211; \u00e9tait apparue aux platines, entour\u00e9e de drag queens, mannequins et du chanteur Philippe Katerine, presque nu et peint en bleu. Ce tableau intitul\u00e9 \u00abFestivit\u00e9\u00bb avait suscit\u00e9 l&rsquo;ire des milieux conservateurs et d&rsquo;extr\u00eame droite, qui l&rsquo;ont interpr\u00e9t\u00e9 comme une parodie de\u00a0<a href=\"https:\/\/www.lefigaro.fr\/arts-expositions\/leonard-de-vinci-la-cene-de-fils-d-or-et-d-argent-20190623\" data-fig-type=\"Article\" data-gtm-custom-categorie=\"navigation\" data-gtm-custom-action=\"crossclick\" data-gtm-custom-label=\"Contextuel\" data-gtm-event=\"customEventSPE\" data-fig-domain=\"LEFIGARO\" target=\"_blank\" rel=\"noopener\">La C\u00e8ne de Vinci.<\/a><\/p>\n<p class=\"fig-paragraph\">Le directeur artistique de la c\u00e9r\u00e9monie,\u00a0<a href=\"http:\/\/www.lefigaro.fr\/culture\/jeux-paralympiques-2024-thomas-jolly-veut-en-finir-avec-les-cliches-heroisants-sur-le-handicap-20240826\" data-fig-type=\"NewsFlash\" data-gtm-custom-categorie=\"navigation\" data-gtm-custom-action=\"crossclick\" data-gtm-custom-label=\"Contextuel\" data-gtm-event=\"customEventSPE\" data-fig-domain=\"LEFIGARO\" target=\"_blank\" rel=\"noopener\">Thomas Jolly,<\/a>\u00a0avait d\u00e9menti toute volont\u00e9 de choquer et expliqu\u00e9 avoir voulu repr\u00e9senter une \u00abgrande f\u00eate pa\u00efenne reli\u00e9e aux dieux de l&rsquo;Olympe\u00bb, clin d&rsquo;\u0153il \u00e0 \u00abl&rsquo;olympisme\u00bb.<\/p>\n<p class=\"fig-paragraph\">Musicienne ouvertement lesbienne, militante f\u00e9ministe,\u00a0<a href=\"http:\/\/www.lefigaro.fr\/musique\/la-dj-francaise-barbara-butch-nommee-directrice-artistique-de-la-nuit-blanche-2026-20251001\" data-fig-type=\"NewsFlash\" data-gtm-custom-categorie=\"navigation\" data-gtm-custom-action=\"crossclick\" data-gtm-custom-label=\"Contextuel\" data-gtm-event=\"customEventSPE\" data-fig-domain=\"LEFIGARO\" target=\"_blank\" rel=\"noopener\">Barbara Butch\u00a0<\/a>avait racont\u00e9 \u00e0 l&rsquo;audience du 25 septembre avoir eu \u00abjuste envie de (s)\u2019enterrer et de dispara\u00eetre \u00e0 ce moment-l\u00e0\u00bb. Elle avait expliqu\u00e9 avoir d\u00e9velopp\u00e9 agoraphobie et psoriasis apr\u00e8s les faits et prendre depuis des antid\u00e9presseurs. Sa compagne a t\u00e9moign\u00e9 \u00e0 la barre des menaces de viol qu&rsquo;elle avait, elle aussi, re\u00e7ues.<\/p>\n<p class=\"fig-body-link\">\n            \u00c0 lire aussi<br \/>\n        <a class=\"fig-body-link__link\" href=\"http:\/\/www.lefigaro.fr\/musique\/anne-hidalgo-apporte-son-soutien-a-la-dj-barbara-butch-victime-a-nouveau-de-cyberharcelement-20251008\" data-fig-type=\"NewsFlash\" data-gtm-custom-categorie=\"navigation\" data-gtm-custom-action=\"crossclick\" data-gtm-custom-label=\"Contextuel\" data-gtm-event=\"customEventSPE\" data-fig-domain=\"LEFIGARO\" target=\"_blank\" rel=\"noopener\"><\/p>\n<p>        Anne Hidalgo apporte son soutien \u00e0 la DJ Barbara Butch, victime \u00e0 nouveau de cyberharc\u00e8lement<br \/>\n    <\/a>\n<\/p>\n<p class=\"fig-paragraph\">L&rsquo;avocate de Barbara Butch, Me Audrey Msellati, avait insist\u00e9 sur les cons\u00e9quences sur la sant\u00e9 de sa cliente, qui a fait des insomnies et des cauchemars pendant des mois, a pris 30 kilos et n&rsquo;osait plus sortir de chez elle.<\/p>\n<p class=\"fig-paragraph\">\u00c9tudiant, p\u00e8re de famille, aide soignant&#8230; Les pr\u00e9venus pr\u00e9sents avaient tous reconnu avoir envoy\u00e9 les messages, mais pas leur caract\u00e8re mena\u00e7ant ou harcelant. Plusieurs ont expliqu\u00e9 avoir \u00e9t\u00e9 heurt\u00e9s par la \u00abparodie de la religion\u00bb. Un seul d&rsquo;entre eux, qui n&rsquo;\u00e9tait pas pr\u00e9sent \u00e0 l&rsquo;audience, a \u00e9t\u00e9 condamn\u00e9 \u00e0 une peine d&#8217;emprisonnement ferme, en l&rsquo;\u00e9tat \u00abnon-am\u00e9nageable\u00bb, a pr\u00e9cis\u00e9 la pr\u00e9sidente du tribunal lors de la lecture de la d\u00e9cision, en soulignant des \u00abactes extr\u00eamement graves\u00bb. Il s&rsquo;agit de \u00abviolences num\u00e9riques massives qui s&rsquo;exercent plus volontiers qu&rsquo;elles sont d\u00e9mat\u00e9rialis\u00e9es\u00bb, a encore soulign\u00e9 la magistrate.<\/p>\n<p>                                    <a class=\"fig-a11y-skip a11y-hidden\" href=\"#fig-a11y-skip-main-inarticle_mtf\"><br \/>\n        Passer la publicit\u00e9<br \/>\n    <\/a><\/p>\n<p class=\"fig-paragraph\">D&rsquo;autres artistes impliqu\u00e9s dans la c\u00e9r\u00e9monie d&rsquo;ouverture des JO ont \u00e9t\u00e9 cyberharcel\u00e9s, dont Thomas Jolly. Sept personnes ont \u00e9t\u00e9 condamn\u00e9es en mai pour lui avoir envoy\u00e9 des messages haineux.<\/p>\n","protected":false},"excerpt":{"rendered":"Condamn\u00e9s pour avoir harcel\u00e9 en ligne la musicienne ouvertement lesbienne apr\u00e8s la c\u00e9r\u00e9monie d\u2019ouverture des Jeux olympiques de&hellip;\n","protected":false},"author":2,"featured_media":549740,"comment_status":"","ping_status":"","sticky":false,"template":"","format":"standard","meta":{"footnotes":""},"categories":[1359],"tags":[47,1350,1348,1345,650,251,58,59,1349,1346,1011,27,1351,873,973,252,1347,1352],"class_list":{"0":"post-549739","1":"post","2":"type-post","3":"status-publish","4":"format-standard","5":"has-post-thumbnail","7":"category-people","8":"tag-actualite","9":"tag-architecture","10":"tag-arts","11":"tag-cine","12":"tag-cinema","13":"tag-culture","14":"tag-divertissement","15":"tag-entertainment","16":"tag-expositions","17":"tag-films","18":"tag-fr","19":"tag-france","20":"tag-litterature","21":"tag-musique","22":"tag-people","23":"tag-television","24":"tag-theatre","25":"tag-urbanisme"},"share_on_mastodon":{"url":"https:\/\/pubeurope.com\/@fr\/115589382536071353","error":""},"_links":{"self":[{"href":"https:\/\/www.europesays.com\/fr\/wp-json\/wp\/v2\/posts\/549739","targetHints":{"allow":["GET"]}}],"collection":[{"href":"https:\/\/www.europesays.com\/fr\/wp-json\/wp\/v2\/posts"}],"about":[{"href":"https:\/\/www.europesays.com\/fr\/wp-json\/wp\/v2\/types\/post"}],"author":[{"embeddable":true,"href":"https:\/\/www.europesays.com\/fr\/wp-json\/wp\/v2\/users\/2"}],"replies":[{"embeddable":true,"href":"https:\/\/www.europesays.com\/fr\/wp-json\/wp\/v2\/comments?post=549739"}],"version-history":[{"count":0,"href":"https:\/\/www.europesays.com\/fr\/wp-json\/wp\/v2\/posts\/549739\/revisions"}],"wp:featuredmedia":[{"embeddable":true,"href":"https:\/\/www.europesays.com\/fr\/wp-json\/wp\/v2\/media\/549740"}],"wp:attachment":[{"href":"https:\/\/www.europesays.com\/fr\/wp-json\/wp\/v2\/media?parent=549739"}],"wp:term":[{"taxonomy":"category","embeddable":true,"href":"https:\/\/www.europesays.com\/fr\/wp-json\/wp\/v2\/categories?post=549739"},{"taxonomy":"post_tag","embeddable":true,"href":"https:\/\/www.europesays.com\/fr\/wp-json\/wp\/v2\/tags?post=549739"}],"curies":[{"name":"wp","href":"https:\/\/api.w.org\/{rel}","templated":true}]}}