{"id":549745,"date":"2025-11-21T19:43:21","date_gmt":"2025-11-21T19:43:21","guid":{"rendered":"https:\/\/www.europesays.com\/fr\/549745\/"},"modified":"2025-11-21T19:43:21","modified_gmt":"2025-11-21T19:43:21","slug":"les-nouveautes-films-et-series-a-voir-sur-netflix-du-21-au-27-novembre-2025","status":"publish","type":"post","link":"https:\/\/www.europesays.com\/fr\/549745\/","title":{"rendered":"Les nouveaut\u00e9s films et s\u00e9ries \u00e0 voir sur Netflix du 21 au 27 novembre 2025"},"content":{"rendered":"<p><strong>Netflix balance nombre de films et s\u00e9ries dans son catalogue chaque semaine, sans qu\u2019on les remarque ou que la plateforme ne l\u2019annonce officiellement. \u00c9cran Large revient sur les nouveaut\u00e9s ajout\u00e9es par\u00a0<a href=\"https:\/\/www.ecranlarge.com\/c\/streaming\/netflix\" rel=\"nofollow noopener\" target=\"_blank\">Netflix<\/a>\u00a0du 21 au 27 novembre 2025, films et s\u00e9ries confondus dans une liste non exhaustive.<\/strong><\/p>\n<p><strong>Quels sont les films et les s\u00e9ries \u00e0 ne pas manquer cette semaine sur la plateforme de streaming ?<\/strong><\/p>\n<p>Train dreams<\/p>\n<ul class=\"wp-block-list\">\n<li>D\u00e9j\u00e0 disponible<\/li>\n<li>Dur\u00e9e : 1h43<\/li>\n<\/ul>\n<p><strong>De quoi \u00e7a parle ?<\/strong> L\u2019histoire de Robert Grainier, b\u00fbcheron et ouvrier des chemins de fer dans l\u2019Am\u00e9rique en pleine mutation du d\u00e9but du XXe\u00a0si\u00e8cle. Quand sa vie prend une tournure inattendue, il d\u00e9couvre la beaut\u00e9, la brutalit\u00e9 ainsi qu\u2019un nouveau sens \u00e0 travers les for\u00eats et les arbres qu\u2019il a abattus.<\/p>\n<p><strong>Pourquoi il faut le voir ?<\/strong> S\u2019il fallait comparer <strong><a href=\"https:\/\/www.ecranlarge.com\/films\/train-dreams\" data-type=\"films\" data-id=\"1342824\" rel=\"nofollow noopener\" target=\"_blank\">Train Dreams<\/a><\/strong> \u00e0 quelque chose pour vous donner envie d\u2019y aller, on pourrait parler de<strong> The Brutalist<\/strong> <strong>et Terrence Malick.<\/strong> Non, \u00e7a ne veut pas dire que c\u2019est trop long et trop chichiteux, mais que c\u2019est <strong>d\u2019une beaut\u00e9 \u00e9poustouflante<\/strong>, avec des images extraordinaires qui donnent l\u2019impression de red\u00e9couvrir certaines couleurs, certains d\u00e9cors et certaines sensations.<\/p>\n<p>Adapt\u00e9 du livre de Denis Johnson et r\u00e9alis\u00e9 par Clint Bentley, <strong>Train Dreams<\/strong> <strong>a un autre atout : Joel Edgerton<\/strong>. Il est dans le paysage depuis des ann\u00e9es, avec des films comme <strong>Animal Kingdom<\/strong>, <strong>Warrior<\/strong>, <strong>Exodus <\/strong>ou encore<strong> Master Gardener<\/strong>, mais il avait rarement \u00e9t\u00e9 aussi impressionnant, au premier plan. \u00c9paul\u00e9 par les excellents Felicity Jones (comme dans <strong>The Brutalist<\/strong> tiens tiens), William H. Macy et Kerry Condon, l\u2019acteur porte sur ses \u00e9paules ce voyage \u00e9tonnant, qu\u2019on <strong>ajoute \u00e0 la longue liste de \u00ab\u00a0\u00e7a aurait \u00e9t\u00e9 mieux de le voir sur grand \u00e9cran, au cin\u00e9ma\u00a0\u00bb.<\/strong><\/p>\n<p>dix pour cent, l\u2019int\u00e9grale<\/p>\n<ul class=\"wp-block-list\">\n<li>Sur Netflix le 23 novembre<\/li>\n<li>Dur\u00e9e : 4 saisons de 6 \u00e9pisodes d\u2019environ 50 minutes<\/li>\n<\/ul>\n<p><a href=\"https:\/\/www.ecranlarge.com\/content\/uploads\/2018\/11\/dix-pour-cent-photo-fanny-sidney-camille-cottin-1042493.jpg\" rel=\"nofollow noopener\" target=\"_blank\"><img loading=\"lazy\" decoding=\"async\" alt=\"Dix Pour Cent : photo, Fanny Sidney, Camille Cottin\" class=\"wp-image-129395\" src=\"https:\/\/www.europesays.com\/fr\/wp-content\/uploads\/2025\/11\/dix-pour-cent-photo-fanny-sidney-camille-cottin-1042493-630x420.jpg\" width=\"630\" height=\"420\"  \/><\/a>Quand Alex fait une blague nulle dans une vid\u00e9o d\u2019Ecran Large<\/p>\n<p><strong>De quoi \u00e7a parle ?<\/strong>\u00a0Apr\u00e8s une crise inattendue, l\u2019une des meilleures agences parisiennes de promotion d\u2019artistes tente de pr\u00e9server la satisfaction de ses stars\u2026 et sa propre rentabilit\u00e9.<\/p>\n<p><strong>Pourquoi il faut le voir ?<\/strong>\u00a0Pas seulement parce que chaque saison est un v\u00e9ritable d\u00e9fil\u00e9 de cam\u00e9os, m\u00eame si les auto-parodies des com\u00e9diens fran\u00e7ais les plus en vue ont largement contribu\u00e9 au succ\u00e8s de la s\u00e9rie. Au del\u00e0 de son casting, <a href=\"https:\/\/www.ecranlarge.com\/series\/977590-dix-pour-cent\" data-type=\"series\" data-id=\"694309\" rel=\"nofollow noopener\" target=\"_blank\"><strong>Dix pour cent<\/strong><\/a> a eu le bon go\u00fbt de trouver<strong> un certain \u00e9quilibre entre satire grin\u00e7ante et description affectueuse de ce petit milieu<\/strong> de privil\u00e9gi\u00e9s et d\u2019artistes, avec lequel sont aux prises une troupe d\u2019agents haute en couleur et men\u00e9e avec brio par Camille Cottin.<\/p>\n<p><strong>C\u2019est aussi l\u2019occasion de r\u00e9viser avant la sortie du long-m\u00e9trage<\/strong>, qui devrait sortir \u00e9galement sur Netflix en 2026. Il faut dire que, depuis, la sitcom fran\u00e7aise a \u00e9t\u00e9 diffus\u00e9e et remak\u00e9e un peu partout, si bien qu\u2019aujourd\u2019hui, la plateforme a pu s\u2019offrir les services d\u2019un certain George Clooney.<\/p>\n<p>                    <img decoding=\"async\" alt=\"\" class=\"wp-image-518375\" style=\"object-fit:cover;width:25px;height:25px\" src=\"https:\/\/www.ecranlarge.com\/content\/uploads\/2023\/09\/arrow-right-circle.svg\"\/><\/p>\n<p>Stranger things saison 4 partie 1<\/p>\n<ul class=\"wp-block-list\">\n<li>Sur Netflix le 27 novembre \u00e0 2h du matin<\/li>\n<li>Dur\u00e9e : 4 \u00e9pisodes entre 54min et 1h23<\/li>\n<\/ul>\n<p><strong>De quoi \u00e7a parle<\/strong> <strong>?<\/strong> Automne\u00a01987. Hawkins porte encore les cicatrices b\u00e9antes laiss\u00e9es par l\u2019ouverture des failles. Nos h\u00e9ros n\u2019ont plus qu\u2019un seul objectif\u00a0: retrouver Vecna\u2026 et l\u2019an\u00e9antir.<\/p>\n<p><strong>Pourquoi il faut la voir ?<\/strong> Parce que ce serait franchement <strong>dommage de l\u00e2cher aussi pr\u00e8s de la ligne d\u2019arriv\u00e9e<\/strong>. La s\u00e9rie phare de Netflix, qui a r\u00e9v\u00e9l\u00e9 Millie Bobby Brown, boost\u00e9 la carri\u00e8re de David Harbour et redonn\u00e9 une popularit\u00e9 \u00e0 Winona Ryder, arrive \u00e0 son terme avec cette cinqui\u00e8me saison. Le d\u00e9nouement est donc proche et la situation est plus grave que jamais, ce qui promet pas mal d\u2019\u00e9motions pour le public attach\u00e9 aux personnages depuis 2016, mais aussi pas mal d\u2019action. <\/p>\n<p>Cette prochaine fourn\u00e9e de <strong><a href=\"https:\/\/www.ecranlarge.com\/series\/958099-strangers-things\" data-type=\"series\" data-id=\"694242\" rel=\"nofollow noopener\" target=\"_blank\">Stranger Things<\/a><\/strong> (cette fois scind\u00e9e en trois) a en effet \u00e9t\u00e9 pr\u00e9sent\u00e9e comme la plus spectaculaire et cin\u00e9matographique de toutes, avec en bonus <strong>l\u2019arriv\u00e9e au casting de Linda Hamilton<\/strong>, alias l\u2019iconique Sarah Connor dans la saga <strong>Terminator<\/strong>.<\/p>\n<p>                    <img decoding=\"async\" alt=\"\" class=\"wp-image-518375\" style=\"object-fit:cover;width:25px;height:25px\" src=\"https:\/\/www.ecranlarge.com\/content\/uploads\/2023\/09\/arrow-right-circle.svg\"\/><\/p>\n<p>Aviator<\/p>\n<ul class=\"wp-block-list\">\n<li>Sur Netflix le 27 novembre<\/li>\n<li>Dur\u00e9e : 2h45<\/li>\n<\/ul>\n<p><a href=\"https:\/\/www.ecranlarge.com\/content\/uploads\/2023\/09\/aviator-photo-1490252.jpg\" rel=\"nofollow noopener\" target=\"_blank\"><img loading=\"lazy\" decoding=\"async\" alt=\"Aviator : photo\" class=\"wp-image-789248\" src=\"https:\/\/www.europesays.com\/fr\/wp-content\/uploads\/2025\/11\/aviator-photo-1490252-630x354.jpg\" width=\"630\" height=\"354\"  \/><\/a>Leonardo DiCaprio et Cate Blanchett au tr\u00e8s haut-niveau <\/p>\n<p><strong>De quoi \u00e7a parle ?<\/strong> L\u2019histoire d\u2019Howard Hughes, un richissime homme d\u2019affaires excentrique et casse-cou, pionnier de l\u2019aviation civile et grand s\u00e9ducteur \u00e0 Hollywood.<\/p>\n<p><strong>Pourquoi il faut le voir ?<\/strong> Peut-\u00eatre parce que Leonardo DiCaprio a expliqu\u00e9 lui-m\u00eame que c\u2019\u00e9tait le film de sa carri\u00e8re qu\u2019il revoyait le plus souvent. Il faut dire que le biopic fastueux (les s\u00e9quences a\u00e9riennes sont dingues) de Howard Hughes est aussi un des meilleurs films de Martin Scorsese (\u00e9poque ann\u00e9es 2000). \u00c0 travers <strong>une mise en sc\u00e8ne d\u2019une ampleur impressionnante<\/strong>, le cin\u00e9aste dresse \u00e0 la fois un portrait fascinant de son protagoniste, autant magnat acari\u00e2tre, charmeur inv\u00e9t\u00e9r\u00e9 que g\u00e9nie tourment\u00e9, et une fresque historique monumentale.<\/p>\n<p>Et c\u2019est sans dire qu\u2019il peut \u00e9videmment s\u2019appuyer sur la partition de Leonardo DiCaprio, compl\u00e8tement poss\u00e9d\u00e9 par le personnage et sa folie, aussi cr\u00e9ative que destructrice. Pour ceux qui aiment la collaboration des deux hommes, <strong><a href=\"https:\/\/www.ecranlarge.com\/films\/838704-aviator\" data-type=\"films\" data-id=\"654133\" rel=\"nofollow noopener\" target=\"_blank\">Aviator<\/a> est incontestablement une de leur grande r\u00e9ussite et donc un immanquable.<\/strong><\/p>\n<p>                    <img decoding=\"async\" alt=\"\" class=\"wp-image-518375\" style=\"object-fit:cover;width:25px;height:25px\" src=\"https:\/\/www.ecranlarge.com\/content\/uploads\/2023\/09\/arrow-right-circle.svg\"\/><\/p>\n<p>MAIS AUSSI\u2026<\/p>\n<p><strong>Le dernier des juifs, I\u2019m Mita, Your Housekeeper, Three Idiots in Kenya, Disparitions : La course contre la montre saison 2, One Shot avec Ed Sheeran, La saga Jason Bourne, Vive le vol d\u2019hiver\u2026<\/strong><\/p>\n","protected":false},"excerpt":{"rendered":"Netflix balance nombre de films et s\u00e9ries dans son catalogue chaque semaine, sans qu\u2019on les remarque ou que&hellip;\n","protected":false},"author":2,"featured_media":549746,"comment_status":"","ping_status":"","sticky":false,"template":"","format":"standard","meta":{"footnotes":""},"categories":[1354],"tags":[58,59,1346,1011,27,1360],"class_list":{"0":"post-549745","1":"post","2":"type-post","3":"status-publish","4":"format-standard","5":"has-post-thumbnail","7":"category-films","8":"tag-divertissement","9":"tag-entertainment","10":"tag-films","11":"tag-fr","12":"tag-france","13":"tag-movies"},"share_on_mastodon":{"url":"https:\/\/pubeurope.com\/@fr\/115589404458557986","error":""},"_links":{"self":[{"href":"https:\/\/www.europesays.com\/fr\/wp-json\/wp\/v2\/posts\/549745","targetHints":{"allow":["GET"]}}],"collection":[{"href":"https:\/\/www.europesays.com\/fr\/wp-json\/wp\/v2\/posts"}],"about":[{"href":"https:\/\/www.europesays.com\/fr\/wp-json\/wp\/v2\/types\/post"}],"author":[{"embeddable":true,"href":"https:\/\/www.europesays.com\/fr\/wp-json\/wp\/v2\/users\/2"}],"replies":[{"embeddable":true,"href":"https:\/\/www.europesays.com\/fr\/wp-json\/wp\/v2\/comments?post=549745"}],"version-history":[{"count":0,"href":"https:\/\/www.europesays.com\/fr\/wp-json\/wp\/v2\/posts\/549745\/revisions"}],"wp:featuredmedia":[{"embeddable":true,"href":"https:\/\/www.europesays.com\/fr\/wp-json\/wp\/v2\/media\/549746"}],"wp:attachment":[{"href":"https:\/\/www.europesays.com\/fr\/wp-json\/wp\/v2\/media?parent=549745"}],"wp:term":[{"taxonomy":"category","embeddable":true,"href":"https:\/\/www.europesays.com\/fr\/wp-json\/wp\/v2\/categories?post=549745"},{"taxonomy":"post_tag","embeddable":true,"href":"https:\/\/www.europesays.com\/fr\/wp-json\/wp\/v2\/tags?post=549745"}],"curies":[{"name":"wp","href":"https:\/\/api.w.org\/{rel}","templated":true}]}}